{"id":2811,"date":"2022-11-02T16:30:24","date_gmt":"2022-11-02T16:30:24","guid":{"rendered":"https:\/\/diariodigitalnea.com\/?p=2811"},"modified":"2022-11-03T22:45:11","modified_gmt":"2022-11-03T22:45:11","slug":"el-drastico-cambio-de-look-de-miriam-lanzoni-para-una-pelicula-llevo-aumentado-nueve-kilos","status":"publish","type":"post","link":"https:\/\/diariodigitalnea.com\/index.php\/2022\/11\/02\/el-drastico-cambio-de-look-de-miriam-lanzoni-para-una-pelicula-llevo-aumentado-nueve-kilos\/","title":{"rendered":"El dr\u00e1stico cambio de look de Miriam Lanzoni para una pel\u00edcula: \u201cLlevo aumentado nueve kilos\u201d"},"content":{"rendered":"\n<p>La actriz cont\u00f3 en una entrevista que har\u00e1 de su propia madre en una pel\u00edcula que contar\u00e1 su vida. Luego, en su cuenta de Instagram mostr\u00f3 una foto de c\u00f3mo se prepara para el personaje.<\/p>\n\n\n\n<p>Miriam Lanzoni mostr\u00f3 su dr\u00e1stico cambio de look por primera vez. La actriz abandon\u00f3 su larga cabellera, aument\u00f3 de peso y cont\u00f3 los motivos de su decisi\u00f3n, sumado a las reacciones de quienes la conocen.<\/p>\n\n\n\n<figure class=\"wp-block-image size-large\"><img fetchpriority=\"high\" decoding=\"async\" width=\"1024\" height=\"626\" src=\"http:\/\/diariodigitalnea.com\/wp-content\/uploads\/2022\/11\/miriam8-1024x626.jpg\" alt=\"\" class=\"wp-image-2814\" srcset=\"https:\/\/diariodigitalnea.com\/wp-content\/uploads\/2022\/11\/miriam8-1024x626.jpg 1024w, https:\/\/diariodigitalnea.com\/wp-content\/uploads\/2022\/11\/miriam8-300x183.jpg 300w, https:\/\/diariodigitalnea.com\/wp-content\/uploads\/2022\/11\/miriam8-768x469.jpg 768w, https:\/\/diariodigitalnea.com\/wp-content\/uploads\/2022\/11\/miriam8.jpg 1080w\" sizes=\"(max-width: 1024px) 100vw, 1024px\" \/><\/figure>\n\n\n\n<p>\u201cAyer una vecina me hizo una torta helada y me vio por la c\u00e1mara cuando estaba en la puerta y no me dejaba entrar porque no se daba cuenta que era yo, pens\u00f3 que era un chico. Es la primera vez que me lo corto as\u00ed, y me lo van a hacer m\u00e1s corto\u201d, confes\u00f3 la actriz en una charla con Mitre Live.<\/p>\n\n\n\n<p>La actriz decidi\u00f3 cortarse el pelo por un motivo especial: \u201cMe lo hice para una pel\u00edcula que voy a hacer que retrata la vida de mi mam\u00e1. \u2018Para saldar la deuda\u2019, se llama. Tengo que prestarle el cuerpo y las emociones, llevo aumentado nueve kilos\u201d.<\/p>\n\n\n\n<figure class=\"wp-block-image size-full\"><img decoding=\"async\" width=\"768\" height=\"1024\" src=\"http:\/\/diariodigitalnea.com\/wp-content\/uploads\/2022\/11\/miriam.jpg\" alt=\"\" class=\"wp-image-2812\" srcset=\"https:\/\/diariodigitalnea.com\/wp-content\/uploads\/2022\/11\/miriam.jpg 768w, https:\/\/diariodigitalnea.com\/wp-content\/uploads\/2022\/11\/miriam-225x300.jpg 225w\" sizes=\"(max-width: 768px) 100vw, 768px\" \/><\/figure>\n\n\n\n<p>\u201cMe pareci\u00f3 un desaf\u00edo s\u00faper interesante. Vamos a empezar a rodar la pel\u00edcula en noviembre. Esto lleva un trabajo de cinco a\u00f1os, cuando empec\u00e9 a escribir esta historia. Mi madre sufri\u00f3 violencia de g\u00e9nero. Nunca cont\u00e9 esto, a m\u00ed nunca me naci\u00f3 contarlo y me costaba, estas cosas hay que decirlas porque es lo \u00fanico que va a traer sanaci\u00f3n\u201d, agreg\u00f3 Miriam sobre su decisi\u00f3n.<\/p>\n\n\n\n<p>Al respecto, agreg\u00f3: \u201cMi manera es a trav\u00e9s de una pel\u00edcula. Estas cosas hay que hablarlas porque siguen pasando. Es una manera de homenajear no s\u00f3lo a mi madre sino a las madres en general, yo lo pas\u00e9 en carne propia\u201d.<\/p>\n\n\n\n<p>Sobre los detalles del film, revel\u00f3: \u201cLa pel\u00edcula la vamos a filmar en Chaco, la historia real transcurri\u00f3 all\u00e1 y es un prop\u00f3sito m\u00edo hacerlo en mi provincia, hay un mont\u00f3n de cosas de esa provincia que la gente no conoce\u201d.<\/p>\n\n\n\n<p>\u201cEl tema del peso fue una propuesta de lo que necesitaba el personaje, me cost\u00f3 mucho subir, y el pelo mi novio se shocke\u00f3, qued\u00f3 shockeado, hay un cambio y un trabajo muy profundo, hay una cosa de actitud, \u00e9l por momentos no lo entiende, \u00e9l est\u00e1 en otro palo\u201d, concluy\u00f3 la actriz en di\u00e1logo con Juan Etchegoyen.<\/p>\n\n\n\n<p>Tras la charla con el periodista, Miriam Lanzoni public\u00f3 la imagen de su actual aspecto f\u00edsico con un cigarrillo en la mano en su cuenta de Instagram y escribi\u00f3: \u201cSaltar al vac\u00edo. Apostando todo, hasta la \u00faltima gota de suspiro\u2026. Asi siempre\u201d. Su posteo alcanz\u00f3 innumerables \u201cme gusta\u201d de algunas colegas y seguidores fan\u00e1ticos de la actriz.<\/p>\n\n\n\n<p>\u201cCapa\u201d, \u201cTe amo\u201d, \u201cTe admiro y me siento orgullosa por vos\u201d, \u201cTe amo. Sos todo, aprendo de vos tanto&#8230;\u201d, fueron algunos de los mensajes, m\u00e1s que elogiosos, que le dedicaron Mery Del Cerro, Cinthia Fern\u00e1ndez y Silvina Escudero, entre otras.<\/p>\n\n\n\n<figure class=\"wp-block-image size-full\"><img decoding=\"async\" width=\"1024\" height=\"375\" src=\"http:\/\/diariodigitalnea.com\/wp-content\/uploads\/2022\/10\/CONSTRUCAL-CON-FABRICA.jpg\" alt=\"\" class=\"wp-image-2241\" srcset=\"https:\/\/diariodigitalnea.com\/wp-content\/uploads\/2022\/10\/CONSTRUCAL-CON-FABRICA.jpg 1024w, https:\/\/diariodigitalnea.com\/wp-content\/uploads\/2022\/10\/CONSTRUCAL-CON-FABRICA-300x110.jpg 300w, https:\/\/diariodigitalnea.com\/wp-content\/uploads\/2022\/10\/CONSTRUCAL-CON-FABRICA-768x281.jpg 768w\" sizes=\"(max-width: 1024px) 100vw, 1024px\" \/><figcaption>Publicidad: ContruCal Cales hidratas y vivas para uso vial y construcci\u00f3n TEL: 3624602737<\/figcaption><\/figure>\n","protected":false},"excerpt":{"rendered":"<p>La actriz cont\u00f3 en una entrevista que har\u00e1 de su propia madre en una pel\u00edcula que contar\u00e1 su vida. Luego, en su cuenta de Instagram mostr\u00f3 una foto de c\u00f3mo se prepara para el personaje. Miriam Lanzoni mostr\u00f3 su dr\u00e1stico cambio de look por primera vez. La actriz abandon\u00f3 su larga cabellera, aument\u00f3 de peso [&hellip;]<\/p>\n","protected":false},"author":3,"featured_media":2815,"comment_status":"closed","ping_status":"closed","sticky":false,"template":"","format":"standard","meta":{"om_disable_all_campaigns":false,"_monsterinsights_skip_tracking":false,"_monsterinsights_sitenote_active":false,"_monsterinsights_sitenote_note":"","_monsterinsights_sitenote_category":0,"footnotes":""},"categories":[7],"tags":[458,994,992,993],"class_list":["post-2811","post","type-post","status-publish","format-standard","has-post-thumbnail","hentry","category-espectaculos","tag-actriz","tag-cambio-de-look","tag-miriam-lanzoni","tag-pelicula"],"aioseo_notices":[],"amp_enabled":true,"_links":{"self":[{"href":"https:\/\/diariodigitalnea.com\/index.php\/wp-json\/wp\/v2\/posts\/2811","targetHints":{"allow":["GET"]}}],"collection":[{"href":"https:\/\/diariodigitalnea.com\/index.php\/wp-json\/wp\/v2\/posts"}],"about":[{"href":"https:\/\/diariodigitalnea.com\/index.php\/wp-json\/wp\/v2\/types\/post"}],"author":[{"embeddable":true,"href":"https:\/\/diariodigitalnea.com\/index.php\/wp-json\/wp\/v2\/users\/3"}],"replies":[{"embeddable":true,"href":"https:\/\/diariodigitalnea.com\/index.php\/wp-json\/wp\/v2\/comments?post=2811"}],"version-history":[{"count":2,"href":"https:\/\/diariodigitalnea.com\/index.php\/wp-json\/wp\/v2\/posts\/2811\/revisions"}],"predecessor-version":[{"id":2829,"href":"https:\/\/diariodigitalnea.com\/index.php\/wp-json\/wp\/v2\/posts\/2811\/revisions\/2829"}],"wp:featuredmedia":[{"embeddable":true,"href":"https:\/\/diariodigitalnea.com\/index.php\/wp-json\/wp\/v2\/media\/2815"}],"wp:attachment":[{"href":"https:\/\/diariodigitalnea.com\/index.php\/wp-json\/wp\/v2\/media?parent=2811"}],"wp:term":[{"taxonomy":"category","embeddable":true,"href":"https:\/\/diariodigitalnea.com\/index.php\/wp-json\/wp\/v2\/categories?post=2811"},{"taxonomy":"post_tag","embeddable":true,"href":"https:\/\/diariodigitalnea.com\/index.php\/wp-json\/wp\/v2\/tags?post=2811"}],"curies":[{"name":"wp","href":"https:\/\/api.w.org\/{rel}","templated":true}]}}