{"id":2738,"date":"2022-10-31T01:00:50","date_gmt":"2022-10-31T01:00:50","guid":{"rendered":"https:\/\/diariodigitalnea.com\/?p=2738"},"modified":"2022-10-31T01:01:11","modified_gmt":"2022-10-31T01:01:11","slug":"ana-rosenfeld-revelo-detalles-de-la-firma-del-divorcio-de-wanda-nara-y-mauro-icardi","status":"publish","type":"post","link":"https:\/\/diariodigitalnea.com\/index.php\/2022\/10\/31\/ana-rosenfeld-revelo-detalles-de-la-firma-del-divorcio-de-wanda-nara-y-mauro-icardi\/","title":{"rendered":"Ana Rosenfeld revel\u00f3 detalles de la firma del divorcio de Wanda Nara y Mauro Icardi"},"content":{"rendered":"\n<p>La abogada de la empresaria estuvo en el programa de Mirtha Legrand y se refiri\u00f3 a la situaci\u00f3n legal del futbolista<\/p>\n\n\n\n<p>Desde que Wanda Nara comunic\u00f3 v\u00eda Instagram su separaci\u00f3n de Mauro Icardi, se tejieron unas cuantas hip\u00f3tesis alrededor. Desde la veracidad legal del comunicado virtual a la conducta extra\u00f1a del futbolista que neg\u00f3 en reiteradas oportunidades la ruptura. Y si alguien pod\u00eda echar luz sobre esta situaci\u00f3n es Ana Rosenfeld, abogada y amiga de la empresaria, que este s\u00e1bado fue una de las invitadas al programa de Mirtha Legrand.<\/p>\n\n\n\n<p>\u201c\u00bfEst\u00e1n separados?\u201d, le pegunt\u00f3 de repente la conductora de La noche de Mirtha (El Trece) y todos sab\u00edan de qui\u00e9nes estaban hablando. \u201cFirmaron lo que se llama la separaci\u00f3n. Wanda quer\u00eda que quede claro, porque hay un poco de resistencia de parte de Mauro Icardi. \u00c9l no se quiere separar\u201d, sentenci\u00f3 la abogada, aunque aclar\u00f3: \u201cHoy por hoy es unilateral, la gente puede separarse cuando no hay m\u00e1s amor ni m\u00e1s ganas de seguir juntos\u201d.<\/p>\n\n\n\n<figure class=\"wp-block-image size-large\"><img fetchpriority=\"high\" decoding=\"async\" width=\"1024\" height=\"576\" src=\"http:\/\/diariodigitalnea.com\/wp-content\/uploads\/2022\/10\/ana-1024x576.jpg\" alt=\"\" class=\"wp-image-2739\" srcset=\"https:\/\/diariodigitalnea.com\/wp-content\/uploads\/2022\/10\/ana-1024x576.jpg 1024w, https:\/\/diariodigitalnea.com\/wp-content\/uploads\/2022\/10\/ana-300x169.jpg 300w, https:\/\/diariodigitalnea.com\/wp-content\/uploads\/2022\/10\/ana-768x432.jpg 768w, https:\/\/diariodigitalnea.com\/wp-content\/uploads\/2022\/10\/ana.jpg 1200w\" sizes=\"(max-width: 1024px) 100vw, 1024px\" \/><\/figure>\n\n\n\n<p>Consultada por Flor de la V, tambi\u00e9n invitada al programa, si \u00e9l le hab\u00eda cedido los bienes, se\u00f1al\u00f3: \u201cLo que trascendi\u00f3 es la realidad, firmaron lo que se llama la separaci\u00f3n de bienes, que cada uno administraba su patrimonio y en funci\u00f3n de eso cada uno ten\u00eda la libertad de seguir generando\u201d, explic\u00f3, y neg\u00f3 que se haya desvinculado de la representaci\u00f3n del futbolista. \u201cEs falso, ella incluso est\u00e1 cobrando honorarios por representarlo cuando estaba en el Inter\u201d, afirm\u00f3.<\/p>\n\n\n\n<p>A continuaci\u00f3n, Mirtha volvi\u00f3 a la carga con la otra pregunta que todos esperaban. \u201c\u00bfSale con L-Gante?\u201d, indag\u00f3 la conductora, y record\u00f3 la frase que hab\u00eda dicho el artista semanas atr\u00e1s sentado a la misma mesa. \u201cNos estamos conociendo\u201d.<\/p>\n\n\n\n<p>\u201cEs cierto, se est\u00e1n conociendo, se llevan muy buen, trabajan juntos, se hablan todos los d\u00edas por cuestiones profesionales, laborales, amistosas\u2026 \u00bfpero de ah\u00ed a pareja?\u201d, se pregunt\u00f3 la abogada a modo de respuesta. Y reconoci\u00f3 estar en comunicaci\u00f3n permanente con Estambul para estar al tanto de todas las situaciones.<\/p>\n\n\n\n<figure class=\"wp-block-image size-full\"><img decoding=\"async\" width=\"654\" height=\"582\" src=\"http:\/\/diariodigitalnea.com\/wp-content\/uploads\/2022\/10\/wanda-2.jpg\" alt=\"\" class=\"wp-image-2740\" srcset=\"https:\/\/diariodigitalnea.com\/wp-content\/uploads\/2022\/10\/wanda-2.jpg 654w, https:\/\/diariodigitalnea.com\/wp-content\/uploads\/2022\/10\/wanda-2-300x267.jpg 300w\" sizes=\"(max-width: 654px) 100vw, 654px\" \/><\/figure>\n\n\n\n<p>\u201cTengo mi pasaje listo para viajar, pero todav\u00eda tengo la ilusi\u00f3n de que se resuelva pac\u00edficamente\u201d, aventur\u00f3 Rosenfeld, y confirm\u00f3 c\u00f3mo ser\u00e1n los pasos de la empresaria y el futbolista durante la separaci\u00f3n. En estos momentos Wanda se encuentra en Londres, donde viaj\u00f3 con sus cinco hijos. Los tres varones se quedar\u00e1n unos d\u00edas con su padre Maxi L\u00f3pez, y ella regresar\u00e1 con las nenas y se instalar\u00e1 en otro departamento del mismo edificio en el que vive Icardi.<\/p>\n\n\n\n<p>Adem\u00e1s, la abogada se refiri\u00f3 a la visita rel\u00e1mpago del futbolista a Buenos Aires, sobre la que hay versiones encontradas. Wanda dijo que se vieron durante una tarde, mientras que Mauro asegur\u00f3 que pasaron la noche juntos. Seg\u00fan Rosenfeld, estuvo con ellos un s\u00e1bado en el Chateau, la residencia porte\u00f1a de Nara, como testigo del momento de la firma de la separaci\u00f3n para mandarle al abogado italiano que va a intervenir como profesional. \u201cFirm\u00f3 adelante m\u00edo, y estoy autorizado a contarlo.<\/p>\n\n\n\n<p>\u201c\u00bfTe sorprendi\u00f3 el vivo que hizo \u00e9l?\u201d, pregunt\u00f3 Florencia, y Ana respondi\u00f3 de forma positiva. \u201cMe sorprendi\u00f3 porque Mauro no es medi\u00e1tico, siempre se mantuvo alejado de los medios y preserv\u00f3 su vida privada\u201d, analiz\u00f3. Y dej\u00f3 un mensaje positivo para el delantero del Galatasaray: \u201cA Mauro lo quiero, es un excelente padre, fue muy bueno cuando se separ\u00f3 de Maxi L\u00f3pez y tuvo un rol muy importante\u201d.<\/p>\n","protected":false},"excerpt":{"rendered":"<p>La abogada de la empresaria estuvo en el programa de Mirtha Legrand y se refiri\u00f3 a la situaci\u00f3n legal del futbolista Desde que Wanda Nara comunic\u00f3 v\u00eda Instagram su separaci\u00f3n de Mauro Icardi, se tejieron unas cuantas hip\u00f3tesis alrededor. Desde la veracidad legal del comunicado virtual a la conducta extra\u00f1a del futbolista que neg\u00f3 en [&hellip;]<\/p>\n","protected":false},"author":3,"featured_media":2741,"comment_status":"closed","ping_status":"closed","sticky":false,"template":"","format":"standard","meta":{"om_disable_all_campaigns":false,"_monsterinsights_skip_tracking":false,"_monsterinsights_sitenote_active":false,"_monsterinsights_sitenote_note":"","_monsterinsights_sitenote_category":0,"footnotes":""},"categories":[7],"tags":[964,966,965,967,487],"class_list":["post-2738","post","type-post","status-publish","format-standard","has-post-thumbnail","hentry","category-espectaculos","tag-ana-rosenfeld","tag-divorcio","tag-mauro-icardi","tag-separacion-de-bienes","tag-wanda-nara"],"aioseo_notices":[],"amp_enabled":true,"_links":{"self":[{"href":"https:\/\/diariodigitalnea.com\/index.php\/wp-json\/wp\/v2\/posts\/2738","targetHints":{"allow":["GET"]}}],"collection":[{"href":"https:\/\/diariodigitalnea.com\/index.php\/wp-json\/wp\/v2\/posts"}],"about":[{"href":"https:\/\/diariodigitalnea.com\/index.php\/wp-json\/wp\/v2\/types\/post"}],"author":[{"embeddable":true,"href":"https:\/\/diariodigitalnea.com\/index.php\/wp-json\/wp\/v2\/users\/3"}],"replies":[{"embeddable":true,"href":"https:\/\/diariodigitalnea.com\/index.php\/wp-json\/wp\/v2\/comments?post=2738"}],"version-history":[{"count":1,"href":"https:\/\/diariodigitalnea.com\/index.php\/wp-json\/wp\/v2\/posts\/2738\/revisions"}],"predecessor-version":[{"id":2742,"href":"https:\/\/diariodigitalnea.com\/index.php\/wp-json\/wp\/v2\/posts\/2738\/revisions\/2742"}],"wp:featuredmedia":[{"embeddable":true,"href":"https:\/\/diariodigitalnea.com\/index.php\/wp-json\/wp\/v2\/media\/2741"}],"wp:attachment":[{"href":"https:\/\/diariodigitalnea.com\/index.php\/wp-json\/wp\/v2\/media?parent=2738"}],"wp:term":[{"taxonomy":"category","embeddable":true,"href":"https:\/\/diariodigitalnea.com\/index.php\/wp-json\/wp\/v2\/categories?post=2738"},{"taxonomy":"post_tag","embeddable":true,"href":"https:\/\/diariodigitalnea.com\/index.php\/wp-json\/wp\/v2\/tags?post=2738"}],"curies":[{"name":"wp","href":"https:\/\/api.w.org\/{rel}","templated":true}]}}