{"id":2731,"date":"2022-10-31T00:14:23","date_gmt":"2022-10-31T00:14:23","guid":{"rendered":"https:\/\/diariodigitalnea.com\/?p=2731"},"modified":"2022-10-31T00:15:53","modified_gmt":"2022-10-31T00:15:53","slug":"accidente-fatal-en-la-tigra-perdio-la-vida-un-hombre-de-35-anos","status":"publish","type":"post","link":"https:\/\/diariodigitalnea.com\/index.php\/2022\/10\/31\/accidente-fatal-en-la-tigra-perdio-la-vida-un-hombre-de-35-anos\/","title":{"rendered":"Accidente fatal en La Tigra: perdi\u00f3 la vida tras volcar con su autom\u00f3vil"},"content":{"rendered":"\n<p>Anoche, el conductor de autom\u00f3vil Chevrolet Corsa volc\u00f3 y por el impacto, falleci\u00f3 en el acto, en el Lote 15, Camino Lugo, de la localidad.<\/p>\n\n\n\n<p>Pasadas las 20 del s\u00e1bado, se produjo un grave accidente de tr\u00e1nsito en el Lote 15, Camino Lugo, de La Tigra, donde volc\u00f3 un autom\u00f3vil Chevrolet Corsa. En el lugar, se present\u00f3 personal policial que encontr\u00f3 al veh\u00edculo con las cuatro ruedas hacia arriba y, un hombre en su interior sin signos vitales.<\/p>\n\n\n\n<p>Personal de salud certific\u00f3 el deceso de Sebasti\u00e1n Reyes, el conductor del autom\u00f3vil que, por motivos que a\u00fan no se esclarecieron perdi\u00f3 el control de su veh\u00edculo y termin\u00f3 volcando.<\/p>\n\n\n\n<p>Asimismo, el gabinete cient\u00edfico del poder judicial realiz\u00f3 las pericias en el lugar para determinar cu\u00e1les fueron las causales del siniestro. Mientras que por orden de la justicia, el cuerpo fue trasladado a la morgue judicial de S\u00e1enz Pe\u00f1a en m\u00f3vil tanatol\u00f3gico.<\/p>\n\n\n\n<figure class=\"wp-block-image size-full\"><img fetchpriority=\"high\" decoding=\"async\" width=\"1024\" height=\"375\" src=\"http:\/\/diariodigitalnea.com\/wp-content\/uploads\/2022\/10\/CONSTRUCAL-CON-FABRICA.jpg\" alt=\"\" class=\"wp-image-2241\" srcset=\"https:\/\/diariodigitalnea.com\/wp-content\/uploads\/2022\/10\/CONSTRUCAL-CON-FABRICA.jpg 1024w, https:\/\/diariodigitalnea.com\/wp-content\/uploads\/2022\/10\/CONSTRUCAL-CON-FABRICA-300x110.jpg 300w, https:\/\/diariodigitalnea.com\/wp-content\/uploads\/2022\/10\/CONSTRUCAL-CON-FABRICA-768x281.jpg 768w\" sizes=\"(max-width: 1024px) 100vw, 1024px\" \/><figcaption>Publicidad: ContruCal Cales hidratas y vivas para uso vial y construcci\u00f3n TEL: 3624602737<\/figcaption><\/figure>\n","protected":false},"excerpt":{"rendered":"<p>Anoche, el conductor de autom\u00f3vil Chevrolet Corsa volc\u00f3 y por el impacto, falleci\u00f3 en el acto, en el Lote 15, Camino Lugo, de la localidad. Pasadas las 20 del s\u00e1bado, se produjo un grave accidente de tr\u00e1nsito en el Lote 15, Camino Lugo, de La Tigra, donde volc\u00f3 un autom\u00f3vil Chevrolet Corsa. En el lugar, [&hellip;]<\/p>\n","protected":false},"author":3,"featured_media":2732,"comment_status":"closed","ping_status":"closed","sticky":false,"template":"","format":"standard","meta":{"om_disable_all_campaigns":false,"_monsterinsights_skip_tracking":false,"_monsterinsights_sitenote_active":false,"_monsterinsights_sitenote_note":"","_monsterinsights_sitenote_category":0,"footnotes":""},"categories":[52],"tags":[961,523,869],"class_list":["post-2731","post","type-post","status-publish","format-standard","has-post-thumbnail","hentry","category-policiales","tag-accidente-fatal","tag-la-tigra","tag-vuelco"],"aioseo_notices":[],"amp_enabled":true,"_links":{"self":[{"href":"https:\/\/diariodigitalnea.com\/index.php\/wp-json\/wp\/v2\/posts\/2731","targetHints":{"allow":["GET"]}}],"collection":[{"href":"https:\/\/diariodigitalnea.com\/index.php\/wp-json\/wp\/v2\/posts"}],"about":[{"href":"https:\/\/diariodigitalnea.com\/index.php\/wp-json\/wp\/v2\/types\/post"}],"author":[{"embeddable":true,"href":"https:\/\/diariodigitalnea.com\/index.php\/wp-json\/wp\/v2\/users\/3"}],"replies":[{"embeddable":true,"href":"https:\/\/diariodigitalnea.com\/index.php\/wp-json\/wp\/v2\/comments?post=2731"}],"version-history":[{"count":2,"href":"https:\/\/diariodigitalnea.com\/index.php\/wp-json\/wp\/v2\/posts\/2731\/revisions"}],"predecessor-version":[{"id":2734,"href":"https:\/\/diariodigitalnea.com\/index.php\/wp-json\/wp\/v2\/posts\/2731\/revisions\/2734"}],"wp:featuredmedia":[{"embeddable":true,"href":"https:\/\/diariodigitalnea.com\/index.php\/wp-json\/wp\/v2\/media\/2732"}],"wp:attachment":[{"href":"https:\/\/diariodigitalnea.com\/index.php\/wp-json\/wp\/v2\/media?parent=2731"}],"wp:term":[{"taxonomy":"category","embeddable":true,"href":"https:\/\/diariodigitalnea.com\/index.php\/wp-json\/wp\/v2\/categories?post=2731"},{"taxonomy":"post_tag","embeddable":true,"href":"https:\/\/diariodigitalnea.com\/index.php\/wp-json\/wp\/v2\/tags?post=2731"}],"curies":[{"name":"wp","href":"https:\/\/api.w.org\/{rel}","templated":true}]}}