{"id":2708,"date":"2022-10-30T01:59:01","date_gmt":"2022-10-30T01:59:01","guid":{"rendered":"https:\/\/diariodigitalnea.com\/?p=2708"},"modified":"2022-10-30T01:59:52","modified_gmt":"2022-10-30T01:59:52","slug":"chaco-accedera-a-una-tarifa-electrica-diferencial","status":"publish","type":"post","link":"https:\/\/diariodigitalnea.com\/index.php\/2022\/10\/30\/chaco-accedera-a-una-tarifa-electrica-diferencial\/","title":{"rendered":"Chaco acceder\u00e1 a una tarifa el\u00e9ctrica diferencial"},"content":{"rendered":"\n<p>La Secretar\u00eda de Energ\u00eda de la Naci\u00f3n anunci\u00f3 que subsidiar\u00e1 hasta un l\u00edmite de 650 kw\/mes\/hora, para los consumos de las diez provincias del Norte Grande.<\/p>\n\n\n\n<p>Chaco ser\u00e1 una de las provincias del Norte Grande que acceder\u00e1 a la tarifa energ\u00e9tica diferencial. A trav\u00e9s de la Resoluci\u00f3n 719\/2022, la Secretar\u00eda de Energ\u00eda de la Naci\u00f3n confirm\u00f3 que subsidiar\u00e1 hasta un l\u00edmite de 650 kw\/mes\/hora para los consumos residenciales que van desde noviembre de 2022 hasta febrero de 2023.<\/p>\n\n\n\n<p>El gobernador Jorge Capitanich celebr\u00f3 la decisi\u00f3n del Gobierno nacional, fruto de la conformaci\u00f3n del Consejo del Norte Grande, que en diciembre cumplir\u00e1 dos a\u00f1os. \u201cAcceder a una tarifa energ\u00e9tica diferencial constituye una reparaci\u00f3n hist\u00f3rica para la regi\u00f3n. Estamos corrigiendo las asimetr\u00edas y esto es producto de la organizaci\u00f3n, la perseverancia y el trabajo mancomunado de los gobiernos provinciales\u201d, asegur\u00f3 el mandatario chaque\u00f1o.<\/p>\n\n\n\n<p>El martes 18 de octubre fue la \u00faltima reuni\u00f3n que los mandatarios tuvieron con el ministro de Econom\u00eda de la Naci\u00f3n, Sergio Massa, y con el equipo de la Secretar\u00eda de Energ\u00eda. Ese d\u00eda avanzaron en el dise\u00f1o del esquema de segmentaci\u00f3n con proyecci\u00f3n diferencial por altas temperaturas que hab\u00edan acordado solicitar en la 14\u00b0 asamblea del Consejo.<\/p>\n\n\n\n<figure class=\"wp-block-image size-full\"><img fetchpriority=\"high\" decoding=\"async\" width=\"1024\" height=\"375\" src=\"http:\/\/diariodigitalnea.com\/wp-content\/uploads\/2022\/10\/CONSTRUCAL-CON-FABRICA.jpg\" alt=\"\" class=\"wp-image-2241\" srcset=\"https:\/\/diariodigitalnea.com\/wp-content\/uploads\/2022\/10\/CONSTRUCAL-CON-FABRICA.jpg 1024w, https:\/\/diariodigitalnea.com\/wp-content\/uploads\/2022\/10\/CONSTRUCAL-CON-FABRICA-300x110.jpg 300w, https:\/\/diariodigitalnea.com\/wp-content\/uploads\/2022\/10\/CONSTRUCAL-CON-FABRICA-768x281.jpg 768w\" sizes=\"(max-width: 1024px) 100vw, 1024px\" \/><figcaption>Publicidad: ContruCal Cales hidratas y vivas para uso vial y construcci\u00f3n TEL: 3624602737<\/figcaption><\/figure>\n\n\n\n<p>Finalmente, la Resoluci\u00f3n 719 confirma la ampliaci\u00f3n del subsidio de consumo energ\u00e9tico de 550 kw\/mes\/hora a 650 kw\/mes\/hora para Chaco, Misiones, Corrientes, Formosa, Catamarca, Santiago del Estero, Tucum\u00e1n, Salta, Jujuy, La Rioja y San Juan.<\/p>\n\n\n\n<p>\u201cEsto constituye un logro mediante el trabajo conjunto de nuestras provincias sin bander\u00edas pol\u00edticas por el bien com\u00fan\u201d, sostuvo Capitanich.<\/p>\n","protected":false},"excerpt":{"rendered":"<p>La Secretar\u00eda de Energ\u00eda de la Naci\u00f3n anunci\u00f3 que subsidiar\u00e1 hasta un l\u00edmite de 650 kw\/mes\/hora, para los consumos de las diez provincias del Norte Grande. Chaco ser\u00e1 una de las provincias del Norte Grande que acceder\u00e1 a la tarifa energ\u00e9tica diferencial. A trav\u00e9s de la Resoluci\u00f3n 719\/2022, la Secretar\u00eda de Energ\u00eda de la Naci\u00f3n [&hellip;]<\/p>\n","protected":false},"author":3,"featured_media":2710,"comment_status":"closed","ping_status":"closed","sticky":false,"template":"","format":"standard","meta":{"om_disable_all_campaigns":false,"_monsterinsights_skip_tracking":false,"_monsterinsights_sitenote_active":false,"_monsterinsights_sitenote_note":"","_monsterinsights_sitenote_category":0,"footnotes":""},"categories":[33],"tags":[74,951,290,952],"class_list":["post-2708","post","type-post","status-publish","format-standard","has-post-thumbnail","hentry","category-chaco","tag-chaco","tag-energia-electrica","tag-jorge-capitanich","tag-tarifa-diferencial"],"aioseo_notices":[],"amp_enabled":true,"_links":{"self":[{"href":"https:\/\/diariodigitalnea.com\/index.php\/wp-json\/wp\/v2\/posts\/2708","targetHints":{"allow":["GET"]}}],"collection":[{"href":"https:\/\/diariodigitalnea.com\/index.php\/wp-json\/wp\/v2\/posts"}],"about":[{"href":"https:\/\/diariodigitalnea.com\/index.php\/wp-json\/wp\/v2\/types\/post"}],"author":[{"embeddable":true,"href":"https:\/\/diariodigitalnea.com\/index.php\/wp-json\/wp\/v2\/users\/3"}],"replies":[{"embeddable":true,"href":"https:\/\/diariodigitalnea.com\/index.php\/wp-json\/wp\/v2\/comments?post=2708"}],"version-history":[{"count":1,"href":"https:\/\/diariodigitalnea.com\/index.php\/wp-json\/wp\/v2\/posts\/2708\/revisions"}],"predecessor-version":[{"id":2711,"href":"https:\/\/diariodigitalnea.com\/index.php\/wp-json\/wp\/v2\/posts\/2708\/revisions\/2711"}],"wp:featuredmedia":[{"embeddable":true,"href":"https:\/\/diariodigitalnea.com\/index.php\/wp-json\/wp\/v2\/media\/2710"}],"wp:attachment":[{"href":"https:\/\/diariodigitalnea.com\/index.php\/wp-json\/wp\/v2\/media?parent=2708"}],"wp:term":[{"taxonomy":"category","embeddable":true,"href":"https:\/\/diariodigitalnea.com\/index.php\/wp-json\/wp\/v2\/categories?post=2708"},{"taxonomy":"post_tag","embeddable":true,"href":"https:\/\/diariodigitalnea.com\/index.php\/wp-json\/wp\/v2\/tags?post=2708"}],"curies":[{"name":"wp","href":"https:\/\/api.w.org\/{rel}","templated":true}]}}