{"id":2603,"date":"2022-10-26T23:56:09","date_gmt":"2022-10-26T23:56:09","guid":{"rendered":"https:\/\/diariodigitalnea.com\/?p=2603"},"modified":"2022-10-26T23:56:10","modified_gmt":"2022-10-26T23:56:10","slug":"una-fundacion-solidaria-ayudara-a-que-cientos-de-formosenos-con-pocos-recursos-logren-estudiar-una-carrera","status":"publish","type":"post","link":"https:\/\/diariodigitalnea.com\/index.php\/2022\/10\/26\/una-fundacion-solidaria-ayudara-a-que-cientos-de-formosenos-con-pocos-recursos-logren-estudiar-una-carrera\/","title":{"rendered":"Una fundaci\u00f3n solidaria ayudar\u00e1 a que cientos de formose\u00f1os con pocos recursos logren estudiar una carrera"},"content":{"rendered":"\n<p>En 2023 Formosa contar\u00e1 con una Residencia universitaria gratuita que acompa\u00f1ar\u00e1 a todo aquel que desee estudiar.<\/p>\n\n\n\n<p>En 2012, un grupo de personas se anim\u00f3 a pensar m\u00e1s all\u00e1 de s\u00f3lo sus necesidades y cre\u00f3 la\u00a0FUNDACION S\u00cd. Con los a\u00f1os fue creciendo y actualmente\u00a0se encuentra en casi todas las provincias, entre ellas en\u00a0Formosa, donde si bien est\u00e1 desarrollando varios proyectos, tambi\u00e9n tiene en mente una\u00a0Residencia universitaria gratuita.<\/p>\n\n\n\n<p>Manuel Lozano, presidente de la ONG,<em>\u00a0<\/em>cont\u00f3 que esta iniciativa solidaria arranc\u00f3 con 12 voluntarios, pero luego se fue expandiendo hasta alcanzar unos 3.000 en total. \u201cNosotros trabajamos por\u00a0la inclusi\u00f3n social de los sectores m\u00e1s vulnerables de Argentina\u201d, explic\u00f3.<\/p>\n\n\n\n<p>De momento, estos equipos est\u00e1n distribuidos\u00a0en 19 provincias: R\u00edo Negro, Chubut, Neuqu\u00e9n, La Pampa, Mendoza, San Luis, La Rioja, Santiago del Estero, Tucum\u00e1n, Jujuy, Salta, C\u00f3rdoba, Santa Fe, Buenos Aires, Entre R\u00edos, Chaco, Corrientes, Misiones y, por supuesto, Formosa.<\/p>\n\n\n\n<figure class=\"wp-block-image size-full\"><img fetchpriority=\"high\" decoding=\"async\" width=\"894\" height=\"548\" src=\"https:\/\/diariodigitalnea.com\/wp-content\/uploads\/2022\/10\/FO1.jpg\" alt=\"\" class=\"wp-image-2605\" srcset=\"https:\/\/diariodigitalnea.com\/wp-content\/uploads\/2022\/10\/FO1.jpg 894w, https:\/\/diariodigitalnea.com\/wp-content\/uploads\/2022\/10\/FO1-300x184.jpg 300w, https:\/\/diariodigitalnea.com\/wp-content\/uploads\/2022\/10\/FO1-768x471.jpg 768w\" sizes=\"(max-width: 894px) 100vw, 894px\" \/><\/figure>\n\n\n\n<h2 class=\"wp-block-heading\"><strong>ABRIR\u00c1N LA PRIMERA RESIDENCIA UNIVERSITARIA GRATUITA EN FORMOSA: HABILITARON LAS INSCRIPCIONES<\/strong><\/h2>\n\n\n\n<p>En\u00a0febrero del 2023\u00a0la residencia universitaria de Formosa\u00a0le abrir\u00e1 la puerta a unos 600 estudiantes\u00a0que se hayan inscripto. En septiembre comenz\u00f3 esta convocatoria y, desde entonces, los interesados se han dirigido llenos de expectativas para ser entrevistados. Los voluntarios de la fundaci\u00f3n lo que est\u00e1n haciendo es\u00a0organizar distintas jornadas\u00a0y recibirlos con los brazos abiertos. En todas esas oportunidades,\u00a0el equipo\u00a0escucha\u00a0a los interesados en este programa\u00a0y responde cada una de sus dudas.<\/p>\n\n\n\n<p>Esta ser\u00eda\u00a0la primera casa de estudio que la ONG abre en la provincia. No obstante, Lozano cont\u00f3 que este proyecto naci\u00f3 en 2013 y, con el tiempo, el n\u00famero de residencias distribuidas en el pa\u00eds ha ascendido hasta alcanzar 22 en total.<\/p>\n\n\n\n<p>\u201cLos postulantes que ingresan son j\u00f3venes del\u00a0interior de cada provincia\u00a0que de otra forma no podr\u00edan continuar sus estudios\u201d, explic\u00f3 el presidente de la organizaci\u00f3n. En este sentido, luego agreg\u00f3: \u201cPara seleccionar a los de Formosa, se recorrieron 160 secundarios de localidades rurales\u201d.<\/p>\n\n\n\n<p>Esta ONG le permite a los estudiantes de bajos recursos llevar a cabo sus estudios universitarios. Para ello, cuentan con\u00a0hospedaje,\u00a0alimentos,\u00a0pasajes,\u00a0material de estudio\u00a0e incluso\u00a0clases de\u00a0apoyo acad\u00e9mico\u00a0y\u00a0acompa\u00f1amiento m\u00e9dico y psicol\u00f3gico.<\/p>\n\n\n\n<p>Todo esto es posible, por un lado, gracias a las\u00a0donaciones que reciben de la gente. A trav\u00e9s de su p\u00e1gina, Fundaci\u00f3n S\u00ed ofrece distintas v\u00edas para quienes deseen aportar su granito de arena (<a href=\"https:\/\/fundacionsi.org.ar\/comoayudar\/\" target=\"_blank\" rel=\"noreferrer noopener\">clic aqu\u00ed<\/a>). No obstante, tambi\u00e9n tienen el apoyo de varias empresas y, sin duda, de sus voluntarios.<\/p>\n\n\n\n<figure class=\"wp-block-image size-full\"><img decoding=\"async\" width=\"903\" height=\"554\" src=\"https:\/\/diariodigitalnea.com\/wp-content\/uploads\/2022\/10\/FO.jpg\" alt=\"\" class=\"wp-image-2606\" srcset=\"https:\/\/diariodigitalnea.com\/wp-content\/uploads\/2022\/10\/FO.jpg 903w, https:\/\/diariodigitalnea.com\/wp-content\/uploads\/2022\/10\/FO-300x184.jpg 300w, https:\/\/diariodigitalnea.com\/wp-content\/uploads\/2022\/10\/FO-768x471.jpg 768w\" sizes=\"(max-width: 903px) 100vw, 903px\" \/><\/figure>\n\n\n\n<h2 class=\"wp-block-heading\"><strong>FUNDACI\u00d3N S\u00cd: LA ONG QUE DEMUESTRA QUE S\u00cd SE PUEDE<\/strong><\/h2>\n\n\n\n<p>Este proyecto cuenta con voluntarios tutores y voluntarios especializados. Lo que hacen es\u00a0<strong>acompa\u00f1ar, asistir y orientar las trayectorias<\/strong>\u00a0de los residentes en cada aspecto que sea necesario\u00a0para alcanzar sus objetivos de estudio.<\/p>\n\n\n\n<p>Dichas residencias tambi\u00e9n se encuentran en Santiago del Estero, La Rioja, Catamarca, C\u00f3rdoba, Salta, Neuqu\u00e9n, Santa Fe, Corrientes, Tucum\u00e1n, Chaco, Mendoza, Misiones, Jujuy, San Luis y Buenos Aires. No obstante, buscan llegar a m\u00e1s territorios y, de esta manera, a m\u00e1s personas que sue\u00f1an con un futuro profesional.<\/p>\n\n\n\n<p>Ahora bien, las residencias universitarias no son los \u00fanicos proyectos que desarrollan. Esta ONG tambi\u00e9n cuenta con el\u00a0programa \u201cS\u00ed Pueden\u201d. En base a lo que se\u00f1al\u00f3 Lozano, pretenden \u201ctrabajar las\u00a0habilidades sociales y la educaci\u00f3n emocional\u00a0con los ni\u00f1os y adolescentes que asisten\u201d.<\/p>\n\n\n\n<p>Esta iniciativa busca la\u00a0inclusi\u00f3n de distintos j\u00f3venes en las zonas m\u00e1s empobrecidas\u00a0de todas las provincias que alcanz\u00f3 la organizaci\u00f3n. Cada semana, los equipos se re\u00fanen con los participantes en centros comunitarios y generan un\u00a0espacio de contenci\u00f3n.<\/p>\n\n\n\n<p>De esta manera se desarrollan juegos, as\u00ed como tambi\u00e9n actividades deportivas y art\u00edsticas. En dichas oportunidades, a los presentes se les ense\u00f1an nuevas cosas e incluso&nbsp;<strong>se los escucha y acompa\u00f1a&nbsp;<\/strong>en lo que necesiten.<\/p>\n\n\n\n<h2 class=\"wp-block-heading\"><strong>LAS PROBLEM\u00c1TICAS QUE ENFRENTAN LOS J\u00d3VENES ARGENTINOS DE ZONAS RURALES<\/strong><\/h2>\n\n\n\n<p>Estos voluntarios se dedican al acompa\u00f1amiento y contenci\u00f3n, e incluso intervienen durante cat\u00e1strofes naturales. Sin embargo, est\u00e1n enfocados en las\u00a0zonas rurales del pa\u00eds, pues entienden que los m\u00e1s j\u00f3venes que viven all\u00ed se enfrentan a\u00a0tres grandes problem\u00e1ticas:<\/p>\n\n\n\n<ul class=\"wp-block-list\"><li>La escasez de oportunidades laborales.<\/li><li>Las enormes distancias desde sus lugares de origen hasta los centros de estudios.<\/li><li>La falta de ingresos econ\u00f3micos suficientes para solventar la formaci\u00f3n en la educaci\u00f3n superior.<\/li><\/ul>\n\n\n\n<p>Los sue\u00f1os de millones de personas se ven frustrados por estos baches. El escaso desarrollo comunitario de sus parajes coopera para que se profundice la ya enorme brecha entre las zonas rurales y urbanas de Argentina.<\/p>\n\n\n\n<p>Por esto, su foco est\u00e1 en las comunidades m\u00e1s vulneradas. Esta fundaci\u00f3n tiene los ojos puesto en el futuro, que quedar\u00e1 en mano de las pr\u00f3ximas generaciones que se siembran a lo largo del pa\u00eds, y cree que\u00a0la inclusi\u00f3n deber\u00eda estar presente de norte a sur.<\/p>\n\n\n\n<p>La ONG naci\u00f3 en 2012 para generar una transformaci\u00f3n interna, de la mano del trabajo de pares que se complementan y se multiplican. Su objetivo es derribar esa grieta de oportunidades y\u00a0permitir que las metas de los j\u00f3venes no fracasen por la desigualdad social.<\/p>\n\n\n\n<figure class=\"wp-block-image size-full\"><img decoding=\"async\" width=\"1024\" height=\"375\" src=\"http:\/\/diariodigitalnea.com\/wp-content\/uploads\/2022\/10\/CONSTRUCAL-CON-FABRICA.jpg\" alt=\"\" class=\"wp-image-2241\" srcset=\"https:\/\/diariodigitalnea.com\/wp-content\/uploads\/2022\/10\/CONSTRUCAL-CON-FABRICA.jpg 1024w, https:\/\/diariodigitalnea.com\/wp-content\/uploads\/2022\/10\/CONSTRUCAL-CON-FABRICA-300x110.jpg 300w, https:\/\/diariodigitalnea.com\/wp-content\/uploads\/2022\/10\/CONSTRUCAL-CON-FABRICA-768x281.jpg 768w\" sizes=\"(max-width: 1024px) 100vw, 1024px\" \/><figcaption>Publicidad: ContruCal Cales hidratas y vivas para uso vial y construcci\u00f3n TEL: 3624602737<\/figcaption><\/figure>\n\n\n\n<p><\/p>\n","protected":false},"excerpt":{"rendered":"<p>En 2023 Formosa contar\u00e1 con una Residencia universitaria gratuita que acompa\u00f1ar\u00e1 a todo aquel que desee estudiar. En 2012, un grupo de personas se anim\u00f3 a pensar m\u00e1s all\u00e1 de s\u00f3lo sus necesidades y cre\u00f3 la\u00a0FUNDACION S\u00cd. Con los a\u00f1os fue creciendo y actualmente\u00a0se encuentra en casi todas las provincias, entre ellas en\u00a0Formosa, donde si [&hellip;]<\/p>\n","protected":false},"author":4,"featured_media":2604,"comment_status":"closed","ping_status":"closed","sticky":false,"template":"","format":"standard","meta":{"om_disable_all_campaigns":false,"_monsterinsights_skip_tracking":false,"_monsterinsights_sitenote_active":false,"_monsterinsights_sitenote_note":"","_monsterinsights_sitenote_category":0,"footnotes":""},"categories":[35,95],"tags":[222,897,898],"class_list":["post-2603","post","type-post","status-publish","format-standard","has-post-thumbnail","hentry","category-formosa","category-informacion-general","tag-formosa","tag-fundacion-si","tag-universidad"],"aioseo_notices":[],"amp_enabled":true,"_links":{"self":[{"href":"https:\/\/diariodigitalnea.com\/index.php\/wp-json\/wp\/v2\/posts\/2603","targetHints":{"allow":["GET"]}}],"collection":[{"href":"https:\/\/diariodigitalnea.com\/index.php\/wp-json\/wp\/v2\/posts"}],"about":[{"href":"https:\/\/diariodigitalnea.com\/index.php\/wp-json\/wp\/v2\/types\/post"}],"author":[{"embeddable":true,"href":"https:\/\/diariodigitalnea.com\/index.php\/wp-json\/wp\/v2\/users\/4"}],"replies":[{"embeddable":true,"href":"https:\/\/diariodigitalnea.com\/index.php\/wp-json\/wp\/v2\/comments?post=2603"}],"version-history":[{"count":1,"href":"https:\/\/diariodigitalnea.com\/index.php\/wp-json\/wp\/v2\/posts\/2603\/revisions"}],"predecessor-version":[{"id":2608,"href":"https:\/\/diariodigitalnea.com\/index.php\/wp-json\/wp\/v2\/posts\/2603\/revisions\/2608"}],"wp:featuredmedia":[{"embeddable":true,"href":"https:\/\/diariodigitalnea.com\/index.php\/wp-json\/wp\/v2\/media\/2604"}],"wp:attachment":[{"href":"https:\/\/diariodigitalnea.com\/index.php\/wp-json\/wp\/v2\/media?parent=2603"}],"wp:term":[{"taxonomy":"category","embeddable":true,"href":"https:\/\/diariodigitalnea.com\/index.php\/wp-json\/wp\/v2\/categories?post=2603"},{"taxonomy":"post_tag","embeddable":true,"href":"https:\/\/diariodigitalnea.com\/index.php\/wp-json\/wp\/v2\/tags?post=2603"}],"curies":[{"name":"wp","href":"https:\/\/api.w.org\/{rel}","templated":true}]}}