{"id":2537,"date":"2022-10-21T12:58:45","date_gmt":"2022-10-21T12:58:45","guid":{"rendered":"https:\/\/diariodigitalnea.com\/?p=2537"},"modified":"2022-10-21T12:58:46","modified_gmt":"2022-10-21T12:58:46","slug":"el-nuevo-banco-del-chaco-trabaja-en-servicios-inclusivo","status":"publish","type":"post","link":"https:\/\/diariodigitalnea.com\/index.php\/2022\/10\/21\/el-nuevo-banco-del-chaco-trabaja-en-servicios-inclusivo\/","title":{"rendered":"El Nuevo Banco del Chaco trabaja en servicios inclusivo"},"content":{"rendered":"\n<p>El Nuevo Banco del Chaco y el Instituto Provincial para la Inclusi\u00f3n de las Personas con Discapacidad (Iprodich) rubricaron un convenio de cooperaci\u00f3n para desarrollar un programa conjunto de capacitaci\u00f3n, sensibilizaci\u00f3n y atenci\u00f3n integral de las personas con discapacidad, que se implementar\u00e1 en la red de la entidad en toda la provincia.<\/p>\n\n\n\n<p>La firma estuvo encabezada por el presidente de la entidad bancaria, Federico Mu\u00f1oz Femen\u00eda, junto a su par de Iprodich, Jos\u00e9 Lorenzo, acompa\u00f1ados por las directoras Cecilia Almendra y Maia Woelflin y la gerente de Productos y Marketing, Daniela Romero.<\/p>\n\n\n\n<p>Este convenio promueve la implementaci\u00f3n de acciones para facilitar el acceso de las personas con discapacidad visual y auditiva a los productos y servicios financieros del NBCH en condiciones adecuadas. Se trata de una tarea llevada adelante por el sector de Protecci\u00f3n a Usuarios Financieros de la entidad chaque\u00f1a.<\/p>\n\n\n\n<p>La capacitaci\u00f3n al personal permitir\u00e1 contar con atenci\u00f3n adecuada y pertinente en todas las sucursales de la provincia, con el objeto de contribuir a la inclusi\u00f3n social plena de las personas con discapacidad.<\/p>\n","protected":false},"excerpt":{"rendered":"<p>El Nuevo Banco del Chaco y el Instituto Provincial para la Inclusi\u00f3n de las Personas con Discapacidad (Iprodich) rubricaron un convenio de cooperaci\u00f3n para desarrollar un programa conjunto de capacitaci\u00f3n, sensibilizaci\u00f3n y atenci\u00f3n integral de las personas con discapacidad, que se implementar\u00e1 en la red de la entidad en toda la provincia. La firma estuvo [&hellip;]<\/p>\n","protected":false},"author":3,"featured_media":2538,"comment_status":"closed","ping_status":"closed","sticky":false,"template":"","format":"standard","meta":{"om_disable_all_campaigns":false,"_monsterinsights_skip_tracking":false,"_monsterinsights_sitenote_active":false,"_monsterinsights_sitenote_note":"","_monsterinsights_sitenote_category":0,"footnotes":""},"categories":[33],"tags":[279,863,862],"class_list":["post-2537","post","type-post","status-publish","format-standard","has-post-thumbnail","hentry","category-chaco","tag-nuevo-banco-del-chaco","tag-personas-con-discapacidad","tag-servicios-inclusivo"],"aioseo_notices":[],"amp_enabled":true,"_links":{"self":[{"href":"https:\/\/diariodigitalnea.com\/index.php\/wp-json\/wp\/v2\/posts\/2537","targetHints":{"allow":["GET"]}}],"collection":[{"href":"https:\/\/diariodigitalnea.com\/index.php\/wp-json\/wp\/v2\/posts"}],"about":[{"href":"https:\/\/diariodigitalnea.com\/index.php\/wp-json\/wp\/v2\/types\/post"}],"author":[{"embeddable":true,"href":"https:\/\/diariodigitalnea.com\/index.php\/wp-json\/wp\/v2\/users\/3"}],"replies":[{"embeddable":true,"href":"https:\/\/diariodigitalnea.com\/index.php\/wp-json\/wp\/v2\/comments?post=2537"}],"version-history":[{"count":1,"href":"https:\/\/diariodigitalnea.com\/index.php\/wp-json\/wp\/v2\/posts\/2537\/revisions"}],"predecessor-version":[{"id":2539,"href":"https:\/\/diariodigitalnea.com\/index.php\/wp-json\/wp\/v2\/posts\/2537\/revisions\/2539"}],"wp:featuredmedia":[{"embeddable":true,"href":"https:\/\/diariodigitalnea.com\/index.php\/wp-json\/wp\/v2\/media\/2538"}],"wp:attachment":[{"href":"https:\/\/diariodigitalnea.com\/index.php\/wp-json\/wp\/v2\/media?parent=2537"}],"wp:term":[{"taxonomy":"category","embeddable":true,"href":"https:\/\/diariodigitalnea.com\/index.php\/wp-json\/wp\/v2\/categories?post=2537"},{"taxonomy":"post_tag","embeddable":true,"href":"https:\/\/diariodigitalnea.com\/index.php\/wp-json\/wp\/v2\/tags?post=2537"}],"curies":[{"name":"wp","href":"https:\/\/api.w.org\/{rel}","templated":true}]}}