{"id":2482,"date":"2022-10-20T13:12:40","date_gmt":"2022-10-20T13:12:40","guid":{"rendered":"https:\/\/diariodigitalnea.com\/?p=2482"},"modified":"2022-10-20T13:12:44","modified_gmt":"2022-10-20T13:12:44","slug":"se-incendiaron-7-colectivos-de-la-empresa-ersa","status":"publish","type":"post","link":"https:\/\/diariodigitalnea.com\/index.php\/2022\/10\/20\/se-incendiaron-7-colectivos-de-la-empresa-ersa\/","title":{"rendered":"Se incendiaron 7 colectivos de la empresa ERSA"},"content":{"rendered":"\n<p>El hecho se dio este jueves a la madrugada, en la zona de la avenida Soberan\u00eda Nacional de Resistencia. La Polic\u00eda investiga cu\u00e1l fue la causa.<\/p>\n\n\n\n<p>Este jueves por la madrugada, dos\u00a0colectivos\u00a0de l\u00ednea de la empresa ERSA se incendiaron. La Polic\u00eda del Chaco se encuentra a disposici\u00f3n de la justicia a fin de esclarecer el hecho y determinar c\u00f3mo se habr\u00eda originado el siniestro, a trav\u00e9s de pericias.<\/p>\n\n\n\n<figure class=\"wp-block-embed is-type-video is-provider-youtube wp-block-embed-youtube wp-embed-aspect-16-9 wp-has-aspect-ratio\"><div class=\"wp-block-embed__wrapper\">\n<iframe title=\"Se incendiaron varios colectivos de la empresa ERSA\" width=\"1200\" height=\"675\" src=\"https:\/\/www.youtube.com\/embed\/mqUoQHHIi2o?feature=oembed\" frameborder=\"0\" allow=\"accelerometer; autoplay; clipboard-write; encrypted-media; gyroscope; picture-in-picture\" allowfullscreen><\/iframe>\n<\/div><\/figure>\n\n\n\n<p>Alrededor de las 2:40, los efectivos de la Comisar\u00eda Quinta de Resistencia fueron alertados que, en los galpones de la empresa de colectivos, ubicada en avenida Soberan\u00eda Nacional y calle 28, se estaba produciendo un incendio.<\/p>\n\n\n\n<p>Por ello, si dirigieron al lugar donde\u00a0constataron que se trataba de dos colectivos, expandi\u00e9ndose a otros \u00f3mnibus lindantes. En total, se quemaron 7 unidades, 5 de ellas en desuso.<\/p>\n\n\n\n<p>De inmediato, solicitaron la presencia del personal de bomberos de la Polic\u00eda, como as\u00ed tambi\u00e9n de Bomberos Voluntarios, quienes r\u00e1pidamente llevaron a cabo sus tareas de rigor, logrando controlar la situaci\u00f3n.<\/p>\n\n\n\n<p>Ante esta situaci\u00f3n,\u00a0se dio intervenci\u00f3n a peritos del Gabinete Cient\u00edficos para determinar las causales del incendio.<\/p>\n","protected":false},"excerpt":{"rendered":"<p>El hecho se dio este jueves a la madrugada, en la zona de la avenida Soberan\u00eda Nacional de Resistencia. La Polic\u00eda investiga cu\u00e1l fue la causa. Este jueves por la madrugada, dos\u00a0colectivos\u00a0de l\u00ednea de la empresa ERSA se incendiaron. La Polic\u00eda del Chaco se encuentra a disposici\u00f3n de la justicia a fin de esclarecer el [&hellip;]<\/p>\n","protected":false},"author":4,"featured_media":2483,"comment_status":"closed","ping_status":"closed","sticky":false,"template":"","format":"standard","meta":{"om_disable_all_campaigns":false,"_monsterinsights_skip_tracking":false,"_monsterinsights_sitenote_active":false,"_monsterinsights_sitenote_note":"","_monsterinsights_sitenote_category":0,"footnotes":""},"categories":[33,52],"tags":[87,845,201,176],"class_list":["post-2482","post","type-post","status-publish","format-standard","has-post-thumbnail","hentry","category-chaco","category-policiales","tag-colectivos","tag-ersa","tag-incendio","tag-policia"],"aioseo_notices":[],"amp_enabled":true,"_links":{"self":[{"href":"https:\/\/diariodigitalnea.com\/index.php\/wp-json\/wp\/v2\/posts\/2482","targetHints":{"allow":["GET"]}}],"collection":[{"href":"https:\/\/diariodigitalnea.com\/index.php\/wp-json\/wp\/v2\/posts"}],"about":[{"href":"https:\/\/diariodigitalnea.com\/index.php\/wp-json\/wp\/v2\/types\/post"}],"author":[{"embeddable":true,"href":"https:\/\/diariodigitalnea.com\/index.php\/wp-json\/wp\/v2\/users\/4"}],"replies":[{"embeddable":true,"href":"https:\/\/diariodigitalnea.com\/index.php\/wp-json\/wp\/v2\/comments?post=2482"}],"version-history":[{"count":1,"href":"https:\/\/diariodigitalnea.com\/index.php\/wp-json\/wp\/v2\/posts\/2482\/revisions"}],"predecessor-version":[{"id":2484,"href":"https:\/\/diariodigitalnea.com\/index.php\/wp-json\/wp\/v2\/posts\/2482\/revisions\/2484"}],"wp:featuredmedia":[{"embeddable":true,"href":"https:\/\/diariodigitalnea.com\/index.php\/wp-json\/wp\/v2\/media\/2483"}],"wp:attachment":[{"href":"https:\/\/diariodigitalnea.com\/index.php\/wp-json\/wp\/v2\/media?parent=2482"}],"wp:term":[{"taxonomy":"category","embeddable":true,"href":"https:\/\/diariodigitalnea.com\/index.php\/wp-json\/wp\/v2\/categories?post=2482"},{"taxonomy":"post_tag","embeddable":true,"href":"https:\/\/diariodigitalnea.com\/index.php\/wp-json\/wp\/v2\/tags?post=2482"}],"curies":[{"name":"wp","href":"https:\/\/api.w.org\/{rel}","templated":true}]}}