{"id":2401,"date":"2022-10-18T12:51:40","date_gmt":"2022-10-18T12:51:40","guid":{"rendered":"https:\/\/diariodigitalnea.com\/?p=2401"},"modified":"2022-10-18T12:51:41","modified_gmt":"2022-10-18T12:51:41","slug":"tragedia-en-turquia-tras-caer-un-globo-aerostatico-con-turistas","status":"publish","type":"post","link":"https:\/\/diariodigitalnea.com\/index.php\/2022\/10\/18\/tragedia-en-turquia-tras-caer-un-globo-aerostatico-con-turistas\/","title":{"rendered":"Tragedia en Turqu\u00eda tras caer un globo aerost\u00e1tico con turistas"},"content":{"rendered":"\n<p>Dos turistas espa\u00f1oles murieron y otros tres resultaron heridos hoy en Capadocia, regi\u00f3n tur\u00edstica del centro de Turqu\u00eda, tras la ca\u00edda de su globo aerost\u00e1tico debido al viento, anunciaron las autoridades locales.<\/p>\n\n\n\n<p>El globo aerost\u00e1tico efectu\u00f3 un aterrizaje abrupto a las 8.50 (2.50 hora argentina) despu\u00e9s de que se levantase el viento de manera inesperada, seg\u00fan indicaron las autoridades de la provincia de Nevsehir en un comunicado.<\/p>\n\n\n\n<p>Veintiocho pasajeros y dos miembros de la tripulaci\u00f3n se encontraban a bordo del globo, que hab\u00eda despegado cerca del monasterio troglodita de Zelve, seg\u00fan report\u00f3 la agencia de noticias AFP.<\/p>\n\n\n\n<p>De acuerdo a lo informado por autoridades locales, se abri\u00f3 una investigaci\u00f3n para determinar responsabilidades.<\/p>\n\n\n\n<p>Los vuelos en globo aerost\u00e1tico son una gran atracci\u00f3n tur\u00edstica en Capadocia, conocida por sus pueblos trogloditas y su relieve con las \u2018chimeneas de hadas\u2018 esculpidas por la erosi\u00f3n, pero en el pasado ya se han producido varios accidentes mortales.<\/p>\n","protected":false},"excerpt":{"rendered":"<p>Dos turistas espa\u00f1oles murieron y otros tres resultaron heridos hoy en Capadocia, regi\u00f3n tur\u00edstica del centro de Turqu\u00eda, tras la ca\u00edda de su globo aerost\u00e1tico debido al viento, anunciaron las autoridades locales. El globo aerost\u00e1tico efectu\u00f3 un aterrizaje abrupto a las 8.50 (2.50 hora argentina) despu\u00e9s de que se levantase el viento de manera inesperada, [&hellip;]<\/p>\n","protected":false},"author":3,"featured_media":2402,"comment_status":"closed","ping_status":"closed","sticky":false,"template":"","format":"standard","meta":{"om_disable_all_campaigns":false,"_monsterinsights_skip_tracking":false,"_monsterinsights_sitenote_active":false,"_monsterinsights_sitenote_note":"","_monsterinsights_sitenote_category":0,"footnotes":""},"categories":[9],"tags":[811,810,202,809],"class_list":["post-2401","post","type-post","status-publish","format-standard","has-post-thumbnail","hentry","category-internacionales","tag-aterrizaje","tag-globo-aerostatico","tag-tragedia","tag-turquia"],"aioseo_notices":[],"amp_enabled":true,"_links":{"self":[{"href":"https:\/\/diariodigitalnea.com\/index.php\/wp-json\/wp\/v2\/posts\/2401","targetHints":{"allow":["GET"]}}],"collection":[{"href":"https:\/\/diariodigitalnea.com\/index.php\/wp-json\/wp\/v2\/posts"}],"about":[{"href":"https:\/\/diariodigitalnea.com\/index.php\/wp-json\/wp\/v2\/types\/post"}],"author":[{"embeddable":true,"href":"https:\/\/diariodigitalnea.com\/index.php\/wp-json\/wp\/v2\/users\/3"}],"replies":[{"embeddable":true,"href":"https:\/\/diariodigitalnea.com\/index.php\/wp-json\/wp\/v2\/comments?post=2401"}],"version-history":[{"count":1,"href":"https:\/\/diariodigitalnea.com\/index.php\/wp-json\/wp\/v2\/posts\/2401\/revisions"}],"predecessor-version":[{"id":2403,"href":"https:\/\/diariodigitalnea.com\/index.php\/wp-json\/wp\/v2\/posts\/2401\/revisions\/2403"}],"wp:featuredmedia":[{"embeddable":true,"href":"https:\/\/diariodigitalnea.com\/index.php\/wp-json\/wp\/v2\/media\/2402"}],"wp:attachment":[{"href":"https:\/\/diariodigitalnea.com\/index.php\/wp-json\/wp\/v2\/media?parent=2401"}],"wp:term":[{"taxonomy":"category","embeddable":true,"href":"https:\/\/diariodigitalnea.com\/index.php\/wp-json\/wp\/v2\/categories?post=2401"},{"taxonomy":"post_tag","embeddable":true,"href":"https:\/\/diariodigitalnea.com\/index.php\/wp-json\/wp\/v2\/tags?post=2401"}],"curies":[{"name":"wp","href":"https:\/\/api.w.org\/{rel}","templated":true}]}}