{"id":2355,"date":"2022-10-17T11:59:36","date_gmt":"2022-10-17T11:59:36","guid":{"rendered":"https:\/\/diariodigitalnea.com\/?p=2355"},"modified":"2022-10-17T21:53:26","modified_gmt":"2022-10-17T21:53:26","slug":"incendios-en-los-esteros-del-ibera","status":"publish","type":"post","link":"https:\/\/diariodigitalnea.com\/index.php\/2022\/10\/17\/incendios-en-los-esteros-del-ibera\/","title":{"rendered":"Incendios en los Esteros del Iber\u00e1"},"content":{"rendered":"\n<p>Dos focos de incendios registrados en los Esteros de Iber\u00e1 en Corrientes obligaron ayer a diversos organismos a llevar a cabo operativos de combate del fuego que consumi\u00f3 al menos dos hect\u00e1reas de forestaci\u00f3n, explicaron fuentes oficiales.<\/p>\n\n\n\n<p>Un total de dos hect\u00e1reas de bosques de pinos implantados en un sector del Iber\u00e1 conocido como Cambyret\u00e1, en la localidad de Ituzaing\u00f3, fueron consumidos por el fuego en las \u00faltimas horas, seg\u00fan confirm\u00f3 el director de Recursos Forestales de Corrientes, Roberto Rojas.<\/p>\n\n\n\n<figure class=\"wp-block-image size-large\"><img fetchpriority=\"high\" decoding=\"async\" width=\"1024\" height=\"575\" src=\"https:\/\/diariodigitalnea.com\/wp-content\/uploads\/2022\/10\/ib-1024x575.jpg\" alt=\"\" class=\"wp-image-2381\" srcset=\"https:\/\/diariodigitalnea.com\/wp-content\/uploads\/2022\/10\/ib-1024x575.jpg 1024w, https:\/\/diariodigitalnea.com\/wp-content\/uploads\/2022\/10\/ib-300x168.jpg 300w, https:\/\/diariodigitalnea.com\/wp-content\/uploads\/2022\/10\/ib-768x431.jpg 768w, https:\/\/diariodigitalnea.com\/wp-content\/uploads\/2022\/10\/ib-1536x862.jpg 1536w, https:\/\/diariodigitalnea.com\/wp-content\/uploads\/2022\/10\/ib.jpg 1920w\" sizes=\"(max-width: 1024px) 100vw, 1024px\" \/><\/figure>\n\n\n\n<p>Ese incendio se desat\u00f3 el s\u00e1bado \u00faltimo y este domingo durante el mediod\u00eda estaba \u2018controlado y con tareas de enfriamiento\u2018, indic\u00f3 el funcionario. A su vez, explic\u00f3 que all\u00ed intervinieron bomberos, brigadas de empresas privadas, guardaparques y Defensa Civil de la provincia.<\/p>\n\n\n\n<p>Asimismo, en la Laguna Fern\u00e1ndez, en inmediaciones a la localidad de Colonia Carlos Pellegrini se desat\u00f3 un incendio en un sector que no es accesible \u2018ni a caballo\u2018, subray\u00f3 Rojas.<\/p>\n\n\n\n<p>\u2018Laguna Fern\u00e1ndez es un lugar inaccesible, que se encuentra bajo monitoreo, en apresto de recursos, por lo que estamos esperando el reporte de Defensa Civil y guardaparques, que en el \u00faltimo reporte nos informaron que estaba reducido en tama\u00f1o\u2018, afirm\u00f3 el director de Recursos Forestales.<\/p>\n\n\n\n<p>Seg\u00fan precis\u00f3, ese foco \u00edgneo fue monitoreado a trav\u00e9s de im\u00e1genes satelitales, al tiempo que los guardaparques y hombres de Defensa Civil, llevan adelante una vigilancia para que las llamas \u2018no se salgan del lugar\u2018.<\/p>\n\n\n\n<p>Este domingo el reporte oficial sobre riesgo de incendios indicaba que era extremo en las localidades correntinas de Paso de los Libres y Esquina, muy alto en Corrientes capital, Monte Caseros, Mercedes y Bella Vista, y alto en Virasoro.<\/p>\n\n\n\n<figure class=\"wp-block-image size-full\"><img decoding=\"async\" width=\"1024\" height=\"375\" src=\"http:\/\/diariodigitalnea.com\/wp-content\/uploads\/2022\/10\/CONSTRUCAL-CON-FABRICA.jpg\" alt=\"\" class=\"wp-image-2241\" srcset=\"https:\/\/diariodigitalnea.com\/wp-content\/uploads\/2022\/10\/CONSTRUCAL-CON-FABRICA.jpg 1024w, https:\/\/diariodigitalnea.com\/wp-content\/uploads\/2022\/10\/CONSTRUCAL-CON-FABRICA-300x110.jpg 300w, https:\/\/diariodigitalnea.com\/wp-content\/uploads\/2022\/10\/CONSTRUCAL-CON-FABRICA-768x281.jpg 768w\" sizes=\"(max-width: 1024px) 100vw, 1024px\" \/><figcaption>Publicidad: ContruCal Cales hidratas y vivas para uso vial y construcci\u00f3n TEL: 3624602737<\/figcaption><\/figure>\n","protected":false},"excerpt":{"rendered":"<p>Dos focos de incendios registrados en los Esteros de Iber\u00e1 en Corrientes obligaron ayer a diversos organismos a llevar a cabo operativos de combate del fuego que consumi\u00f3 al menos dos hect\u00e1reas de forestaci\u00f3n, explicaron fuentes oficiales. Un total de dos hect\u00e1reas de bosques de pinos implantados en un sector del Iber\u00e1 conocido como Cambyret\u00e1, [&hellip;]<\/p>\n","protected":false},"author":3,"featured_media":2356,"comment_status":"closed","ping_status":"closed","sticky":false,"template":"","format":"standard","meta":{"om_disable_all_campaigns":false,"_monsterinsights_skip_tracking":false,"_monsterinsights_sitenote_active":false,"_monsterinsights_sitenote_note":"","_monsterinsights_sitenote_category":0,"footnotes":""},"categories":[34],"tags":[360,796,302,359],"class_list":["post-2355","post","type-post","status-publish","format-standard","has-post-thumbnail","hentry","category-corrientes","tag-bomberos","tag-deforestacion","tag-esteros-del-ibera","tag-incendios"],"aioseo_notices":[],"amp_enabled":true,"_links":{"self":[{"href":"https:\/\/diariodigitalnea.com\/index.php\/wp-json\/wp\/v2\/posts\/2355","targetHints":{"allow":["GET"]}}],"collection":[{"href":"https:\/\/diariodigitalnea.com\/index.php\/wp-json\/wp\/v2\/posts"}],"about":[{"href":"https:\/\/diariodigitalnea.com\/index.php\/wp-json\/wp\/v2\/types\/post"}],"author":[{"embeddable":true,"href":"https:\/\/diariodigitalnea.com\/index.php\/wp-json\/wp\/v2\/users\/3"}],"replies":[{"embeddable":true,"href":"https:\/\/diariodigitalnea.com\/index.php\/wp-json\/wp\/v2\/comments?post=2355"}],"version-history":[{"count":3,"href":"https:\/\/diariodigitalnea.com\/index.php\/wp-json\/wp\/v2\/posts\/2355\/revisions"}],"predecessor-version":[{"id":2382,"href":"https:\/\/diariodigitalnea.com\/index.php\/wp-json\/wp\/v2\/posts\/2355\/revisions\/2382"}],"wp:featuredmedia":[{"embeddable":true,"href":"https:\/\/diariodigitalnea.com\/index.php\/wp-json\/wp\/v2\/media\/2356"}],"wp:attachment":[{"href":"https:\/\/diariodigitalnea.com\/index.php\/wp-json\/wp\/v2\/media?parent=2355"}],"wp:term":[{"taxonomy":"category","embeddable":true,"href":"https:\/\/diariodigitalnea.com\/index.php\/wp-json\/wp\/v2\/categories?post=2355"},{"taxonomy":"post_tag","embeddable":true,"href":"https:\/\/diariodigitalnea.com\/index.php\/wp-json\/wp\/v2\/tags?post=2355"}],"curies":[{"name":"wp","href":"https:\/\/api.w.org\/{rel}","templated":true}]}}