{"id":2266,"date":"2022-10-14T12:32:55","date_gmt":"2022-10-14T12:32:55","guid":{"rendered":"https:\/\/diariodigitalnea.com\/?p=2266"},"modified":"2022-10-14T22:55:03","modified_gmt":"2022-10-14T22:55:03","slug":"residentes-del-perrando-se-reunen-hoy-y-avizoran-manifestacion-y-cese-de-servicios-para-la-semana-que-viene","status":"publish","type":"post","link":"https:\/\/diariodigitalnea.com\/index.php\/2022\/10\/14\/residentes-del-perrando-se-reunen-hoy-y-avizoran-manifestacion-y-cese-de-servicios-para-la-semana-que-viene\/","title":{"rendered":"Residentes del Perrando se re\u00fanen hoy y avizoran manifestaci\u00f3n y cese de servicios"},"content":{"rendered":"\n<p>M\u00e9dicos residentes que realizan tareas en los distintos servicios del hospital Perrando se reunir\u00e1n esta tarde con representantes de Salud y del Gobierno, con el \u00fanico objetivo de destrabar el conflicto generado por la \u201cfalta de respuestas\u201d al reclamo de mejora en los montos de las becas que perciben, que lleva m\u00e1s de un mes.<\/p>\n\n\n\n<p>Lo que enardeci\u00f3 al sector de salud fue que la demanda no solo ha sido ignorada por las autoridades competentes, sino que adem\u00e1s, en el \u00faltimo mes, una resoluci\u00f3n del Ejecutivo \u201crecort\u00f3\u201d las becas, por lo que actualmente perciben 22.000 pesos, a pesar del arduo trabajo que realizan.<\/p>\n\n\n\n<figure class=\"wp-block-image size-full\"><img fetchpriority=\"high\" decoding=\"async\" width=\"1024\" height=\"375\" src=\"http:\/\/diariodigitalnea.com\/wp-content\/uploads\/2022\/10\/CONSTRUCAL-CON-FABRICA.jpg\" alt=\"\" class=\"wp-image-2241\" srcset=\"https:\/\/diariodigitalnea.com\/wp-content\/uploads\/2022\/10\/CONSTRUCAL-CON-FABRICA.jpg 1024w, https:\/\/diariodigitalnea.com\/wp-content\/uploads\/2022\/10\/CONSTRUCAL-CON-FABRICA-300x110.jpg 300w, https:\/\/diariodigitalnea.com\/wp-content\/uploads\/2022\/10\/CONSTRUCAL-CON-FABRICA-768x281.jpg 768w\" sizes=\"(max-width: 1024px) 100vw, 1024px\" \/><figcaption>Publicidad: ContruCal Cales hidratas y vivas para uso vial y construcci\u00f3n TEL: 3624602737<\/figcaption><\/figure>\n\n\n\n<p>Aunque para este viernes se preparaba una manifestaci\u00f3n, con cese de colaboraci\u00f3n en los servicios; finalmente se termin\u00f3 por desactivarse debido a la convocatoria al encuentro que se llevar\u00e1 a cabo en horas de la tarde. A pesar de esta medida los residentes aclararon que estar\u00e1n garantizadas las \u201cguardias m\u00ednimas en todos los servicios\u201d. Sin embargo, de no haber respuesta, el plan de lucha se retomar\u00e1 el lunes, con las medidas postergadas y la movilizaci\u00f3n en busca de una respuesta acorde a las demandas de los trabajadores.<\/p>\n","protected":false},"excerpt":{"rendered":"<p>M\u00e9dicos residentes que realizan tareas en los distintos servicios del hospital Perrando se reunir\u00e1n esta tarde con representantes de Salud y del Gobierno, con el \u00fanico objetivo de destrabar el conflicto generado por la \u201cfalta de respuestas\u201d al reclamo de mejora en los montos de las becas que perciben, que lleva m\u00e1s de un mes. [&hellip;]<\/p>\n","protected":false},"author":3,"featured_media":2267,"comment_status":"closed","ping_status":"closed","sticky":false,"template":"","format":"standard","meta":{"om_disable_all_campaigns":false,"_monsterinsights_skip_tracking":false,"_monsterinsights_sitenote_active":false,"_monsterinsights_sitenote_note":"","_monsterinsights_sitenote_category":0,"footnotes":""},"categories":[33],"tags":[462,766,767,765],"class_list":["post-2266","post","type-post","status-publish","format-standard","has-post-thumbnail","hentry","category-chaco","tag-hospital-perrando","tag-residentes","tag-reunion-clave","tag-salud-publica"],"aioseo_notices":[],"amp_enabled":true,"_links":{"self":[{"href":"https:\/\/diariodigitalnea.com\/index.php\/wp-json\/wp\/v2\/posts\/2266","targetHints":{"allow":["GET"]}}],"collection":[{"href":"https:\/\/diariodigitalnea.com\/index.php\/wp-json\/wp\/v2\/posts"}],"about":[{"href":"https:\/\/diariodigitalnea.com\/index.php\/wp-json\/wp\/v2\/types\/post"}],"author":[{"embeddable":true,"href":"https:\/\/diariodigitalnea.com\/index.php\/wp-json\/wp\/v2\/users\/3"}],"replies":[{"embeddable":true,"href":"https:\/\/diariodigitalnea.com\/index.php\/wp-json\/wp\/v2\/comments?post=2266"}],"version-history":[{"count":3,"href":"https:\/\/diariodigitalnea.com\/index.php\/wp-json\/wp\/v2\/posts\/2266\/revisions"}],"predecessor-version":[{"id":2287,"href":"https:\/\/diariodigitalnea.com\/index.php\/wp-json\/wp\/v2\/posts\/2266\/revisions\/2287"}],"wp:featuredmedia":[{"embeddable":true,"href":"https:\/\/diariodigitalnea.com\/index.php\/wp-json\/wp\/v2\/media\/2267"}],"wp:attachment":[{"href":"https:\/\/diariodigitalnea.com\/index.php\/wp-json\/wp\/v2\/media?parent=2266"}],"wp:term":[{"taxonomy":"category","embeddable":true,"href":"https:\/\/diariodigitalnea.com\/index.php\/wp-json\/wp\/v2\/categories?post=2266"},{"taxonomy":"post_tag","embeddable":true,"href":"https:\/\/diariodigitalnea.com\/index.php\/wp-json\/wp\/v2\/tags?post=2266"}],"curies":[{"name":"wp","href":"https:\/\/api.w.org\/{rel}","templated":true}]}}