{"id":2262,"date":"2022-10-14T12:14:07","date_gmt":"2022-10-14T12:14:07","guid":{"rendered":"https:\/\/diariodigitalnea.com\/?p=2262"},"modified":"2022-10-14T23:04:44","modified_gmt":"2022-10-14T23:04:44","slug":"arde-el-delta-los-incendios-comenzaron-en-varios-puntos","status":"publish","type":"post","link":"https:\/\/diariodigitalnea.com\/index.php\/2022\/10\/14\/arde-el-delta-los-incendios-comenzaron-en-varios-puntos\/","title":{"rendered":"Arde el Delta: los incendios comenzaron en varios puntos"},"content":{"rendered":"\n<p>Despu\u00e9s de algunos d\u00edas de relativa tranquilidad, las quemas volvieron con intensidad en el Delta del Paran\u00e1, esta vez con focos importantes frente a localidades del norte bonaerense como Ramallo, Baradero y San Nicol\u00e1s, as\u00ed como frente a la costa del sur de Santa Fe a la altura de Pueblo Esther y Villa Constituci\u00f3n.<\/p>\n\n\n\n<p>&nbsp;Ayer por la noche la lengua de fuego frente a Ramallo, a apenas 12 kil\u00f3metros isla adentro, hizo que tuvieran que ser evacuadas tres familias de la zona de Islas y que se quemaran colmenas, seg\u00fan cont\u00f3 el intendente de esa localidad de 45.000 habitantes, Gustavo Perie.<\/p>\n\n\n\n<p>\u201cHoy rot\u00f3 el viento y el humo se fue para Entre R\u00edos, pero el fuego sigue y con este viento est\u00e1 expandi\u00e9ndose. No s\u00e9 que superficie se quem\u00f3, pero es enorme\u201d dijo Perie, quien pidi\u00f3 que se montara una base de brigadistas en la zona para contar con m\u00e1s recursos a la hora de apagar los incendios.<\/p>\n\n\n\n<figure class=\"wp-block-image size-full\"><img fetchpriority=\"high\" decoding=\"async\" width=\"1024\" height=\"375\" src=\"http:\/\/diariodigitalnea.com\/wp-content\/uploads\/2022\/10\/CONSTRUCAL-CON-FABRICA.jpg\" alt=\"\" class=\"wp-image-2241\" srcset=\"https:\/\/diariodigitalnea.com\/wp-content\/uploads\/2022\/10\/CONSTRUCAL-CON-FABRICA.jpg 1024w, https:\/\/diariodigitalnea.com\/wp-content\/uploads\/2022\/10\/CONSTRUCAL-CON-FABRICA-300x110.jpg 300w, https:\/\/diariodigitalnea.com\/wp-content\/uploads\/2022\/10\/CONSTRUCAL-CON-FABRICA-768x281.jpg 768w\" sizes=\"(max-width: 1024px) 100vw, 1024px\" \/><figcaption>Publicidad: ContruCal Cales hidratas y vivas para uso vial y construcci\u00f3n TEL: 3624602737<\/figcaption><\/figure>\n\n\n\n<p>Seg\u00fan el reporte diario de incendios del ministerio de Ambiente de la Naci\u00f3n de hoy, se registran focos activos en al menos seis provincias, entre las cu\u00e1les est\u00e1n las tres que comparten el Delta: Santa Fe, Entre R\u00edos y Buenos Aires.<\/p>\n\n\n\n<p>All\u00ed operan, seg\u00fan fuentes oficiales, dos aviones hidrantes, dos helic\u00f3pteros con helibalde, un avi\u00f3n observador y dos helic\u00f3pteros para traslado de personal, junto a unos 60 brigadistas afectados al combate de los incendios.<\/p>\n\n\n\n<p>Desde enero de este a\u00f1o hasta el pasado 9 de octubre se registraron al menos 20.547 focos de calor en la zona Delta del Paran\u00e1 (Plan Integral Estrat\u00e9gico para la Conservaci\u00f3n y Aprovechamiento Sostenible), seg\u00fan los relevamientos que hace el museo de Ciencias Naturales de San Nicol\u00e1s.<\/p>\n\n\n\n<p>Esto significa que se quemaron m\u00e1s de 288.942 hect\u00e1reas (2888 kil\u00f3metros cuadrados), el equivalente a 12,6% de la superficie total de ese valioso ecosistema de 2,2 millones de hect\u00e1reas.<\/p>\n","protected":false},"excerpt":{"rendered":"<p>Despu\u00e9s de algunos d\u00edas de relativa tranquilidad, las quemas volvieron con intensidad en el Delta del Paran\u00e1, esta vez con focos importantes frente a localidades del norte bonaerense como Ramallo, Baradero y San Nicol\u00e1s, as\u00ed como frente a la costa del sur de Santa Fe a la altura de Pueblo Esther y Villa Constituci\u00f3n. &nbsp;Ayer [&hellip;]<\/p>\n","protected":false},"author":3,"featured_media":2263,"comment_status":"closed","ping_status":"closed","sticky":false,"template":"","format":"standard","meta":{"om_disable_all_campaigns":false,"_monsterinsights_skip_tracking":false,"_monsterinsights_sitenote_active":false,"_monsterinsights_sitenote_note":"","_monsterinsights_sitenote_category":0,"footnotes":""},"categories":[90],"tags":[762,359,763,764],"class_list":["post-2262","post","type-post","status-publish","format-standard","has-post-thumbnail","hentry","category-nacionales","tag-delta-del-parana","tag-incendios","tag-ministerio-de-ambiente-de-la-nacion","tag-plan-integral-estrategico"],"aioseo_notices":[],"amp_enabled":true,"_links":{"self":[{"href":"https:\/\/diariodigitalnea.com\/index.php\/wp-json\/wp\/v2\/posts\/2262","targetHints":{"allow":["GET"]}}],"collection":[{"href":"https:\/\/diariodigitalnea.com\/index.php\/wp-json\/wp\/v2\/posts"}],"about":[{"href":"https:\/\/diariodigitalnea.com\/index.php\/wp-json\/wp\/v2\/types\/post"}],"author":[{"embeddable":true,"href":"https:\/\/diariodigitalnea.com\/index.php\/wp-json\/wp\/v2\/users\/3"}],"replies":[{"embeddable":true,"href":"https:\/\/diariodigitalnea.com\/index.php\/wp-json\/wp\/v2\/comments?post=2262"}],"version-history":[{"count":3,"href":"https:\/\/diariodigitalnea.com\/index.php\/wp-json\/wp\/v2\/posts\/2262\/revisions"}],"predecessor-version":[{"id":2293,"href":"https:\/\/diariodigitalnea.com\/index.php\/wp-json\/wp\/v2\/posts\/2262\/revisions\/2293"}],"wp:featuredmedia":[{"embeddable":true,"href":"https:\/\/diariodigitalnea.com\/index.php\/wp-json\/wp\/v2\/media\/2263"}],"wp:attachment":[{"href":"https:\/\/diariodigitalnea.com\/index.php\/wp-json\/wp\/v2\/media?parent=2262"}],"wp:term":[{"taxonomy":"category","embeddable":true,"href":"https:\/\/diariodigitalnea.com\/index.php\/wp-json\/wp\/v2\/categories?post=2262"},{"taxonomy":"post_tag","embeddable":true,"href":"https:\/\/diariodigitalnea.com\/index.php\/wp-json\/wp\/v2\/tags?post=2262"}],"curies":[{"name":"wp","href":"https:\/\/api.w.org\/{rel}","templated":true}]}}