{"id":2236,"date":"2022-10-13T16:58:51","date_gmt":"2022-10-13T16:58:51","guid":{"rendered":"https:\/\/diariodigitalnea.com\/?p=2236"},"modified":"2022-10-13T16:59:30","modified_gmt":"2022-10-13T16:59:30","slug":"choque-brutal-de-motos-en-fontana-una-joven-sufrio-amputacion-traumatica-de-la-pierna","status":"publish","type":"post","link":"https:\/\/diariodigitalnea.com\/index.php\/2022\/10\/13\/choque-brutal-de-motos-en-fontana-una-joven-sufrio-amputacion-traumatica-de-la-pierna\/","title":{"rendered":"Choque brutal de motos en Fontana: una joven sufri\u00f3 \u201camputaci\u00f3n traum\u00e1tica\u201d de la pierna"},"content":{"rendered":"\n<p>El hecho se produjo en calle Santiago del Estero al 5300, de la ciudad de Fontana entre dos motocicletas. La conductora de uno de los rodados termin\u00f3 con una \u201camputaci\u00f3n traum\u00e1tica\u201d de una de sus piernas, mientras que el otro conductor se dio a la fuga.<\/p>\n\n\n\n<p>Seg\u00fan se indica en el parte policial el siniestro se produjo anoche, alrededor de las 22.50 entre una motocicleta Yamaha Crypton, la cual era conducida por una joven de 29 a\u00f1os acompa\u00f1ada de su hermana de 24 y otra motocicleta Honda Wave, conducida por un joven de 25 a\u00f1os, quien tras protagonizar la colisi\u00f3n decidi\u00f3 darse a la fuga.<\/p>\n\n\n\n<p>Al lugar asisti\u00f3 una ambulancia, que traslad\u00f3 a las j\u00f3venes al hospital Perrando. En el nosocomio se confirm\u00f3 la \u201camputaci\u00f3n traum\u00e1tica\u201d de la pierna izquierda de la conductora de la moto. Esta joven a\u00fan se encuentra en \u201cestado grave\u201d. La hermana, en cambio presenta traumatismo en la pierna izquierda, aunque se encuentra fuera de peligro.<\/p>\n","protected":false},"excerpt":{"rendered":"<p>El hecho se produjo en calle Santiago del Estero al 5300, de la ciudad de Fontana entre dos motocicletas. La conductora de uno de los rodados termin\u00f3 con una \u201camputaci\u00f3n traum\u00e1tica\u201d de una de sus piernas, mientras que el otro conductor se dio a la fuga. Seg\u00fan se indica en el parte policial el siniestro [&hellip;]<\/p>\n","protected":false},"author":3,"featured_media":2237,"comment_status":"closed","ping_status":"closed","sticky":false,"template":"","format":"standard","meta":{"om_disable_all_campaigns":false,"_monsterinsights_skip_tracking":false,"_monsterinsights_sitenote_active":false,"_monsterinsights_sitenote_note":"","_monsterinsights_sitenote_category":0,"footnotes":""},"categories":[33,52],"tags":[757,593,84,756],"class_list":["post-2236","post","type-post","status-publish","format-standard","has-post-thumbnail","hentry","category-chaco","category-policiales","tag-amputacion-traumatica","tag-fontana","tag-motociclista","tag-siniestro-vial"],"aioseo_notices":[],"amp_enabled":true,"_links":{"self":[{"href":"https:\/\/diariodigitalnea.com\/index.php\/wp-json\/wp\/v2\/posts\/2236","targetHints":{"allow":["GET"]}}],"collection":[{"href":"https:\/\/diariodigitalnea.com\/index.php\/wp-json\/wp\/v2\/posts"}],"about":[{"href":"https:\/\/diariodigitalnea.com\/index.php\/wp-json\/wp\/v2\/types\/post"}],"author":[{"embeddable":true,"href":"https:\/\/diariodigitalnea.com\/index.php\/wp-json\/wp\/v2\/users\/3"}],"replies":[{"embeddable":true,"href":"https:\/\/diariodigitalnea.com\/index.php\/wp-json\/wp\/v2\/comments?post=2236"}],"version-history":[{"count":1,"href":"https:\/\/diariodigitalnea.com\/index.php\/wp-json\/wp\/v2\/posts\/2236\/revisions"}],"predecessor-version":[{"id":2238,"href":"https:\/\/diariodigitalnea.com\/index.php\/wp-json\/wp\/v2\/posts\/2236\/revisions\/2238"}],"wp:featuredmedia":[{"embeddable":true,"href":"https:\/\/diariodigitalnea.com\/index.php\/wp-json\/wp\/v2\/media\/2237"}],"wp:attachment":[{"href":"https:\/\/diariodigitalnea.com\/index.php\/wp-json\/wp\/v2\/media?parent=2236"}],"wp:term":[{"taxonomy":"category","embeddable":true,"href":"https:\/\/diariodigitalnea.com\/index.php\/wp-json\/wp\/v2\/categories?post=2236"},{"taxonomy":"post_tag","embeddable":true,"href":"https:\/\/diariodigitalnea.com\/index.php\/wp-json\/wp\/v2\/tags?post=2236"}],"curies":[{"name":"wp","href":"https:\/\/api.w.org\/{rel}","templated":true}]}}