{"id":2179,"date":"2022-10-12T02:18:44","date_gmt":"2022-10-12T02:18:44","guid":{"rendered":"https:\/\/diariodigitalnea.com\/?p=2179"},"modified":"2022-10-12T02:19:30","modified_gmt":"2022-10-12T02:19:30","slug":"premios-martin-fierro-de-cable-2022-se-dieron-a-conocer-los-verdaderos-nominados","status":"publish","type":"post","link":"https:\/\/diariodigitalnea.com\/index.php\/2022\/10\/12\/premios-martin-fierro-de-cable-2022-se-dieron-a-conocer-los-verdaderos-nominados\/","title":{"rendered":"Premios Mart\u00edn Fierro de Cable 2022: se dieron a conocer los verdaderos nominados"},"content":{"rendered":"\n<p>Luego del esc\u00e1ndalo por la lista filtrada, APTRA difundi\u00f3 qui\u00e9nes son los ternados para la ceremonia del 20 de octubre.<\/p>\n\n\n\n<p>Hace unos d\u00edas, Luis Ventura ten\u00eda intenciones de renunciar como presidente de la Asociaci\u00f3n de Periodistas de la Televisi\u00f3n y la Radiofon\u00eda Argentinas (APTRA) tras la filtraci\u00f3n de la lista de nominados para los Premios Mart\u00edn Fierro de Cable 2022.<\/p>\n\n\n\n<p>Despu\u00e9s de pensar la situaci\u00f3n en fr\u00edo, el conductor de Secretos Verdaderos (Am\u00e9rica TV) tom\u00f3 a decisi\u00f3n de seguir como la m\u00e1xima autoridad de dicha entidad.<\/p>\n\n\n\n<figure class=\"wp-block-image size-large\"><img fetchpriority=\"high\" decoding=\"async\" width=\"1024\" height=\"576\" src=\"http:\/\/diariodigitalnea.com\/wp-content\/uploads\/2022\/10\/ventira-1024x576.jpg\" alt=\"\" class=\"wp-image-2181\" srcset=\"https:\/\/diariodigitalnea.com\/wp-content\/uploads\/2022\/10\/ventira-1024x576.jpg 1024w, https:\/\/diariodigitalnea.com\/wp-content\/uploads\/2022\/10\/ventira-300x169.jpg 300w, https:\/\/diariodigitalnea.com\/wp-content\/uploads\/2022\/10\/ventira-768x432.jpg 768w, https:\/\/diariodigitalnea.com\/wp-content\/uploads\/2022\/10\/ventira.jpg 1200w\" sizes=\"(max-width: 1024px) 100vw, 1024px\" \/><\/figure>\n\n\n\n<p>Tras la pol\u00e9mica, Ventura explic\u00f3 que la lista que se filtr\u00f3 no era definitiva. \u00abHubo un mal entendido de una entrega de comunicaci\u00f3n, que tuvo que corregirse\u00bb, precis\u00f3 el periodista.<\/p>\n\n\n\n<p>En las \u00faltimas horas, desde APTRA dieron a conocer qui\u00e9nes son los verdaderos nominados de los Premios Mart\u00edn Fierro de Cable 2022.<\/p>\n\n\n\n<p>Los nominados de los Premios Mart\u00edn Fierro 2022<\/p>\n\n\n\n<p><strong>INTER\u00c9S GENERAL<\/strong><\/p>\n\n\n\n<ul class=\"wp-block-list\"><li>DICHO ESTO (LUIS NOVARESIO &#8211; A24)<\/li><li>M\u00c1S DATA (GUADALUPE VAZQUEZ\/ FRANCISCO OLIVERA \u2013 LN+)<\/li><li>PARANORMAL (MARCO BUSTAMANTE \u2013 CRONICA HD)<\/li><li>SOBREDOSIS DE TV (ELIZABETH VERNACI Y JUAN DI NATALE \u2013 C5N)<\/li><li>TRASNOCHE 26 (H\u00c9CTOR ROSSI \u2013 CANAL 26)<\/li><\/ul>\n\n\n\n<p><strong>MAGAZINE<\/strong><\/p>\n\n\n\n<ul class=\"wp-block-list\"><li>MA\u00d1AN\u00cdSIMA (CARMEN BARBIERI &#8211; CIUDAD MAGAZINE)<\/li><li>NUESTRA TARDE (DOMINIQUE METZGER &#8211; TN)<\/li><li>VIVO EL SABADO (EDUARDO BATTAGLIA &#8211; A24)<\/li><li>EL RUN RUN DEL ESPECT\u00c1CULO (LIO PECORARO Y FERNANDO PIAGGIO \u2013 CR\u00d3NICA HD)<\/li><\/ul>\n\n\n\n<p><strong>ECON\u00d3MICO<\/strong><\/p>\n\n\n\n<ul class=\"wp-block-list\"><li>CAF\u00c9 FINANCIERO (ALEJANDRO LISKA \u2013 METRO)<\/li><li>ECONOM\u00cdA &amp; REAL STATE (DANIEL ZAMPONE \u2013 METRO)<\/li><li>\u00bfQU\u00c9 HACEMOS CON LOS PESOS? (M. OTALORA &#8211; A24)<\/li><\/ul>\n\n\n\n<p><strong>PERIOD\u00cdSTICO<\/strong><\/p>\n\n\n\n<ul class=\"wp-block-list\"><li>CONECTA2 (MARIA O\u00b4DONNELL\/ERNESTO TENEMBAUM CNNE)<\/li><li>EL CORRESPONSAL (NELSON CASTRO \u2013 TN)<\/li><li>MAS REALIDAD (JONATHAN VIALE \u2013 LN+)<\/li><li>MINUTOUNO (GUSTAVO SYLVESTRE \u2013 C5N)<\/li><li>GPS (ROLANDO GRA\u00d1A \u2013 A24)<\/li><\/ul>\n\n\n\n<p><strong>CULTURAL\/EDUCATIVO<\/strong><\/p>\n\n\n\n<ul class=\"wp-block-list\"><li>CIUDAD DE CUPULAS (ANIBAL PACHANO \u2013 CANAL A)<\/li><li>HISTORIAS RICAS (DANIEL BALNACEDA Y FEDERICO WIEMEYER \u2013 TN)<\/li><li>LA TIERRA HABLA (BOY OLMI \u2013 ENCUENTRO)<\/li><\/ul>\n\n\n\n<p><strong>ARTE Y TENDENCIA<\/strong><\/p>\n\n\n\n<ul class=\"wp-block-list\"><li>MUNDOS PARALELOS (JULIETA DIAZ &#8211; ENCUENTRO)<\/li><li>TEATRO ABIERTO (ENCUENTRO)<\/li><li>TODO SE TRANSFORMA (DIEGO RAMOS \u2013 DISCOVERY HOME &amp; HEALTH)<\/li><\/ul>\n\n\n\n<p><strong>NOTICIERO<\/strong><\/p>\n\n\n\n<ul class=\"wp-block-list\"><li>BUENOS DIAS AM\u00c9RICA (ANTONIO LAJE Y MARIA BELEN LUDUE\u00d1A &#8211; A24)<\/li><li>CHICHE 2021 (SAMUEL \u201cCHICHE\u201d GELBLUNG Y SOFIA MONACHELI \u2013 CRONICA HD)<\/li><li>CRONICA CENTRAL (DIEGO MORANZONI Y GERM\u00c1N M\u00d3NACO \u2013 CRONICA HD)<\/li><li>TEMPRANEROS (SERGIO LAPEGUE Y ROXY VAZQUEZ &#8211; TN)<\/li><li>TN CENTRAL (FRANCO MERCURIALI, CAROLINA AMOROSO Y MARU DUFFARD \u2013 TN)<\/li><\/ul>\n\n\n\n<p><strong>NOTICIERO DEPORTIVO<\/strong><\/p>\n\n\n\n<ul class=\"wp-block-list\"><li>SPORTIA (GASTON RECONDO, GUIDO BERCOVICH, GERM\u00c1N GIANI, JUAN MART\u00cdN RINALDI, CRISTIAN GAR\u00d3FALO, JESSICA DORADO, MAR\u00cdA JOS\u00c9 \u201cMAJO\u201d LEZCANO Y PABLO LAM\u00c9DICA TYC SPORTS)<\/li><li>SPORTSCENTER (GERMAN PAOLOSKI, ALINA MOINE, CECILIA \u201cCHECHU\u201d BONELLI, PABLO STECCO, JORGE BARRIL, PABLO FERREIRA, MERCEDES MARGALOT, AGOSTINA LAROCCA, AGOSTINA SCALISE, MORENA BELTRAN, MARCELO L\u00d3PEZ, AYRTON RUIZ, MARTIN ALTBERG, FRANCISCO CANEPA, MAXIMO PALMA, JUAN MARCONI Y JUAN IGNACIO \u201cJUANI\u201d GUILLEM \u2013 ESPN)<\/li><li>SPORTSCENTER NIGHT (ALINA MOINE, DIEGO MONROIG, JAVIER GIL NAVARRO, NICOLAS BRUSCO, JUAN CARLOS PELLEGRINI Y GONZALO CARDOZO &#8211; ESPN)<\/li><\/ul>\n\n\n\n<p><strong>DEPORTIVO<\/strong><\/p>\n\n\n\n<ul class=\"wp-block-list\"><li>#BONADEO (GONZALO BONADEO Y GUIDO BERCOVICH \u2013 TYC SPORTS)<\/li><li>EQUIPO F (SEBASTIAN \u201cEL POLLO\u201d VIGNOLO &#8211; ESPN)<\/li><li>ESPN F10 (GUSTAVO LOPEZ &#8211; ESPN)<\/li><li>F\u00daTBOL SIN MANCHAS (GABRIEL ANELLO \u2013 CANAL 26)<\/li><\/ul>\n\n\n\n<p><strong>PERIODISTICO DEPORTIVO<\/strong><\/p>\n\n\n\n<ul class=\"wp-block-list\"><li>ESPN F90 (SEBASTIAN VIGNOLO &#8211; ESPN)<\/li><li>ESTUDIO F\u00daTBOL (GAST\u00d3N RECONDO, MARCELO PALACIOS, HUGO BALASSONE, AGUSTIN FANTASIA Y LEO FARINELLA &#8211; TYC SPORTS)<\/li><li>L\u00cdBERO (ARIEL RODR\u00cdGUEZ Y ARIEL SENOSIAIN &#8211; TYC SPORTS)<\/li><\/ul>\n\n\n\n<p><strong>DEPORTES EXTREMOS<\/strong><\/p>\n\n\n\n<ul class=\"wp-block-list\"><li>ESPN X (ESPN)<\/li><li>INSTINTO NATURAL (DEPORTV)<\/li><li>WINTER NEWS (DEBORA BUSTOS &#8211; ESPN\/FOX SPORTS)<\/li><\/ul>\n\n\n\n<p><strong>MUSICAL (TANGO\/FOLKLORE)<\/strong><\/p>\n\n\n\n<ul class=\"wp-block-list\"><li>100 A\u00d1OS DE PIAZZOLLA (ENCUENTRO)<\/li><li>C\u00d3DIGO GUITARRA (ERNESTO SNAJER \u2013 CANAL A)<\/li><li>FOLKLORE EN CASA (VICTORIA CASAURANG \u2013 CANAL DE LA CIUDAD)<\/li><\/ul>\n\n\n\n<p><strong>MUSICAL (POP \/ ROCK \/ LATINO \/ JAZZ)<\/strong><\/p>\n\n\n\n<ul class=\"wp-block-list\"><li>BANDA SOPORTE (GERMAN \u201cEL TANO\u201d NIETO Y DIEGO \u201cRULO\u201d GOMEZ \u2013 QUIERO MUSICA EN MI IDIOMA)<\/li><li>LA VIOLA (TN)<\/li><li>METE P\u00daA! (DIEGO MIZRAHI \u2013 CANAL A)<\/li><\/ul>\n\n\n\n<p><strong>INFANTIL \/ JUVENIL<\/strong><\/p>\n\n\n\n<ul class=\"wp-block-list\"><li>EL CLUB DEL CHIRIBITIL (PAKAPAKA)<\/li><li>INTELIGENCIA ANIMAL (PAKA PAKA)<\/li><li>LAS AVENTURAS DE MEDIALUNA (PAKA PAKA)<\/li><\/ul>\n\n\n\n<p><strong>SERVICIO INFORMATIVO<\/strong><\/p>\n\n\n\n<ul class=\"wp-block-list\"><li>A24<\/li><li>C5N<\/li><li>CRONICA<\/li><li>TN<\/li><\/ul>\n\n\n\n<p><strong>DOCUMENTAL<\/strong><\/p>\n\n\n\n<ul class=\"wp-block-list\"><li>2001: EL A\u00d1O DEL CORRALITO (HISTORY)<\/li><li>EVA, EL CAMINO DEL PUEBLO (ENCUENTRO)<\/li><li>LA VERDAD SOBRE LA MUERTE DE MARADONA (TN)<\/li><\/ul>\n\n\n\n<p><strong>TEMAS M\u00c9DICOS<\/strong><\/p>\n\n\n\n<ul class=\"wp-block-list\"><li>A CIENCIA CIERTA (STAMBOULIAN \u2013 METRO)<\/li><li>BEAUTY TV (CIUDAD MAGAZINE)<\/li><li>MALBRAN, HEROES SILENCIOSOS (ENCUENTRO)<\/li><li>TESIS EN SALUD (VERONICA VARANO \u2013 A24)<\/li><\/ul>\n\n\n\n<p><strong>VIDA SANA<\/strong><\/p>\n\n\n\n<ul class=\"wp-block-list\"><li>ESPN YOGA (ESPN)<\/li><li>FELIZ VIDA (HERNAN LIRIO \u2013 CRONICA TV)<\/li><li>SERES LIBRES (GASTON PAULS &#8211; CRONICA HD)<\/li><\/ul>\n\n\n\n<p><strong>CULINARIO<\/strong><\/p>\n\n\n\n<ul class=\"wp-block-list\"><li>PANTAGRUELICO TAKE AWAY (DIEGO PEREZ \u2013 CANAL DE LA CIUDAD)<\/li><li>PARRILLA PARA TODOS LOS DIAS (FELICITAS PIZARRO Y CHRISTIAN PETERSEN \u2013 EL GOURMET)<\/li><li>PARRILLEROS SPACE (CHRISTOPHE KRYWONIS \u2013 SPACE)<\/li><\/ul>\n\n\n\n<p><strong>PROGRAMA RURAL<\/strong><\/p>\n\n\n\n<ul class=\"wp-block-list\"><li>A CORRAL (SILVIO BAIOCCO &#8211; CANAL RURAL)<\/li><li>BICHOS DE CAMPO (MATIAS LONGONY \u2013 METRO)<\/li><li>MAS CAMPO (ELEONORA COLE \u2013 LN+)<\/li><\/ul>\n\n\n\n<p><strong>TURISMO Y TIEMPO LIBRE<\/strong><\/p>\n\n\n\n<ul class=\"wp-block-list\"><li>EL TURISMO Y LA HOSPITALIDAD (CRISTINA CASTRO Y MEME CASTRO \u2013 CANAL 26)<\/li><li>MODO AVI\u00d3N (DANIEL MONTERO \u2013 METRO)<\/li><li>MUNDO VISUAL (MIRTHA G\u00d3MEZ VILLALBA \u2013 A24)<\/li><li>RUMBO NORTE (KARINA MAZZOCCO \u2013 A24)<\/li><\/ul>\n\n\n\n<p><strong>FEMENINO \/ MODA<\/strong><\/p>\n\n\n\n<ul class=\"wp-block-list\"><li>ADN MODA (FABIANA ARAUJO \u2013 METRO)<\/li><li>LA JAULA DE LA MODA (HORACIO CABAK \u2013 CIUDAD MAGAZINE)<\/li><li>MIX DE MODAS (A24)<\/li><\/ul>\n\n\n\n<p><strong>DE SERVICIOS<\/strong><\/p>\n\n\n\n<ul class=\"wp-block-list\"><li>CON VOS 24 HORAS (TETE COUSTAROT \u2013 A24)<\/li><li>EL DEFENSOR (ADRIAN FRASCINO Y FACUNDO FRASCINO \u2013 CRONICA HD)<\/li><li>FENOMENOS (TN)<\/li><li>LO JUSTO Y NECESARIO (CLARA SALGUERO \u2013 A24)<\/li><\/ul>\n\n\n\n<p><strong>JUEGOS \/ ENTRETENIMIENTOS \/ REALITY \/ HUMOR<\/strong><\/p>\n\n\n\n<ul class=\"wp-block-list\"><li>ACTITUD FREESTYLE \u2013 QUINTA TEMPORADA (MTV)<\/li><li>EL PASE \/ REDESPIERTOS (GUIDO MARTINEZ Y FERNANDO MOLINERO &#8211; TN)<\/li><li>YO CANTO COMO (CRISTIAN VANADIA \u2013 QUIERO MUSICA EN MI IDIOMA)<\/li><\/ul>\n\n\n\n<p><strong>PRODUCCI\u00d3N INTEGRAL<\/strong><\/p>\n\n\n\n<ul class=\"wp-block-list\"><li>A DOS VOCES (MARCELO BONELLI Y EDGARDO ALFANO \u2013 TN)<\/li><li>MINUTOUNO (GUSTAVO SYLVESTRE \u2013 C5N)<\/li><li>TN<\/li><li>LN+<\/li><\/ul>\n\n\n\n<p><strong>LABOR HUMOR\u00cdSTICA<\/strong><\/p>\n\n\n\n<ul class=\"wp-block-list\"><li>GRANADOS, MIGUE (ESPN PLAYROOM \u2013 ESPN)<\/li><li>MUZZIO, PATO (ESPN F360 \u2013 ESPN)<\/li><li>TARICO, ARIEL (TN)<\/li><\/ul>\n\n\n\n<p><strong>LABOR CONDUCCI\u00d3N FEMENINA<\/strong><\/p>\n\n\n\n<ul class=\"wp-block-list\"><li>AMOROSO, CAROLINA (TN CENTRAL \u2013 TN)<\/li><li>BRIZUELA, MONSERRAT (LA TARDE DE CR\u00d3NICA \u2013 CR\u00d3NICA)<\/li><li>BALLESTER, DANIELA (NOS VEMOS Y DEBATE ABIERTO &#8211; C5N)<\/li><\/ul>\n\n\n\n<p><strong>LABOR CONDUCCI\u00d3N MASCULINA<\/strong><\/p>\n\n\n\n<ul class=\"wp-block-list\"><li>BATTAGLIA, EDUARDO (VIVO EL S\u00c1BADO \u2013 A24)<\/li><li>GIRON, NACHO (CNN REDACCION BUENOS AIRES \u2013 CNNE)<\/li><li>MORANZONI, DIEGO (CR\u00d3NICA 2021, CR\u00d3NICA NOTICIAS, DOMINGO A LA TARDE \u2013 CR\u00d3NICA HD)<\/li><\/ul>\n\n\n\n<p><strong>LABOR PERIOD\u00cdSITCA DEPORTIVA<\/strong><\/p>\n\n\n\n<ul class=\"wp-block-list\"><li>BONADEO, GONZALO (JUEGOS OLIMPICOS Y #BONADEO &#8211; TYC SPORTS)<\/li><li>CLOSS, MARIANO (EQUIPO F Y ESPN F12 \u2013 ESPN)<\/li><li>RODR\u00cdGUEZ, ARIEL (PASO A PASO, PRESION ALTA, COPA AMERICA Y L\u00cdBERO \u2013 (TYC SPORTS)<\/li><li>VARSKY JUAN PABLO (TNT SPORT)<\/li><li>VIGNOLO, SEBASTIAN (ESPN F90 \u2013 ESPN)<\/li><\/ul>\n\n\n\n<p><strong>LABOR PERIOD\u00cdSTICA FEMENINA<\/strong><\/p>\n\n\n\n<ul class=\"wp-block-list\"><li>BESARES, TAMARA (TIEMPO REAL \u2013 CR\u00d3NICA HD)<\/li><li>LUDUE\u00d1A BELEN (BUENOS DIAS AMERICA &#8211; A24)<\/li><li>SALGUERO, CLARA (EQUIPO DE NOTICIAS Y VIVO EL SABADO &#8211; A24)<\/li><li>SAMPEDRO, VALERIA (TN)<\/li><\/ul>\n\n\n\n<p><strong>LABOR PERIOD\u00cdSTICA MASCULINA<\/strong><\/p>\n\n\n\n<ul class=\"wp-block-list\"><li>ALFANO, EDGARDO (A DOS VOCES &#8211; TN)<\/li><li>CASTRO, NELSON (TN)<\/li><li>GELBLUNG, SAMUEL \u201cCHICHE\u201d (LAS NUEVAS TRAGEDIAS DE LOS FAMOSOS \u2013 CRONICA HD)<\/li><\/ul>\n\n\n\n<p><strong>AVISO PUBLICITARIO<\/strong><\/p>\n\n\n\n<ul class=\"wp-block-list\"><li>CARTA (UNICENTER \u2013 DON)<\/li><li>ESP\u00cdRITU NAVIDE\u00d1O (MERCADO PAGO \u2013 GUT)<\/li><li>LA CARA DEL MUNDIAL (PHILCO \u2013 GUT)<\/li><\/ul>\n","protected":false},"excerpt":{"rendered":"<p>Luego del esc\u00e1ndalo por la lista filtrada, APTRA difundi\u00f3 qui\u00e9nes son los ternados para la ceremonia del 20 de octubre. Hace unos d\u00edas, Luis Ventura ten\u00eda intenciones de renunciar como presidente de la Asociaci\u00f3n de Periodistas de la Televisi\u00f3n y la Radiofon\u00eda Argentinas (APTRA) tras la filtraci\u00f3n de la lista de nominados para los Premios [&hellip;]<\/p>\n","protected":false},"author":3,"featured_media":2180,"comment_status":"closed","ping_status":"closed","sticky":false,"template":"","format":"standard","meta":{"om_disable_all_campaigns":false,"_monsterinsights_skip_tracking":false,"_monsterinsights_sitenote_active":false,"_monsterinsights_sitenote_note":"","_monsterinsights_sitenote_category":0,"footnotes":""},"categories":[7],"tags":[21,729,730],"class_list":["post-2179","post","type-post","status-publish","format-standard","has-post-thumbnail","hentry","category-espectaculos","tag-espectaculos","tag-martin-fierro-de-cable-2022","tag-nominados"],"aioseo_notices":[],"amp_enabled":true,"_links":{"self":[{"href":"https:\/\/diariodigitalnea.com\/index.php\/wp-json\/wp\/v2\/posts\/2179","targetHints":{"allow":["GET"]}}],"collection":[{"href":"https:\/\/diariodigitalnea.com\/index.php\/wp-json\/wp\/v2\/posts"}],"about":[{"href":"https:\/\/diariodigitalnea.com\/index.php\/wp-json\/wp\/v2\/types\/post"}],"author":[{"embeddable":true,"href":"https:\/\/diariodigitalnea.com\/index.php\/wp-json\/wp\/v2\/users\/3"}],"replies":[{"embeddable":true,"href":"https:\/\/diariodigitalnea.com\/index.php\/wp-json\/wp\/v2\/comments?post=2179"}],"version-history":[{"count":1,"href":"https:\/\/diariodigitalnea.com\/index.php\/wp-json\/wp\/v2\/posts\/2179\/revisions"}],"predecessor-version":[{"id":2182,"href":"https:\/\/diariodigitalnea.com\/index.php\/wp-json\/wp\/v2\/posts\/2179\/revisions\/2182"}],"wp:featuredmedia":[{"embeddable":true,"href":"https:\/\/diariodigitalnea.com\/index.php\/wp-json\/wp\/v2\/media\/2180"}],"wp:attachment":[{"href":"https:\/\/diariodigitalnea.com\/index.php\/wp-json\/wp\/v2\/media?parent=2179"}],"wp:term":[{"taxonomy":"category","embeddable":true,"href":"https:\/\/diariodigitalnea.com\/index.php\/wp-json\/wp\/v2\/categories?post=2179"},{"taxonomy":"post_tag","embeddable":true,"href":"https:\/\/diariodigitalnea.com\/index.php\/wp-json\/wp\/v2\/tags?post=2179"}],"curies":[{"name":"wp","href":"https:\/\/api.w.org\/{rel}","templated":true}]}}