{"id":2106,"date":"2022-10-11T11:46:02","date_gmt":"2022-10-11T11:46:02","guid":{"rendered":"https:\/\/diariodigitalnea.com\/?p=2106"},"modified":"2022-10-11T23:43:24","modified_gmt":"2022-10-11T23:43:24","slug":"el-yaco-guarnieri-alista-motores-para-recibir-el-top-race-este-fin-de-semana","status":"publish","type":"post","link":"https:\/\/diariodigitalnea.com\/index.php\/2022\/10\/11\/el-yaco-guarnieri-alista-motores-para-recibir-el-top-race-este-fin-de-semana\/","title":{"rendered":"El \u201cYaco\u201d Guarnieri alista motores para recibir al Top Race este fin de semana"},"content":{"rendered":"\n<p>Por iniciativa del Intendente Gustavo Mart\u00ednez, junto a pilotos locales y con el Aut\u00f3dromo Municipal Santiago \u201cYaco\u201d Guarnieri recuperado y en condiciones, Resistencia se prepara para recibir al Top Race. Este fin de semana se llevaron adelante las pruebas comunitarias previas a la realizaci\u00f3n de la 10\u00aa fecha que se correr\u00e1 este 14, 15 y 16 de octubre, tras 5 a\u00f1os de ausencia y convocando a m\u00e1s de 60 pilotos.<\/p>\n\n\n\n<p>El p\u00fablico interesado en asistir tendr\u00e1 la posibilidad de contar con entradas generales libres y gratuitas. Adem\u00e1s, el evento contar\u00e1 con feria de emprendedores, foodtrucks y gastron\u00f3micos.<\/p>\n\n\n\n<p>El subsecretario de Deportes y Actividad F\u00edsica Urbana, Federico Maza, sostuvo que \u201cResistencia nuevamente vuelve a tener el Top Race, que es un espect\u00e1culo \u00fanico para toda la regi\u00f3n\u201d, y agreg\u00f3 que \u201cel Aut\u00f3dromo del Pueblo es un icono en el norte y es una plaza importante que ayuda a la reactivaci\u00f3n econ\u00f3mica local\u201d.<\/p>\n\n\n\n<p>En igual sentido, indic\u00f3 que \u201cen las pruebas comunitarias distintos veh\u00edculos de diferentes categor\u00edas estuvieron probando el estado del circuito\u201d.<\/p>\n\n\n\n<p>Asimismo, puntualiz\u00f3 que \u201cse trabaj\u00f3 con arreglos en pista, colocando pianos nuevos y aplicando pintura para dejar todo en condiciones para el fin de semana que viene\u201d.<\/p>\n\n\n\n<figure class=\"wp-block-image size-large\"><img fetchpriority=\"high\" decoding=\"async\" width=\"1024\" height=\"683\" src=\"http:\/\/diariodigitalnea.com\/wp-content\/uploads\/2022\/10\/top2-1024x683.jpg\" alt=\"\" class=\"wp-image-2108\" srcset=\"https:\/\/diariodigitalnea.com\/wp-content\/uploads\/2022\/10\/top2-1024x683.jpg 1024w, https:\/\/diariodigitalnea.com\/wp-content\/uploads\/2022\/10\/top2-300x200.jpg 300w, https:\/\/diariodigitalnea.com\/wp-content\/uploads\/2022\/10\/top2-768x512.jpg 768w, https:\/\/diariodigitalnea.com\/wp-content\/uploads\/2022\/10\/top2-900x600.jpg 900w, https:\/\/diariodigitalnea.com\/wp-content\/uploads\/2022\/10\/top2.jpg 1134w\" sizes=\"(max-width: 1024px) 100vw, 1024px\" \/><\/figure>\n\n\n\n<p>El reconocido piloto local, Oscar \u201cZapallito\u201d S\u00e1nchez, remarc\u00f3 que \u201ces una alegr\u00eda poder participar de este gran evento que se desarrollar\u00e1 el pr\u00f3ximo viernes, s\u00e1bado y domingo, y que representa la vuelta del automovilismo grande al Santiago Yaco Guarnieri\u201d.<\/p>\n\n\n\n<p>Adem\u00e1s, se\u00f1al\u00f3 que \u201cel aut\u00f3dromo se encuentra en perfectas condiciones, ya que se trabaj\u00f3 mucho en poco tiempo haciendo hincapi\u00e9 en las medidas de seguridad y prevenci\u00f3n\u201d.<\/p>\n\n\n\n<figure class=\"wp-block-image size-large\"><img decoding=\"async\" width=\"1024\" height=\"375\" src=\"https:\/\/diariodigitalnea.com\/wp-content\/uploads\/2022\/10\/CONSTRUCAL-CON-FABRICA-copy-5-1024x375.jpg\" alt=\"\" class=\"wp-image-2171\" srcset=\"https:\/\/diariodigitalnea.com\/wp-content\/uploads\/2022\/10\/CONSTRUCAL-CON-FABRICA-copy-5-1024x375.jpg 1024w, https:\/\/diariodigitalnea.com\/wp-content\/uploads\/2022\/10\/CONSTRUCAL-CON-FABRICA-copy-5-300x110.jpg 300w, https:\/\/diariodigitalnea.com\/wp-content\/uploads\/2022\/10\/CONSTRUCAL-CON-FABRICA-copy-5-768x281.jpg 768w, https:\/\/diariodigitalnea.com\/wp-content\/uploads\/2022\/10\/CONSTRUCAL-CON-FABRICA-copy-5.jpg 1230w\" sizes=\"(max-width: 1024px) 100vw, 1024px\" \/><figcaption>Publicidad: ContruCal Cales hidratas y vivas para uso vial y construcci\u00f3n TEL: 3624602737<\/figcaption><\/figure>\n\n\n\n<p>Por su parte, el corredor oriundo de la localidad correntina de Virasoro, Federico Coll, coment\u00f3 que \u201cal aut\u00f3dromo se lo ve muy bien y la pista est\u00e1 en \u00f3ptimas condiciones, y no tiene nada que envidiar a otros circuitos nacionales\u201d.<\/p>\n","protected":false},"excerpt":{"rendered":"<p>Por iniciativa del Intendente Gustavo Mart\u00ednez, junto a pilotos locales y con el Aut\u00f3dromo Municipal Santiago \u201cYaco\u201d Guarnieri recuperado y en condiciones, Resistencia se prepara para recibir al Top Race. Este fin de semana se llevaron adelante las pruebas comunitarias previas a la realizaci\u00f3n de la 10\u00aa fecha que se correr\u00e1 este 14, 15 y [&hellip;]<\/p>\n","protected":false},"author":3,"featured_media":2128,"comment_status":"closed","ping_status":"closed","sticky":false,"template":"","format":"standard","meta":{"om_disable_all_campaigns":false,"_monsterinsights_skip_tracking":false,"_monsterinsights_sitenote_active":false,"_monsterinsights_sitenote_note":"","_monsterinsights_sitenote_category":0,"footnotes":""},"categories":[33],"tags":[709,40,710],"class_list":["post-2106","post","type-post","status-publish","format-standard","has-post-thumbnail","hentry","category-chaco","tag-autodromo-yaco-guarnieri","tag-resistencia","tag-top-race"],"aioseo_notices":[],"amp_enabled":true,"_links":{"self":[{"href":"https:\/\/diariodigitalnea.com\/index.php\/wp-json\/wp\/v2\/posts\/2106","targetHints":{"allow":["GET"]}}],"collection":[{"href":"https:\/\/diariodigitalnea.com\/index.php\/wp-json\/wp\/v2\/posts"}],"about":[{"href":"https:\/\/diariodigitalnea.com\/index.php\/wp-json\/wp\/v2\/types\/post"}],"author":[{"embeddable":true,"href":"https:\/\/diariodigitalnea.com\/index.php\/wp-json\/wp\/v2\/users\/3"}],"replies":[{"embeddable":true,"href":"https:\/\/diariodigitalnea.com\/index.php\/wp-json\/wp\/v2\/comments?post=2106"}],"version-history":[{"count":4,"href":"https:\/\/diariodigitalnea.com\/index.php\/wp-json\/wp\/v2\/posts\/2106\/revisions"}],"predecessor-version":[{"id":2172,"href":"https:\/\/diariodigitalnea.com\/index.php\/wp-json\/wp\/v2\/posts\/2106\/revisions\/2172"}],"wp:featuredmedia":[{"embeddable":true,"href":"https:\/\/diariodigitalnea.com\/index.php\/wp-json\/wp\/v2\/media\/2128"}],"wp:attachment":[{"href":"https:\/\/diariodigitalnea.com\/index.php\/wp-json\/wp\/v2\/media?parent=2106"}],"wp:term":[{"taxonomy":"category","embeddable":true,"href":"https:\/\/diariodigitalnea.com\/index.php\/wp-json\/wp\/v2\/categories?post=2106"},{"taxonomy":"post_tag","embeddable":true,"href":"https:\/\/diariodigitalnea.com\/index.php\/wp-json\/wp\/v2\/tags?post=2106"}],"curies":[{"name":"wp","href":"https:\/\/api.w.org\/{rel}","templated":true}]}}