{"id":2050,"date":"2022-10-09T21:54:01","date_gmt":"2022-10-09T21:54:01","guid":{"rendered":"https:\/\/diariodigitalnea.com\/?p=2050"},"modified":"2022-10-09T21:54:02","modified_gmt":"2022-10-09T21:54:02","slug":"max-verstappen-campeon-de-la-formula-1-por-segunda-vez-consecutiva","status":"publish","type":"post","link":"https:\/\/diariodigitalnea.com\/index.php\/2022\/10\/09\/max-verstappen-campeon-de-la-formula-1-por-segunda-vez-consecutiva\/","title":{"rendered":"Max Verstappen, campe\u00f3n de la F\u00f3rmula 1 por segunda vez consecutiva"},"content":{"rendered":"\n<p>En el marco de una carrera complicada, que se detuvo por m\u00e1s de dos horas por las condiciones clim\u00e1ticas, el neerland\u00e9s alcanz\u00f3 su segundo t\u00edtulo en el Gran Premio de Jap\u00f3n.<\/p>\n\n\n\n<p>Debido a las condiciones clim\u00e1ticas y la gran cantidad de agua acumulada en el camino,&nbsp;<strong>el Gran Premio de Jap\u00f3n<\/strong>&nbsp;fue interrumpido por m\u00e1s de dos horas, provocando el abandono del Alexander Albon (Williams) y el espa\u00f1ol Carlos Sainz Jr. (Ferrari). Sin embargo, la lluvia no impidi\u00f3 que Verstappen defendiera su t\u00edtulo.<\/p>\n\n\n\n<figure class=\"wp-block-image size-large\"><img fetchpriority=\"high\" decoding=\"async\" width=\"1024\" height=\"661\" src=\"https:\/\/diariodigitalnea.com\/wp-content\/uploads\/2022\/10\/F2-1024x661.jpg\" alt=\"\" class=\"wp-image-2052\" srcset=\"https:\/\/diariodigitalnea.com\/wp-content\/uploads\/2022\/10\/F2-1024x661.jpg 1024w, https:\/\/diariodigitalnea.com\/wp-content\/uploads\/2022\/10\/F2-300x194.jpg 300w, https:\/\/diariodigitalnea.com\/wp-content\/uploads\/2022\/10\/F2-768x496.jpg 768w, https:\/\/diariodigitalnea.com\/wp-content\/uploads\/2022\/10\/F2.jpg 1189w\" sizes=\"(max-width: 1024px) 100vw, 1024px\" \/><\/figure>\n\n\n\n<p>En la pista, hab\u00eda gran incertidumbre por una posible distribuci\u00f3n de puntos menor a la convencional como marca el reglamento de la F1 cuando las pruebas no cumplen con la totalidad de su desarrollo. Finalmente, tras debatir, el GP de Jap\u00f3n se pact\u00f3 a 28 giros (52% de su distancia original) y la retribuci\u00f3n correspondiente para el ganador (19 puntos) no le alcanzaba a Verstappen para renovar el t\u00edtulo.<\/p>\n\n\n\n<p>Una vez terminada la carrera, autoridades de la F1 confirmaron que&nbsp;Verstappen se hab\u00eda adjudicado las 25 unidades de una prueba ordinaria en base a un art\u00edculo del reglamento que salvaguarda ese derecho para las carreras que finalizan con bandera a cuadros como sucedi\u00f3 en Jap\u00f3n.<\/p>\n\n\n\n<figure class=\"wp-block-image size-large\"><img decoding=\"async\" width=\"1024\" height=\"669\" src=\"https:\/\/diariodigitalnea.com\/wp-content\/uploads\/2022\/10\/F3-1024x669.jpg\" alt=\"\" class=\"wp-image-2053\" srcset=\"https:\/\/diariodigitalnea.com\/wp-content\/uploads\/2022\/10\/F3-1024x669.jpg 1024w, https:\/\/diariodigitalnea.com\/wp-content\/uploads\/2022\/10\/F3-300x196.jpg 300w, https:\/\/diariodigitalnea.com\/wp-content\/uploads\/2022\/10\/F3-768x502.jpg 768w, https:\/\/diariodigitalnea.com\/wp-content\/uploads\/2022\/10\/F3.jpg 1181w\" sizes=\"(max-width: 1024px) 100vw, 1024px\" \/><\/figure>\n\n\n\n<p>\u00abLas normas relativas a la asignaci\u00f3n reducida de puntos (art\u00edculo 6.5) s\u00f3lo se aplican en caso de suspensi\u00f3n de la carrera que no se puede reanudar, y por lo tanto se otorgan los puntos completos y Max Verstappen es campe\u00f3n del mundo\u00bb, aseguraron.<\/p>\n\n\n\n<p>El podio lo completaron Sergio \u201cCheco\u201d P\u00e9rez (Red Bull) y Charles Leclerc (Ferrari) quien recibi\u00f3 cinco segundos de penalizaci\u00f3n por una maniobra irregular ante el mexicano en el final.<\/p>\n","protected":false},"excerpt":{"rendered":"<p>En el marco de una carrera complicada, que se detuvo por m\u00e1s de dos horas por las condiciones clim\u00e1ticas, el neerland\u00e9s alcanz\u00f3 su segundo t\u00edtulo en el Gran Premio de Jap\u00f3n. Debido a las condiciones clim\u00e1ticas y la gran cantidad de agua acumulada en el camino,&nbsp;el Gran Premio de Jap\u00f3n&nbsp;fue interrumpido por m\u00e1s de dos [&hellip;]<\/p>\n","protected":false},"author":4,"featured_media":2051,"comment_status":"closed","ping_status":"closed","sticky":false,"template":"","format":"standard","meta":{"om_disable_all_campaigns":false,"_monsterinsights_skip_tracking":false,"_monsterinsights_sitenote_active":false,"_monsterinsights_sitenote_note":"","_monsterinsights_sitenote_category":0,"footnotes":""},"categories":[6,9],"tags":[689,688,687],"class_list":["post-2050","post","type-post","status-publish","format-standard","has-post-thumbnail","hentry","category-deporte","category-internacionales","tag-automovilismo","tag-f1","tag-max-verstappen"],"aioseo_notices":[],"amp_enabled":true,"_links":{"self":[{"href":"https:\/\/diariodigitalnea.com\/index.php\/wp-json\/wp\/v2\/posts\/2050","targetHints":{"allow":["GET"]}}],"collection":[{"href":"https:\/\/diariodigitalnea.com\/index.php\/wp-json\/wp\/v2\/posts"}],"about":[{"href":"https:\/\/diariodigitalnea.com\/index.php\/wp-json\/wp\/v2\/types\/post"}],"author":[{"embeddable":true,"href":"https:\/\/diariodigitalnea.com\/index.php\/wp-json\/wp\/v2\/users\/4"}],"replies":[{"embeddable":true,"href":"https:\/\/diariodigitalnea.com\/index.php\/wp-json\/wp\/v2\/comments?post=2050"}],"version-history":[{"count":1,"href":"https:\/\/diariodigitalnea.com\/index.php\/wp-json\/wp\/v2\/posts\/2050\/revisions"}],"predecessor-version":[{"id":2054,"href":"https:\/\/diariodigitalnea.com\/index.php\/wp-json\/wp\/v2\/posts\/2050\/revisions\/2054"}],"wp:featuredmedia":[{"embeddable":true,"href":"https:\/\/diariodigitalnea.com\/index.php\/wp-json\/wp\/v2\/media\/2051"}],"wp:attachment":[{"href":"https:\/\/diariodigitalnea.com\/index.php\/wp-json\/wp\/v2\/media?parent=2050"}],"wp:term":[{"taxonomy":"category","embeddable":true,"href":"https:\/\/diariodigitalnea.com\/index.php\/wp-json\/wp\/v2\/categories?post=2050"},{"taxonomy":"post_tag","embeddable":true,"href":"https:\/\/diariodigitalnea.com\/index.php\/wp-json\/wp\/v2\/tags?post=2050"}],"curies":[{"name":"wp","href":"https:\/\/api.w.org\/{rel}","templated":true}]}}