{"id":2045,"date":"2022-10-09T14:30:40","date_gmt":"2022-10-09T14:30:40","guid":{"rendered":"https:\/\/diariodigitalnea.com\/?p=2045"},"modified":"2022-10-09T14:30:40","modified_gmt":"2022-10-09T14:30:40","slug":"cambios-en-el-gabinete-el-gobierno-confirmo-que-el-lunes-hara-anuncios","status":"publish","type":"post","link":"https:\/\/diariodigitalnea.com\/index.php\/2022\/10\/09\/cambios-en-el-gabinete-el-gobierno-confirmo-que-el-lunes-hara-anuncios\/","title":{"rendered":"Cambios en el Gabinete: el Gobierno confirm\u00f3 que el lunes har\u00e1 anuncios"},"content":{"rendered":"\n<p>Alberto Fern\u00e1ndez debe buscar un reemplazante para la ministra de Mujeres y tambi\u00e9n para Desarrollo Social, de donde se ir\u00e1 Zabaleta. Por su parte, el kirchnerismo presiona para desplazar a Moroni de la cartera de Trabajo. El lunes habr\u00e1 anuncios.<\/p>\n\n\n\n<p>\u201cYa est\u00e1 todo definido, entendemos que es mejor hacer los anuncios el lunes\u201d, subrayaron desde el entorno del presidente Alberto Fern\u00e1ndez a Clar\u00edn.<\/p>\n\n\n\n<p>La novedad se conoci\u00f3 luego de que el Gobierno saliera a desmentir algunas versiones period\u00edsticas que indicaban que, tras la renuncia de Elizabeth G\u00f3mez Alcorta, se analizaba degradar el Ministerio de Mujeres, G\u00e9nero y Diversidad al rango de Secretar\u00eda.<\/p>\n\n\n\n<p>La salida de la entonces ministra de Mujeres era un hecho, pero la confirmaci\u00f3n oficial lleg\u00f3 a primera hora de este viernes cuando se conoci\u00f3 la carta de renuncia que G\u00f3mez Alcorta le envi\u00f3 al Presidente con copia al ministro coordinador.<\/p>\n\n\n\n<figure class=\"wp-block-image size-full\"><img fetchpriority=\"high\" decoding=\"async\" width=\"1023\" height=\"682\" src=\"http:\/\/diariodigitalnea.com\/wp-content\/uploads\/2022\/10\/elizabeth.jpg\" alt=\"\" class=\"wp-image-2046\" srcset=\"https:\/\/diariodigitalnea.com\/wp-content\/uploads\/2022\/10\/elizabeth.jpg 1023w, https:\/\/diariodigitalnea.com\/wp-content\/uploads\/2022\/10\/elizabeth-300x200.jpg 300w, https:\/\/diariodigitalnea.com\/wp-content\/uploads\/2022\/10\/elizabeth-768x512.jpg 768w, https:\/\/diariodigitalnea.com\/wp-content\/uploads\/2022\/10\/elizabeth-900x600.jpg 900w\" sizes=\"(max-width: 1023px) 100vw, 1023px\" \/><\/figure>\n\n\n\n<p>En el texto, la ahora ex funcionaria dijo que con la detenci\u00f3n y el traslado de las mujeres mapuches detenidas en el operativo en Villas Mascardi \u201cse pas\u00f3 un l\u00edmite\u201d y que eso \u201cresulta incompatible con los valores\u201d que defiende.<\/p>\n\n\n\n<p><strong>\u201cOTROS CAMBIOS\u201d<\/strong><\/p>\n\n\n\n<p>Ante la confirmaci\u00f3n de fuentes oficiales respecto de que habr\u00e1 \u201cotros cambios\u201d adem\u00e1s de la salida de G\u00f3mez Alcorta, volvi\u00f3 a tomar fuerza el rumor acerca de que el ministro de Desarrollo Social, Juan Zabaleta, aprovechar\u00eda el momento para regresar a la intendencia de Hurlingham.<\/p>\n\n\n\n<p>Fuentes del Ministerio de Desarrollo Social se desligaron de las versiones y dijeron al medio porte\u00f1o que, por el momento, no ten\u00edan nada para comunicar.<\/p>\n\n\n\n<p>La preocupaci\u00f3n de Zabaleta est\u00e1 centrada en que la agrupaci\u00f3n kirchnerista La C\u00e1mpora est\u00e1 al frente del municipio del Conurbano bonaerense desde agosto del 2021, cuando Zabaleta se tom\u00f3 licencia para asumir como ministro en reemplazo de Daniel Arroyo.<\/p>\n\n\n\n<p>Si bien hace un tiempo que el ministro de Desarrollo Social planea volver a la intendencia, su intenci\u00f3n de abandonar el Gabinete comenz\u00f3 a incrementarse en los \u00faltimos d\u00edas a ra\u00edz de las cr\u00edticas de los propios respecto del manejo de la conflictividad social.<\/p>\n\n\n\n<p>Otro de los rumores hacen referencia a la continuidad del ministro de Trabajo, Claudio Moroni, quien es fuertemente cuestionado por el kirchnerismo y lo incluyen en la lista de \u201cfuncionarios que no funcionan\u201d.<\/p>\n\n\n\n<p>\u201cMoroni est\u00e1 por indicaci\u00f3n del Presidente y se va a quedar hasta que Alberto le indique otra cosa\u201d, resaltaron a Clar\u00edn desde el entorno del funcionario nacional.<\/p>\n\n\n\n<p>De esta manera, el Gobierno deber\u00e1 reacomodarse ante un nuevo cambio de Gabinete que se gest\u00f3 a ra\u00edz de las profundas diferencias que existen en el interior de la coalici\u00f3n de gobierno.<\/p>\n","protected":false},"excerpt":{"rendered":"<p>Alberto Fern\u00e1ndez debe buscar un reemplazante para la ministra de Mujeres y tambi\u00e9n para Desarrollo Social, de donde se ir\u00e1 Zabaleta. Por su parte, el kirchnerismo presiona para desplazar a Moroni de la cartera de Trabajo. El lunes habr\u00e1 anuncios. \u201cYa est\u00e1 todo definido, entendemos que es mejor hacer los anuncios el lunes\u201d, subrayaron desde [&hellip;]<\/p>\n","protected":false},"author":3,"featured_media":2047,"comment_status":"closed","ping_status":"closed","sticky":false,"template":"","format":"standard","meta":{"om_disable_all_campaigns":false,"_monsterinsights_skip_tracking":false,"_monsterinsights_sitenote_active":false,"_monsterinsights_sitenote_note":"","_monsterinsights_sitenote_category":0,"footnotes":""},"categories":[90],"tags":[685,686,684],"class_list":["post-2045","post","type-post","status-publish","format-standard","has-post-thumbnail","hentry","category-nacionales","tag-alberto-fernandez-2","tag-cambios","tag-gabinete-nacional"],"aioseo_notices":[],"amp_enabled":true,"_links":{"self":[{"href":"https:\/\/diariodigitalnea.com\/index.php\/wp-json\/wp\/v2\/posts\/2045","targetHints":{"allow":["GET"]}}],"collection":[{"href":"https:\/\/diariodigitalnea.com\/index.php\/wp-json\/wp\/v2\/posts"}],"about":[{"href":"https:\/\/diariodigitalnea.com\/index.php\/wp-json\/wp\/v2\/types\/post"}],"author":[{"embeddable":true,"href":"https:\/\/diariodigitalnea.com\/index.php\/wp-json\/wp\/v2\/users\/3"}],"replies":[{"embeddable":true,"href":"https:\/\/diariodigitalnea.com\/index.php\/wp-json\/wp\/v2\/comments?post=2045"}],"version-history":[{"count":1,"href":"https:\/\/diariodigitalnea.com\/index.php\/wp-json\/wp\/v2\/posts\/2045\/revisions"}],"predecessor-version":[{"id":2048,"href":"https:\/\/diariodigitalnea.com\/index.php\/wp-json\/wp\/v2\/posts\/2045\/revisions\/2048"}],"wp:featuredmedia":[{"embeddable":true,"href":"https:\/\/diariodigitalnea.com\/index.php\/wp-json\/wp\/v2\/media\/2047"}],"wp:attachment":[{"href":"https:\/\/diariodigitalnea.com\/index.php\/wp-json\/wp\/v2\/media?parent=2045"}],"wp:term":[{"taxonomy":"category","embeddable":true,"href":"https:\/\/diariodigitalnea.com\/index.php\/wp-json\/wp\/v2\/categories?post=2045"},{"taxonomy":"post_tag","embeddable":true,"href":"https:\/\/diariodigitalnea.com\/index.php\/wp-json\/wp\/v2\/tags?post=2045"}],"curies":[{"name":"wp","href":"https:\/\/api.w.org\/{rel}","templated":true}]}}