{"id":1909,"date":"2022-10-05T22:47:52","date_gmt":"2022-10-05T22:47:52","guid":{"rendered":"https:\/\/diariodigitalnea.com\/?p=1909"},"modified":"2022-10-05T23:38:37","modified_gmt":"2022-10-05T23:38:37","slug":"en-francia-planean-un-boicot-al-mundial-de-qatar-2022","status":"publish","type":"post","link":"https:\/\/diariodigitalnea.com\/index.php\/2022\/10\/05\/en-francia-planean-un-boicot-al-mundial-de-qatar-2022\/","title":{"rendered":"En Francia planean un boicot al Mundial de Qatar 2022"},"content":{"rendered":"\n<p>Varias ciudades, entre ellas Par\u00eds y Marsella, anunciaron que no pasar\u00e1n partidos en espacios p\u00fablicos. Es la medida para manifestarse por la situaci\u00f3n ambiental y de Derechos Humanos en el pa\u00eds anfitri\u00f3n de la Copa del Mundo.<\/p>\n\n\n\n<p>Al menos cinco grandes ciudades de&nbsp;Francia&nbsp;anunciaron que no pasar\u00e1n los partidos del&nbsp;Mundial Qatar 2022&nbsp;en pantallas gigantes en lugares p\u00fablicos como una forma de protesta por la situaci\u00f3n ambiental y de Derechos Humanos en el pa\u00eds anfitri\u00f3n del torneo que se desarrollar\u00e1 del 20 de noviembre al 18 de diciembre.<\/p>\n\n\n\n<p>En las \u00faltimas horas,&nbsp;Par\u00eds&nbsp;y&nbsp;Marsella&nbsp;se sumaron a la decisi\u00f3n que ya hab\u00edan tomado otros grandes centros urbanos como&nbsp;Burdeos, Estrasburgo&nbsp;y&nbsp;Lille.<\/p>\n\n\n\n<figure class=\"wp-block-image size-full is-resized\"><img fetchpriority=\"high\" decoding=\"async\" src=\"https:\/\/diariodigitalnea.com\/wp-content\/uploads\/2022\/10\/frass.jpg\" alt=\"\" class=\"wp-image-1911\" width=\"498\" height=\"283\" srcset=\"https:\/\/diariodigitalnea.com\/wp-content\/uploads\/2022\/10\/frass.jpg 580w, https:\/\/diariodigitalnea.com\/wp-content\/uploads\/2022\/10\/frass-300x171.jpg 300w\" sizes=\"(max-width: 498px) 100vw, 498px\" \/><\/figure>\n\n\n\n<p>En cada Mundial, los municipios franceses suelen montar pantallas gigantes en los parques p\u00fablicos m\u00e1s importantes con el objetivo de que los fan\u00e1ticos se concentren en esos espacios para ver los partidos de su selecci\u00f3n.<\/p>\n\n\n\n<p>Sin embargo, esto no ser\u00e1 posible durante Qatar 2022 ya que las coaliciones progresistas que gobiernan los mencionados centros urbanos han tomado la&nbsp;decisi\u00f3n de boicotear, al menos, la difusi\u00f3n del certamen.<\/p>\n\n\n\n<p>\u201cEl modelo de este evento va en contra de lo que queremos hacer en (los Juegos Ol\u00edmpicos de) Par\u00eds 2024.&nbsp;Est\u00e1 el problema del impacto ambiental, con muchas construcciones, estadios que tendr\u00e1n aire acondicionado&#8230;\u201d, explic\u00f3 Pierre Rabadan, un alto funcionario del ayuntamiento de la capital de la Francia, al medio&nbsp;<em>FranceInfo<\/em>.<\/p>\n\n\n\n<p>Luego, agreg\u00f3: \u201cTenemos un proyecto en torno a la celebraci\u00f3n de los Juegos Ol\u00edmpicos y Paral\u00edmpicos muy centrado en la sobriedad energ\u00e9tica y la reducci\u00f3n de gases de efecto invernadero y la huella de carbono (&#8230;) Por lo tanto,&nbsp;algunos puntos van en contra de la pr\u00f3xima Copa del Mundo\u201d.<\/p>\n\n\n\n<figure class=\"wp-block-image size-full is-resized\"><img decoding=\"async\" src=\"https:\/\/diariodigitalnea.com\/wp-content\/uploads\/2022\/10\/franx.jpg\" alt=\"\" class=\"wp-image-1912\" width=\"498\" height=\"332\" srcset=\"https:\/\/diariodigitalnea.com\/wp-content\/uploads\/2022\/10\/franx.jpg 474w, https:\/\/diariodigitalnea.com\/wp-content\/uploads\/2022\/10\/franx-300x200.jpg 300w\" sizes=\"(max-width: 498px) 100vw, 498px\" \/><\/figure>\n\n\n\n<p>En Par\u00eds, adem\u00e1s, la decisi\u00f3n se tom\u00f3 en base a las bajas temperaturas que se registrar\u00e1n durante las semanas en las que se desarrollar\u00e1 el Mundial, algo que de seguro conspirar\u00e1 contra la voluntad de las personas de estar a la intemperie.<\/p>\n\n\n\n<p>La ciudad de Marsella, en tanto, tild\u00f3 el torneo de \u201ccat\u00e1strofe humana y medioambiental\u201d, incompatible con los valores que debe transmitir el deporte, seg\u00fan consign\u00f3 la agencia&nbsp;<em>EFE<\/em>.<\/p>\n\n\n\n<p>\u201cLionel Messi es una superestrella mundial que ser\u00e1 uno de los aspectos m\u00e1s destacados del torneo\u201d, dijo Hassan Al Thawadi, secretario general del Comit\u00e9 Supremo de Entrega y Legado del Mundial Qatar 2022.<\/p>\n\n\n\n<figure class=\"wp-block-embed is-type-video is-provider-youtube wp-block-embed-youtube wp-embed-aspect-16-9 wp-has-aspect-ratio\"><div class=\"wp-block-embed__wrapper\">\n<iframe title=\"Informe desde Par\u00eds: movimiento de boicot al Mundial Qatar 2022 sigue ganando impulso en Francia\" width=\"1200\" height=\"675\" src=\"https:\/\/www.youtube.com\/embed\/W4Xxy9l0Tzg?start=2&#038;feature=oembed\" frameborder=\"0\" allow=\"accelerometer; autoplay; clipboard-write; encrypted-media; gyroscope; picture-in-picture\" allowfullscreen><\/iframe>\n<\/div><\/figure>\n\n\n\n<p>Faltan menos de dos meses para el comienzo de Qatar2022 y no solo los fan\u00e1ticos tienen una gran ilusi\u00f3n, tambi\u00e9n los organizadores est\u00e1n expectantes por todo lo que ocurrir\u00e1 en el pa\u00eds asi\u00e1tico entre el 20 de noviembre y el 18 de diciembre.&nbsp;Lionel Messi sin lugar a dudas, ser\u00e1 una de las grandes figuras del torneo y las autoridades saben el magnetismo que genera entre los fan\u00e1ticos del deporte m\u00e1s popular del mundo.<\/p>\n","protected":false},"excerpt":{"rendered":"<p>Varias ciudades, entre ellas Par\u00eds y Marsella, anunciaron que no pasar\u00e1n partidos en espacios p\u00fablicos. Es la medida para manifestarse por la situaci\u00f3n ambiental y de Derechos Humanos en el pa\u00eds anfitri\u00f3n de la Copa del Mundo. Al menos cinco grandes ciudades de&nbsp;Francia&nbsp;anunciaron que no pasar\u00e1n los partidos del&nbsp;Mundial Qatar 2022&nbsp;en pantallas gigantes en lugares [&hellip;]<\/p>\n","protected":false},"author":4,"featured_media":1910,"comment_status":"closed","ping_status":"closed","sticky":false,"template":"","format":"standard","meta":{"om_disable_all_campaigns":false,"_monsterinsights_skip_tracking":false,"_monsterinsights_sitenote_active":false,"_monsterinsights_sitenote_note":"","_monsterinsights_sitenote_category":0,"footnotes":""},"categories":[6,95,9],"tags":[632,630,11,631],"class_list":["post-1909","post","type-post","status-publish","format-standard","has-post-thumbnail","hentry","category-deporte","category-informacion-general","category-internacionales","tag-ddhh","tag-francia","tag-futbol","tag-qatar"],"aioseo_notices":[],"amp_enabled":true,"_links":{"self":[{"href":"https:\/\/diariodigitalnea.com\/index.php\/wp-json\/wp\/v2\/posts\/1909","targetHints":{"allow":["GET"]}}],"collection":[{"href":"https:\/\/diariodigitalnea.com\/index.php\/wp-json\/wp\/v2\/posts"}],"about":[{"href":"https:\/\/diariodigitalnea.com\/index.php\/wp-json\/wp\/v2\/types\/post"}],"author":[{"embeddable":true,"href":"https:\/\/diariodigitalnea.com\/index.php\/wp-json\/wp\/v2\/users\/4"}],"replies":[{"embeddable":true,"href":"https:\/\/diariodigitalnea.com\/index.php\/wp-json\/wp\/v2\/comments?post=1909"}],"version-history":[{"count":3,"href":"https:\/\/diariodigitalnea.com\/index.php\/wp-json\/wp\/v2\/posts\/1909\/revisions"}],"predecessor-version":[{"id":1924,"href":"https:\/\/diariodigitalnea.com\/index.php\/wp-json\/wp\/v2\/posts\/1909\/revisions\/1924"}],"wp:featuredmedia":[{"embeddable":true,"href":"https:\/\/diariodigitalnea.com\/index.php\/wp-json\/wp\/v2\/media\/1910"}],"wp:attachment":[{"href":"https:\/\/diariodigitalnea.com\/index.php\/wp-json\/wp\/v2\/media?parent=1909"}],"wp:term":[{"taxonomy":"category","embeddable":true,"href":"https:\/\/diariodigitalnea.com\/index.php\/wp-json\/wp\/v2\/categories?post=1909"},{"taxonomy":"post_tag","embeddable":true,"href":"https:\/\/diariodigitalnea.com\/index.php\/wp-json\/wp\/v2\/tags?post=1909"}],"curies":[{"name":"wp","href":"https:\/\/api.w.org\/{rel}","templated":true}]}}