{"id":1895,"date":"2022-10-05T00:58:43","date_gmt":"2022-10-05T00:58:43","guid":{"rendered":"https:\/\/diariodigitalnea.com\/?p=1895"},"modified":"2022-10-05T01:01:59","modified_gmt":"2022-10-05T01:01:59","slug":"operacion-retorno-cuando-sera-la-vuelta-de-lionel-messi-al-barcelona","status":"publish","type":"post","link":"https:\/\/diariodigitalnea.com\/index.php\/2022\/10\/05\/operacion-retorno-cuando-sera-la-vuelta-de-lionel-messi-al-barcelona\/","title":{"rendered":"Operaci\u00f3n retorno: cu\u00e1ndo ser\u00e1 la vuelta de Lionel Messi al Barcelona"},"content":{"rendered":"\n<p>El capit\u00e1n argentino ya tendr\u00eda todo preparado para volver al conjunto blaugrana. Cu\u00e1ndo ser\u00e1 y qu\u00e9 dijeron desde el club catal\u00e1n sobre su vuelta.<\/p>\n\n\n\n<p>Desde que el 5 de agosto de 2021 estall\u00f3 la bomba mundial de que Lionel Messi se iba del Barcelona, el club en el que hasta ese momento hab\u00eda hecho toda su carrera futbol\u00edstica, los hinchas cul\u00e9s esperan el retorno de uno de sus m\u00e1ximos \u00eddolos. Y al parecer, su vuelta ya tendr\u00eda fecha.<\/p>\n\n\n\n<figure class=\"wp-block-embed is-type-rich is-provider-twitter wp-block-embed-twitter\"><div class=\"wp-block-embed__wrapper\">\n<blockquote class=\"twitter-tweet\" data-width=\"550\" data-dnt=\"true\"><p lang=\"es\" dir=\"ltr\">1 de julio de 2023, Lionel <a href=\"https:\/\/twitter.com\/hashtag\/Messi?src=hash&amp;ref_src=twsrc%5Etfw\">#Messi<\/a> ser\u00e1 jugador del Bar\u00e7a.<\/p>&mdash; Veronica Brunati (@verobrunati) <a href=\"https:\/\/twitter.com\/verobrunati\/status\/1577307082184876033?ref_src=twsrc%5Etfw\">October 4, 2022<\/a><\/blockquote><script async src=\"https:\/\/platform.twitter.com\/widgets.js\" charset=\"utf-8\"><\/script>\n<\/div><\/figure>\n\n\n\n<p>Seg\u00fan revel\u00f3 la periodista Ver\u00f3nica Brunati en sus redes sociales, Lionel Messi volver\u00e1 a jugar en el Barcelona de Espa\u00f1a el 1 de julio de 2023.<\/p>\n\n\n\n<p>En la conferencia de prensa previa al duelo que enfrentar\u00e1 al Barcelona y al Inter por el Grupo C de la Champions League, el entrenador catal\u00e1n Xavi Hern\u00e1ndez dej\u00f3 entrever sus ganas de que su excompa\u00f1ero vuelva a vestir la camiseta blaugrana.<\/p>\n\n\n\n<figure class=\"wp-block-image size-large\"><img fetchpriority=\"high\" decoding=\"async\" width=\"1024\" height=\"682\" src=\"http:\/\/diariodigitalnea.com\/wp-content\/uploads\/2022\/10\/messi-1024x682.jpg\" alt=\"\" class=\"wp-image-1896\" srcset=\"https:\/\/diariodigitalnea.com\/wp-content\/uploads\/2022\/10\/messi-1024x682.jpg 1024w, https:\/\/diariodigitalnea.com\/wp-content\/uploads\/2022\/10\/messi-300x200.jpg 300w, https:\/\/diariodigitalnea.com\/wp-content\/uploads\/2022\/10\/messi-768x512.jpg 768w, https:\/\/diariodigitalnea.com\/wp-content\/uploads\/2022\/10\/messi-900x600.jpg 900w, https:\/\/diariodigitalnea.com\/wp-content\/uploads\/2022\/10\/messi.jpg 1033w\" sizes=\"(max-width: 1024px) 100vw, 1024px\" \/><\/figure>\n\n\n\n<p>\u00abVamos a ver c\u00f3mo se da, creo que no es momento de hablar. Quiero mucho a Leo, es un amigo, le deseo todo lo mejor, el Barcelona es su casa. Pero creo que no es momento de hablar de Leo, no le hacemos un favor. Que est\u00e9 tranquilo, que est\u00e9 disfrutando en Par\u00eds\u00bb, sentenci\u00f3. Tiempo atr\u00e1s, quien se hab\u00eda expresado a favor de la vuelta de Leo fue el mism\u00edsimo presidente Joan Laporta. Y claro, fue categ\u00f3rico, m\u00e1s a\u00fan cuando en sus hombros pesa<\/p>\n","protected":false},"excerpt":{"rendered":"<p>El capit\u00e1n argentino ya tendr\u00eda todo preparado para volver al conjunto blaugrana. Cu\u00e1ndo ser\u00e1 y qu\u00e9 dijeron desde el club catal\u00e1n sobre su vuelta. Desde que el 5 de agosto de 2021 estall\u00f3 la bomba mundial de que Lionel Messi se iba del Barcelona, el club en el que hasta ese momento hab\u00eda hecho toda [&hellip;]<\/p>\n","protected":false},"author":3,"featured_media":1897,"comment_status":"closed","ping_status":"closed","sticky":false,"template":"","format":"standard","meta":{"om_disable_all_campaigns":false,"_monsterinsights_skip_tracking":false,"_monsterinsights_sitenote_active":false,"_monsterinsights_sitenote_note":"","_monsterinsights_sitenote_category":0,"footnotes":""},"categories":[6],"tags":[605,604,625],"class_list":["post-1895","post","type-post","status-publish","format-standard","has-post-thumbnail","hentry","category-deporte","tag-barcelona","tag-lionel-messi","tag-operacion-retorno"],"aioseo_notices":[],"amp_enabled":true,"_links":{"self":[{"href":"https:\/\/diariodigitalnea.com\/index.php\/wp-json\/wp\/v2\/posts\/1895","targetHints":{"allow":["GET"]}}],"collection":[{"href":"https:\/\/diariodigitalnea.com\/index.php\/wp-json\/wp\/v2\/posts"}],"about":[{"href":"https:\/\/diariodigitalnea.com\/index.php\/wp-json\/wp\/v2\/types\/post"}],"author":[{"embeddable":true,"href":"https:\/\/diariodigitalnea.com\/index.php\/wp-json\/wp\/v2\/users\/3"}],"replies":[{"embeddable":true,"href":"https:\/\/diariodigitalnea.com\/index.php\/wp-json\/wp\/v2\/comments?post=1895"}],"version-history":[{"count":3,"href":"https:\/\/diariodigitalnea.com\/index.php\/wp-json\/wp\/v2\/posts\/1895\/revisions"}],"predecessor-version":[{"id":1901,"href":"https:\/\/diariodigitalnea.com\/index.php\/wp-json\/wp\/v2\/posts\/1895\/revisions\/1901"}],"wp:featuredmedia":[{"embeddable":true,"href":"https:\/\/diariodigitalnea.com\/index.php\/wp-json\/wp\/v2\/media\/1897"}],"wp:attachment":[{"href":"https:\/\/diariodigitalnea.com\/index.php\/wp-json\/wp\/v2\/media?parent=1895"}],"wp:term":[{"taxonomy":"category","embeddable":true,"href":"https:\/\/diariodigitalnea.com\/index.php\/wp-json\/wp\/v2\/categories?post=1895"},{"taxonomy":"post_tag","embeddable":true,"href":"https:\/\/diariodigitalnea.com\/index.php\/wp-json\/wp\/v2\/tags?post=1895"}],"curies":[{"name":"wp","href":"https:\/\/api.w.org\/{rel}","templated":true}]}}