{"id":1888,"date":"2022-10-05T00:44:57","date_gmt":"2022-10-05T00:44:57","guid":{"rendered":"https:\/\/diariodigitalnea.com\/?p=1888"},"modified":"2022-10-05T00:44:58","modified_gmt":"2022-10-05T00:44:58","slug":"murio-cesar-mascetti-historico-conductor-de-telenoche","status":"publish","type":"post","link":"https:\/\/diariodigitalnea.com\/index.php\/2022\/10\/05\/murio-cesar-mascetti-historico-conductor-de-telenoche\/","title":{"rendered":"Muri\u00f3 C\u00e9sar Mascetti, hist\u00f3rico conductor de Telenoche"},"content":{"rendered":"\n<p>El periodista ten\u00eda 80 a\u00f1os. Fue reconocido por su trabajo en el noticiero de eltrece junto a M\u00f3nica Cahen D\u2019Anvers.<\/p>\n\n\n\n<p>Falleci\u00f3 a los 80 a\u00f1os C\u00e9sar Mascetti. Fue uno de los ic\u00f3nicos periodistas argentinos, quien junto a su esposa, M\u00f3nica Cahen D\u2019Anvers, protagonizaron el hist\u00f3rico noticiero \u201cTelenoche\u201d de eltrece. La noticia fue confirmada por la Municipalidad de San Pedro.<\/p>\n\n\n\n<p>\u201cLa Municipalidad de San Pedro comparte con gran tristeza, el fallecimiento del periodista C\u00e9sar Mascetti. Su enorme trayectoria en los medios de comunicaci\u00f3n, su historia ligada a la prensa sampedrina a trav\u00e9s del peri\u00f3dico de su padre El Independiente y su v\u00ednculo con la producci\u00f3n de la zona a trav\u00e9s de La Campi\u00f1a son s\u00f3lo algunas de las tantas razones por las que su figura es parte de la historia de los sampedrinos\u201d, comienza diciendo el comunicado que publicaron en Facebook.<\/p>\n\n\n\n<figure class=\"wp-block-image size-full\"><img fetchpriority=\"high\" decoding=\"async\" width=\"1023\" height=\"682\" src=\"http:\/\/diariodigitalnea.com\/wp-content\/uploads\/2022\/10\/cesar.jpg\" alt=\"\" class=\"wp-image-1889\" srcset=\"https:\/\/diariodigitalnea.com\/wp-content\/uploads\/2022\/10\/cesar.jpg 1023w, https:\/\/diariodigitalnea.com\/wp-content\/uploads\/2022\/10\/cesar-300x200.jpg 300w, https:\/\/diariodigitalnea.com\/wp-content\/uploads\/2022\/10\/cesar-768x512.jpg 768w, https:\/\/diariodigitalnea.com\/wp-content\/uploads\/2022\/10\/cesar-900x600.jpg 900w\" sizes=\"(max-width: 1023px) 100vw, 1023px\" \/><\/figure>\n\n\n\n<p>Y sigue: \u201cA M\u00f3nica su gran compa\u00f1era, a su familia y a todos sus seres queridos hacemos llegar las condolencias en nombre del Intendente Municipal Ram\u00f3n Salazar, el ex Intendente Cecilio Salazar y todo el gobierno de nuestra ciudad\u201d.<\/p>\n","protected":false},"excerpt":{"rendered":"<p>El periodista ten\u00eda 80 a\u00f1os. Fue reconocido por su trabajo en el noticiero de eltrece junto a M\u00f3nica Cahen D\u2019Anvers. Falleci\u00f3 a los 80 a\u00f1os C\u00e9sar Mascetti. Fue uno de los ic\u00f3nicos periodistas argentinos, quien junto a su esposa, M\u00f3nica Cahen D\u2019Anvers, protagonizaron el hist\u00f3rico noticiero \u201cTelenoche\u201d de eltrece. La noticia fue confirmada por la [&hellip;]<\/p>\n","protected":false},"author":3,"featured_media":1890,"comment_status":"closed","ping_status":"closed","sticky":false,"template":"","format":"standard","meta":{"om_disable_all_campaigns":false,"_monsterinsights_skip_tracking":false,"_monsterinsights_sitenote_active":false,"_monsterinsights_sitenote_note":"","_monsterinsights_sitenote_category":0,"footnotes":""},"categories":[90],"tags":[620,203,622,621],"class_list":["post-1888","post","type-post","status-publish","format-standard","has-post-thumbnail","hentry","category-nacionales","tag-cesar-mascetti","tag-fallecimiento","tag-periodista","tag-telenoche"],"aioseo_notices":[],"amp_enabled":true,"_links":{"self":[{"href":"https:\/\/diariodigitalnea.com\/index.php\/wp-json\/wp\/v2\/posts\/1888","targetHints":{"allow":["GET"]}}],"collection":[{"href":"https:\/\/diariodigitalnea.com\/index.php\/wp-json\/wp\/v2\/posts"}],"about":[{"href":"https:\/\/diariodigitalnea.com\/index.php\/wp-json\/wp\/v2\/types\/post"}],"author":[{"embeddable":true,"href":"https:\/\/diariodigitalnea.com\/index.php\/wp-json\/wp\/v2\/users\/3"}],"replies":[{"embeddable":true,"href":"https:\/\/diariodigitalnea.com\/index.php\/wp-json\/wp\/v2\/comments?post=1888"}],"version-history":[{"count":1,"href":"https:\/\/diariodigitalnea.com\/index.php\/wp-json\/wp\/v2\/posts\/1888\/revisions"}],"predecessor-version":[{"id":1891,"href":"https:\/\/diariodigitalnea.com\/index.php\/wp-json\/wp\/v2\/posts\/1888\/revisions\/1891"}],"wp:featuredmedia":[{"embeddable":true,"href":"https:\/\/diariodigitalnea.com\/index.php\/wp-json\/wp\/v2\/media\/1890"}],"wp:attachment":[{"href":"https:\/\/diariodigitalnea.com\/index.php\/wp-json\/wp\/v2\/media?parent=1888"}],"wp:term":[{"taxonomy":"category","embeddable":true,"href":"https:\/\/diariodigitalnea.com\/index.php\/wp-json\/wp\/v2\/categories?post=1888"},{"taxonomy":"post_tag","embeddable":true,"href":"https:\/\/diariodigitalnea.com\/index.php\/wp-json\/wp\/v2\/tags?post=1888"}],"curies":[{"name":"wp","href":"https:\/\/api.w.org\/{rel}","templated":true}]}}