{"id":1839,"date":"2022-10-03T21:57:24","date_gmt":"2022-10-03T21:57:24","guid":{"rendered":"https:\/\/diariodigitalnea.com\/?p=1839"},"modified":"2022-10-03T21:57:24","modified_gmt":"2022-10-03T21:57:24","slug":"avanza-la-instalacion-de-la-fabrica-de-computadoras-y-televisores-en-el-chaco","status":"publish","type":"post","link":"https:\/\/diariodigitalnea.com\/index.php\/2022\/10\/03\/avanza-la-instalacion-de-la-fabrica-de-computadoras-y-televisores-en-el-chaco\/","title":{"rendered":"Avanza la instalaci\u00f3n de la f\u00e1brica de computadoras y televisores en el Chaco"},"content":{"rendered":"\n<p>El gobernador Capitanich y el titular de la empresa Fag Sistems recorrieron en Fontana el predio donde funcionar\u00e1 la planta de ensamblado.<\/p>\n\n\n\n<p>El gobernador Jorge Capitanich junto al presidente de Fag Sistems Eduardo Marjbein, recorri\u00f3 este lunes por la ma\u00f1ana las instalaciones del parque tecnol\u00f3gico de Fontana donde se radicar\u00e1 la planta de la marca Kanji para fabricar televisores y computadoras.<\/p>\n\n\n\n<p>Se pretende as\u00ed avanzar con la etapa inicial del proyecto para definir las obras a ejecutar con el fin de que la firma pueda estar funcionando a pleno en 2023.<\/p>\n\n\n\n<p>\u201cChaco ser\u00e1 el nodo de fabricaci\u00f3n de estos productos para proveer a todo el Norte Grande\u201d, subray\u00f3 el primer mandatario.<\/p>\n\n\n\n<p>Durante la visita, el gobernador destac\u00f3 adem\u00e1s la radicaci\u00f3n de nuevas industrias en suelo chaque\u00f1o, generando as\u00ed valor agregado en origen y numerosas fuentes de empleo.<\/p>\n\n\n\n<p>En una primera instancia la empresa demandar\u00e1 cerca de 35 empleos para la fabricaci\u00f3n de computadoras y televisores de alta gama. Para una segunda instancia se prev\u00e9 aumentar la planta de trabajadores al incorporar la fabricaci\u00f3n de electrodom\u00e9sticos.<\/p>\n\n\n\n<p>La radicaci\u00f3n del emprendimiento fue confirmada semanas atr\u00e1s durante la visita de Capitanich a la planta central de Kanji en Buenos Aires, marca que pertenece al grupo Fag Sistems.<\/p>\n\n\n\n<p>\u201cAhora estamos definiendo las obras necesarias para su instalaci\u00f3n definitiva en Fontana y los incentivos y promociones industriales que brindaremos\u201d, precis\u00f3 el gobernador. Y destac\u00f3 la importancia de este emprendimiento, ya que la \u00faltima firma dedicada a fabricaci\u00f3n de televisores (Noblex) que se radic\u00f3 en Chaco, fue hace m\u00e1s de 40 a\u00f1os.<\/p>\n\n\n\n<p><strong>LA EMPRESA QUE SE INSTALAR\u00c1 EN EL CHACO<\/strong><\/p>\n\n\n\n<p>Kanji fabrica electrodom\u00e9sticos y productos de tecnolog\u00eda como netbooks, tablets, computadoras, televisores, licuadoras y peque\u00f1os electrodom\u00e9sticos, con 15 a\u00f1os de trayectoria en el mercado. Actualmente, tienen 4 plantas distribuidas en San Mart\u00edn, Villa Lynch, La Boca y Barracas, en Buenos Aires, y otorgan trabajo a unas 400 personas, produciendo un mill\u00f3n de unidades al a\u00f1o.<\/p>\n\n\n\n<p>Por otro lado, Capitanich se refiri\u00f3 a la importancia del Parque Tecnol\u00f3gico y del Conocimiento de Fontana que con la radicaci\u00f3n de diversos emprendimientos podr\u00eda generar de 500 a 1.000 nuevos empleos. A su vez, esto tendr\u00e1 un efecto multiplicador en servicios complementarios como el gastron\u00f3mico y la log\u00edstica vinculada a la producci\u00f3n.<\/p>\n\n\n\n<p>Se trata del primer Parque Tecnol\u00f3gico en Chaco y una de las primeras experiencias en este sentido en Argentina. Con una superficie de 17.000 metros cuadrados, el predio est\u00e1 destinado exclusivamente al desarrollo y potenciaci\u00f3n de empresas privadas de la cadena de valor de la Econom\u00eda del Conocimiento.<\/p>\n\n\n\n<p>Actualmente se est\u00e1n construyendo las naves que permitir\u00e1n albergar a empresas tecnol\u00f3gicas y al talento chaque\u00f1o. En esa l\u00ednea, Capitanich cit\u00f3 la radicaci\u00f3n de una empresa de call center que generar\u00e1 100 empleos en primera instancia y 300 a futuro y la planta de Kanji.<\/p>\n","protected":false},"excerpt":{"rendered":"<p>El gobernador Capitanich y el titular de la empresa Fag Sistems recorrieron en Fontana el predio donde funcionar\u00e1 la planta de ensamblado. El gobernador Jorge Capitanich junto al presidente de Fag Sistems Eduardo Marjbein, recorri\u00f3 este lunes por la ma\u00f1ana las instalaciones del parque tecnol\u00f3gico de Fontana donde se radicar\u00e1 la planta de la marca [&hellip;]<\/p>\n","protected":false},"author":3,"featured_media":1840,"comment_status":"closed","ping_status":"closed","sticky":false,"template":"","format":"standard","meta":{"om_disable_all_campaigns":false,"_monsterinsights_skip_tracking":false,"_monsterinsights_sitenote_active":false,"_monsterinsights_sitenote_note":"","_monsterinsights_sitenote_category":0,"footnotes":""},"categories":[33],"tags":[592,591,594,593,595],"class_list":["post-1839","post","type-post","status-publish","format-standard","has-post-thumbnail","hentry","category-chaco","tag-computadoras-y-televisores","tag-ensamble","tag-fag-sistems","tag-fontana","tag-planta-de-ensamblado"],"aioseo_notices":[],"amp_enabled":true,"_links":{"self":[{"href":"https:\/\/diariodigitalnea.com\/index.php\/wp-json\/wp\/v2\/posts\/1839","targetHints":{"allow":["GET"]}}],"collection":[{"href":"https:\/\/diariodigitalnea.com\/index.php\/wp-json\/wp\/v2\/posts"}],"about":[{"href":"https:\/\/diariodigitalnea.com\/index.php\/wp-json\/wp\/v2\/types\/post"}],"author":[{"embeddable":true,"href":"https:\/\/diariodigitalnea.com\/index.php\/wp-json\/wp\/v2\/users\/3"}],"replies":[{"embeddable":true,"href":"https:\/\/diariodigitalnea.com\/index.php\/wp-json\/wp\/v2\/comments?post=1839"}],"version-history":[{"count":1,"href":"https:\/\/diariodigitalnea.com\/index.php\/wp-json\/wp\/v2\/posts\/1839\/revisions"}],"predecessor-version":[{"id":1841,"href":"https:\/\/diariodigitalnea.com\/index.php\/wp-json\/wp\/v2\/posts\/1839\/revisions\/1841"}],"wp:featuredmedia":[{"embeddable":true,"href":"https:\/\/diariodigitalnea.com\/index.php\/wp-json\/wp\/v2\/media\/1840"}],"wp:attachment":[{"href":"https:\/\/diariodigitalnea.com\/index.php\/wp-json\/wp\/v2\/media?parent=1839"}],"wp:term":[{"taxonomy":"category","embeddable":true,"href":"https:\/\/diariodigitalnea.com\/index.php\/wp-json\/wp\/v2\/categories?post=1839"},{"taxonomy":"post_tag","embeddable":true,"href":"https:\/\/diariodigitalnea.com\/index.php\/wp-json\/wp\/v2\/tags?post=1839"}],"curies":[{"name":"wp","href":"https:\/\/api.w.org\/{rel}","templated":true}]}}