{"id":1791,"date":"2022-10-02T05:55:59","date_gmt":"2022-10-02T05:55:59","guid":{"rendered":"https:\/\/diariodigitalnea.com\/?p=1791"},"modified":"2022-10-02T06:02:19","modified_gmt":"2022-10-02T06:02:19","slug":"encuentro-de-perros-salchichas-este-domingo-en-el-parque-2-de-febrero","status":"publish","type":"post","link":"https:\/\/diariodigitalnea.com\/index.php\/2022\/10\/02\/encuentro-de-perros-salchichas-este-domingo-en-el-parque-2-de-febrero\/","title":{"rendered":"Encuentro de \u00abPerros Salchichas\u00bb este domingo en el Parque 2 de Febrero"},"content":{"rendered":"\n<p>Con el cronograma ya dise\u00f1ado y todo listo, este domingo se realizar\u00e1 el \u00faltimo Salchis Encuentro del a\u00f1o que comenzar\u00e1 a las 16 en el Parque 2 de Febrero de Resistencia. &nbsp;En esta oportunidad la tem\u00e1tica ser\u00e1 primaveral para festejar el comienzo de la estaci\u00f3n y realizar\u00e1n diferentes actividades.&nbsp;<\/p>\n\n\n\n<figure class=\"wp-block-image size-full is-resized\"><img fetchpriority=\"high\" decoding=\"async\" src=\"https:\/\/diariodigitalnea.com\/wp-content\/uploads\/2022\/10\/salc.jpg\" alt=\"\" class=\"wp-image-1792\" width=\"625\" height=\"417\" srcset=\"https:\/\/diariodigitalnea.com\/wp-content\/uploads\/2022\/10\/salc.jpg 474w, https:\/\/diariodigitalnea.com\/wp-content\/uploads\/2022\/10\/salc-300x200.jpg 300w\" sizes=\"(max-width: 625px) 100vw, 625px\" \/><\/figure>\n\n\n\n<p>Cronograma <\/p>\n\n\n\n<p>&#8211; 16hs. Inscripci\u00f3n Salchis Carreras.<\/p>\n\n\n\n<p>&#8211; 17hs. Inici\u00f3 de Carreras.<\/p>\n\n\n\n<p>&#8211; 18hs. Foto Grupal.<\/p>\n\n\n\n<p>&#8211; 18:30hs. Entrega de Medallas y Trofeos<\/p>\n\n\n\n<p>&#8211; 19hs. Desfile y Elecci\u00f3n Sr y Se\u00f1orita Salchis<\/p>\n\n\n\n<p>&#8211; 20hs. Sorteos de Regalos.<\/p>\n\n\n\n<figure class=\"wp-block-image size-large\"><img decoding=\"async\" width=\"1024\" height=\"1024\" src=\"https:\/\/diariodigitalnea.com\/wp-content\/uploads\/2022\/10\/sachis-1024x1024.jpg\" alt=\"\" class=\"wp-image-1793\" srcset=\"https:\/\/diariodigitalnea.com\/wp-content\/uploads\/2022\/10\/sachis.jpg 1024w, https:\/\/diariodigitalnea.com\/wp-content\/uploads\/2022\/10\/sachis-300x300.jpg 300w, https:\/\/diariodigitalnea.com\/wp-content\/uploads\/2022\/10\/sachis-150x150.jpg 150w, https:\/\/diariodigitalnea.com\/wp-content\/uploads\/2022\/10\/sachis-768x768.jpg 768w, https:\/\/diariodigitalnea.com\/wp-content\/uploads\/2022\/10\/sachis-200x200.jpg 200w\" sizes=\"(max-width: 1024px) 100vw, 1024px\" \/><\/figure>\n\n\n\n<p>Durante el encuentro habr\u00e1 sorteos, entregra de medallas a los ganadores de las carreras y el m\u00e9dico veterinario, Javier Aranda, estar\u00e1 respondiendo consultas. Desde la organizaci\u00f3n, Gustavo Obreg\u00f3n, extendi\u00f3 el agradecimiento por esta nueva edici\u00f3n del evento a la sub secretaria de Turismo, Virginia Zacarias y a la Municipalidad de Resistencia por la habilitaci\u00f3n para utilizar el predio.<\/p>\n\n\n\n<p><\/p>\n","protected":false},"excerpt":{"rendered":"<p>Con el cronograma ya dise\u00f1ado y todo listo, este domingo se realizar\u00e1 el \u00faltimo Salchis Encuentro del a\u00f1o que comenzar\u00e1 a las 16 en el Parque 2 de Febrero de Resistencia. &nbsp;En esta oportunidad la tem\u00e1tica ser\u00e1 primaveral para festejar el comienzo de la estaci\u00f3n y realizar\u00e1n diferentes actividades.&nbsp; Cronograma &#8211; 16hs. Inscripci\u00f3n Salchis Carreras. [&hellip;]<\/p>\n","protected":false},"author":4,"featured_media":1796,"comment_status":"closed","ping_status":"closed","sticky":false,"template":"","format":"standard","meta":{"om_disable_all_campaigns":false,"_monsterinsights_skip_tracking":false,"_monsterinsights_sitenote_active":false,"_monsterinsights_sitenote_note":"","_monsterinsights_sitenote_category":0,"footnotes":""},"categories":[33,7,95],"tags":[139,132,568,131,567],"class_list":["post-1791","post","type-post","status-publish","format-standard","has-post-thumbnail","hentry","category-chaco","category-espectaculos","category-informacion-general","tag-animales","tag-can","tag-dog","tag-perros","tag-perros-salchicha"],"aioseo_notices":[],"amp_enabled":true,"_links":{"self":[{"href":"https:\/\/diariodigitalnea.com\/index.php\/wp-json\/wp\/v2\/posts\/1791","targetHints":{"allow":["GET"]}}],"collection":[{"href":"https:\/\/diariodigitalnea.com\/index.php\/wp-json\/wp\/v2\/posts"}],"about":[{"href":"https:\/\/diariodigitalnea.com\/index.php\/wp-json\/wp\/v2\/types\/post"}],"author":[{"embeddable":true,"href":"https:\/\/diariodigitalnea.com\/index.php\/wp-json\/wp\/v2\/users\/4"}],"replies":[{"embeddable":true,"href":"https:\/\/diariodigitalnea.com\/index.php\/wp-json\/wp\/v2\/comments?post=1791"}],"version-history":[{"count":2,"href":"https:\/\/diariodigitalnea.com\/index.php\/wp-json\/wp\/v2\/posts\/1791\/revisions"}],"predecessor-version":[{"id":1797,"href":"https:\/\/diariodigitalnea.com\/index.php\/wp-json\/wp\/v2\/posts\/1791\/revisions\/1797"}],"wp:featuredmedia":[{"embeddable":true,"href":"https:\/\/diariodigitalnea.com\/index.php\/wp-json\/wp\/v2\/media\/1796"}],"wp:attachment":[{"href":"https:\/\/diariodigitalnea.com\/index.php\/wp-json\/wp\/v2\/media?parent=1791"}],"wp:term":[{"taxonomy":"category","embeddable":true,"href":"https:\/\/diariodigitalnea.com\/index.php\/wp-json\/wp\/v2\/categories?post=1791"},{"taxonomy":"post_tag","embeddable":true,"href":"https:\/\/diariodigitalnea.com\/index.php\/wp-json\/wp\/v2\/tags?post=1791"}],"curies":[{"name":"wp","href":"https:\/\/api.w.org\/{rel}","templated":true}]}}