{"id":17571,"date":"2026-03-13T14:15:47","date_gmt":"2026-03-13T14:15:47","guid":{"rendered":"https:\/\/diariodigitalnea.com\/?p=17571"},"modified":"2026-03-13T14:15:48","modified_gmt":"2026-03-13T14:15:48","slug":"mes-de-la-mujer-realizaron-charla-sobre-salud-y-violencia-de-genero-en-villa-palermo","status":"publish","type":"post","link":"https:\/\/diariodigitalnea.com\/index.php\/2026\/03\/13\/mes-de-la-mujer-realizaron-charla-sobre-salud-y-violencia-de-genero-en-villa-palermo\/","title":{"rendered":"Mes de la mujer: realizaron charla sobre salud y violencia de g\u00e9nero en Villa Palermo"},"content":{"rendered":"\n<p>En el marco de las actividades por el Mes de la Mujer, el Gobierno del Chaco, a trav\u00e9s del Programa \u00d1achec, llev\u00f3 adelante este jueves una charla sobre salud y violencia de g\u00e9nero en el merendero de Villa&nbsp; Palermo 1, en la zona sur de Resistencia. La jornada finaliz\u00f3 con un agasajo destinado a las madres de los ni\u00f1os que asisten cotidianamente al espacio comunitario.<\/p>\n\n\n\n<figure class=\"wp-block-image size-large\"><img fetchpriority=\"high\" decoding=\"async\" width=\"1024\" height=\"513\" src=\"http:\/\/diariodigitalnea.com\/wp-content\/uploads\/2023\/05\/ENCUENTRO-IG-Verde-copy-1024x513.jpg\" alt=\"PUBLICIDAD\" class=\"wp-image-8132\" srcset=\"https:\/\/diariodigitalnea.com\/wp-content\/uploads\/2023\/05\/ENCUENTRO-IG-Verde-copy-1024x513.jpg 1024w, https:\/\/diariodigitalnea.com\/wp-content\/uploads\/2023\/05\/ENCUENTRO-IG-Verde-copy-300x150.jpg 300w, https:\/\/diariodigitalnea.com\/wp-content\/uploads\/2023\/05\/ENCUENTRO-IG-Verde-copy-768x385.jpg 768w, https:\/\/diariodigitalnea.com\/wp-content\/uploads\/2023\/05\/ENCUENTRO-IG-Verde-copy-1536x769.jpg 1536w, https:\/\/diariodigitalnea.com\/wp-content\/uploads\/2023\/05\/ENCUENTRO-IG-Verde-copy-2048x1026.jpg 2048w\" sizes=\"(max-width: 1024px) 100vw, 1024px\" \/><figcaption class=\"wp-element-caption\">Publicidad: Encuentro Tienda de Bebidas, Chile 190 Local 4 \u2013 Tel: 3624386655 &#8211; Gral San Mart\u00edn<\/figcaption><\/figure>\n\n\n\n<p>La actividad form\u00f3 parte de las acciones que el programa desarrolla en distintos puntos de la provincia con el objetivo de promover el acompa\u00f1amiento a las familias y generar espacios de concientizaci\u00f3n sobre tem\u00e1ticas vinculadas a la salud, la prevenci\u00f3n y los derechos de las mujeres.<\/p>\n\n\n\n<p><\/p>\n\n\n\n<p>El coordinador de la Zona 1 del Programa \u00d1achec, Dar\u00edo Romero, destac\u00f3 la importancia de estas iniciativas y remarc\u00f3 el trabajo territorial que se viene realizando. \u201cEste programa que se lleva adelante en todo el territorio provincial incorpora e involucra diversos temas que tienen que ver con cuestiones propias de las mujeres y su relaci\u00f3n con la comunidad\u201d, se\u00f1al\u00f3.<\/p>\n\n\n\n<figure class=\"wp-block-image size-large\"><img decoding=\"async\" width=\"1024\" height=\"683\" src=\"https:\/\/diariodigitalnea.com\/wp-content\/uploads\/2026\/03\/espacio12-1024x683.jpg\" alt=\"\" class=\"wp-image-17573\" srcset=\"https:\/\/diariodigitalnea.com\/wp-content\/uploads\/2026\/03\/espacio12-1024x683.jpg 1024w, https:\/\/diariodigitalnea.com\/wp-content\/uploads\/2026\/03\/espacio12-300x200.jpg 300w, https:\/\/diariodigitalnea.com\/wp-content\/uploads\/2026\/03\/espacio12-768x512.jpg 768w, https:\/\/diariodigitalnea.com\/wp-content\/uploads\/2026\/03\/espacio12-1536x1024.jpg 1536w, https:\/\/diariodigitalnea.com\/wp-content\/uploads\/2026\/03\/espacio12-2048x1365.jpg 2048w, https:\/\/diariodigitalnea.com\/wp-content\/uploads\/2026\/03\/espacio12-900x600.jpg 900w\" sizes=\"(max-width: 1024px) 100vw, 1024px\" \/><\/figure>\n\n\n\n<p>Adem\u00e1s, indic\u00f3 que el merendero es uno de los espacios donde se desarrollan distintas actividades destinadas a las familias del barrio. \u201cAqu\u00ed se trabaja con el abordaje y acompa\u00f1amiento a las familias de los chicos que asisten diariamente al merendero. Tambi\u00e9n se realizan capacitaciones y formaci\u00f3n en confecci\u00f3n de cer\u00e1micas, para que las vecinas puedan encontrar una salida laboral\u201d, explic\u00f3 Romero.<\/p>\n\n\n\n<p><\/p>\n\n\n\n<p>Por su parte, la coordinadora del Espacio Comunitario Arcoiris de Chocolate de Villa Palermo I, Ana S\u00e1nchez, se\u00f1al\u00f3 que durante todo el mes se vienen realizando distintas propuestas dirigidas a las mujeres del barrio. \u201cEn el contexto del Mes de la Mujer estamos desarrollando charlas con las madres de los ni\u00f1os del merendero, promovidas por el \u00e1rea de Desarrollo Humano del Gobierno del Chaco. Tambi\u00e9n se brindan talleres y capacitaciones\u201d, coment\u00f3.<\/p>\n\n\n\n<figure class=\"wp-block-image size-large\"><img decoding=\"async\" width=\"1024\" height=\"615\" src=\"https:\/\/diariodigitalnea.com\/wp-content\/uploads\/2026\/03\/espacio6-1024x615.jpg\" alt=\"\" class=\"wp-image-17574\" srcset=\"https:\/\/diariodigitalnea.com\/wp-content\/uploads\/2026\/03\/espacio6-1024x615.jpg 1024w, https:\/\/diariodigitalnea.com\/wp-content\/uploads\/2026\/03\/espacio6-300x180.jpg 300w, https:\/\/diariodigitalnea.com\/wp-content\/uploads\/2026\/03\/espacio6-768x461.jpg 768w, https:\/\/diariodigitalnea.com\/wp-content\/uploads\/2026\/03\/espacio6-1536x922.jpg 1536w, https:\/\/diariodigitalnea.com\/wp-content\/uploads\/2026\/03\/espacio6-2048x1229.jpg 2048w\" sizes=\"(max-width: 1024px) 100vw, 1024px\" \/><\/figure>\n\n\n\n<p>El espacio comunitario, est\u00e1 ubicado en Arbo y Blanco al 1900, y brinda diariamente merienda a los ni\u00f1os del barrio; desarrolla diversas actividades como apoyo escolar, talleres de m\u00fasica, cer\u00e1mica, pintura y folclore. \u201cConcurren al muchos ni\u00f1os y j\u00f3venes que forman parte de estos programas integradores\u201d, agreg\u00f3 S\u00e1nchez. Asimismo, destac\u00f3 el compromiso de los integrantes del espacio, quienes tambi\u00e9n participan en tareas de limpieza y mantenimiento del barrio.<\/p>\n\n\n\n<figure class=\"wp-block-image size-large\"><img loading=\"lazy\" decoding=\"async\" width=\"1024\" height=\"630\" src=\"https:\/\/diariodigitalnea.com\/wp-content\/uploads\/2026\/03\/espacio8-1024x630.jpg\" alt=\"\" class=\"wp-image-17575\" srcset=\"https:\/\/diariodigitalnea.com\/wp-content\/uploads\/2026\/03\/espacio8-1024x630.jpg 1024w, https:\/\/diariodigitalnea.com\/wp-content\/uploads\/2026\/03\/espacio8-300x185.jpg 300w, https:\/\/diariodigitalnea.com\/wp-content\/uploads\/2026\/03\/espacio8-768x473.jpg 768w, https:\/\/diariodigitalnea.com\/wp-content\/uploads\/2026\/03\/espacio8-1536x946.jpg 1536w, https:\/\/diariodigitalnea.com\/wp-content\/uploads\/2026\/03\/espacio8-2048x1261.jpg 2048w\" sizes=\"(max-width: 1024px) 100vw, 1024px\" \/><\/figure>\n\n\n\n<p>Las personas interesadas en conocer o sumarse a las actividades del Espacio Comunitario Arcoiris de Chocolate pueden contactarse a trav\u00e9s de sus redes sociales en Facebook o Instagram, comunicarse al n\u00famero 3625-210732 o acercarse directamente al merendero ubicado en Villa Palermo I, de Resistencia.<\/p>\n\n\n\n<figure class=\"wp-block-image size-large\"><img loading=\"lazy\" decoding=\"async\" width=\"1024\" height=\"607\" src=\"http:\/\/diariodigitalnea.com\/wp-content\/uploads\/2023\/11\/DDN-FOTO-PC-Y-CEL-1024x607.jpg\" alt=\"publicidad\" class=\"wp-image-11794\" srcset=\"https:\/\/diariodigitalnea.com\/wp-content\/uploads\/2023\/11\/DDN-FOTO-PC-Y-CEL-1024x607.jpg 1024w, https:\/\/diariodigitalnea.com\/wp-content\/uploads\/2023\/11\/DDN-FOTO-PC-Y-CEL-300x178.jpg 300w, https:\/\/diariodigitalnea.com\/wp-content\/uploads\/2023\/11\/DDN-FOTO-PC-Y-CEL-768x455.jpg 768w, https:\/\/diariodigitalnea.com\/wp-content\/uploads\/2023\/11\/DDN-FOTO-PC-Y-CEL-1536x910.jpg 1536w, https:\/\/diariodigitalnea.com\/wp-content\/uploads\/2023\/11\/DDN-FOTO-PC-Y-CEL.jpg 2000w\" sizes=\"(max-width: 1024px) 100vw, 1024px\" \/><figcaption class=\"wp-element-caption\">Diario Digital Nea. Noticias de la regi\u00f3n y el mundo. <\/figcaption><\/figure>\n","protected":false},"excerpt":{"rendered":"<p>En el marco de las actividades por el Mes de la Mujer, el Gobierno del Chaco, a trav\u00e9s del Programa \u00d1achec, llev\u00f3 adelante este jueves una charla sobre salud y violencia de g\u00e9nero en el merendero de Villa&nbsp; Palermo 1, en la zona sur de Resistencia. La jornada finaliz\u00f3 con un agasajo destinado a las [&hellip;]<\/p>\n","protected":false},"author":4,"featured_media":17572,"comment_status":"closed","ping_status":"closed","sticky":false,"template":"","format":"standard","meta":{"om_disable_all_campaigns":false,"_monsterinsights_skip_tracking":false,"_monsterinsights_sitenote_active":false,"_monsterinsights_sitenote_note":"","_monsterinsights_sitenote_category":0,"footnotes":""},"categories":[95,2497],"tags":[],"class_list":["post-17571","post","type-post","status-publish","format-standard","has-post-thumbnail","hentry","category-informacion-general","category-salud-informacion-general"],"aioseo_notices":[],"amp_enabled":true,"_links":{"self":[{"href":"https:\/\/diariodigitalnea.com\/index.php\/wp-json\/wp\/v2\/posts\/17571","targetHints":{"allow":["GET"]}}],"collection":[{"href":"https:\/\/diariodigitalnea.com\/index.php\/wp-json\/wp\/v2\/posts"}],"about":[{"href":"https:\/\/diariodigitalnea.com\/index.php\/wp-json\/wp\/v2\/types\/post"}],"author":[{"embeddable":true,"href":"https:\/\/diariodigitalnea.com\/index.php\/wp-json\/wp\/v2\/users\/4"}],"replies":[{"embeddable":true,"href":"https:\/\/diariodigitalnea.com\/index.php\/wp-json\/wp\/v2\/comments?post=17571"}],"version-history":[{"count":1,"href":"https:\/\/diariodigitalnea.com\/index.php\/wp-json\/wp\/v2\/posts\/17571\/revisions"}],"predecessor-version":[{"id":17576,"href":"https:\/\/diariodigitalnea.com\/index.php\/wp-json\/wp\/v2\/posts\/17571\/revisions\/17576"}],"wp:featuredmedia":[{"embeddable":true,"href":"https:\/\/diariodigitalnea.com\/index.php\/wp-json\/wp\/v2\/media\/17572"}],"wp:attachment":[{"href":"https:\/\/diariodigitalnea.com\/index.php\/wp-json\/wp\/v2\/media?parent=17571"}],"wp:term":[{"taxonomy":"category","embeddable":true,"href":"https:\/\/diariodigitalnea.com\/index.php\/wp-json\/wp\/v2\/categories?post=17571"},{"taxonomy":"post_tag","embeddable":true,"href":"https:\/\/diariodigitalnea.com\/index.php\/wp-json\/wp\/v2\/tags?post=17571"}],"curies":[{"name":"wp","href":"https:\/\/api.w.org\/{rel}","templated":true}]}}