{"id":17471,"date":"2025-12-12T12:21:36","date_gmt":"2025-12-12T12:21:36","guid":{"rendered":"https:\/\/diariodigitalnea.com\/?p=17471"},"modified":"2025-12-12T12:21:53","modified_gmt":"2025-12-12T12:21:53","slug":"mendoza-presento-denuncias-contra-padres-que-no-vacunaron-a-sus-hijos-las-millonarias-multas","status":"publish","type":"post","link":"https:\/\/diariodigitalnea.com\/index.php\/2025\/12\/12\/mendoza-presento-denuncias-contra-padres-que-no-vacunaron-a-sus-hijos-las-millonarias-multas\/","title":{"rendered":"Mendoza present\u00f3 denuncias contra padres que no vacunaron a sus hijos: las millonarias multas"},"content":{"rendered":"\n<p>La provincia activ\u00f3 por primera vez un mecanismo judicial para exigir la vacunaci\u00f3n obligatoria: los padres denunciados enfrentan multas millonarias, arresto de hasta cinco d\u00edas y trabajo comunitario si no completan las dosis en el plazo establecido.<\/p>\n\n\n\n<p><\/p>\n\n\n\n<p>El Ministerio de Salud de Mendoza present\u00f3 en la Justicia Civil las primeras diez denuncias contra padres que no cumplieron con el Calendario Nacional de Vacunaci\u00f3n de sus hijos. La medida se toma en medio de un descenso sostenido de la inmunizaci\u00f3n y rebrotes de enfermedades prevenibles como el sarampi\u00f3n y la tos convulsa, que ya provocaron casos graves y muertes infantiles en el pa\u00eds.<\/p>\n\n\n\n<figure class=\"wp-block-image size-large\"><img fetchpriority=\"high\" decoding=\"async\" width=\"1024\" height=\"513\" src=\"http:\/\/diariodigitalnea.com\/wp-content\/uploads\/2023\/05\/ENCUENTRO-IG-Verde-copy-1024x513.jpg\" alt=\"PUBLICIDAD\" class=\"wp-image-8132\" srcset=\"https:\/\/diariodigitalnea.com\/wp-content\/uploads\/2023\/05\/ENCUENTRO-IG-Verde-copy-1024x513.jpg 1024w, https:\/\/diariodigitalnea.com\/wp-content\/uploads\/2023\/05\/ENCUENTRO-IG-Verde-copy-300x150.jpg 300w, https:\/\/diariodigitalnea.com\/wp-content\/uploads\/2023\/05\/ENCUENTRO-IG-Verde-copy-768x385.jpg 768w, https:\/\/diariodigitalnea.com\/wp-content\/uploads\/2023\/05\/ENCUENTRO-IG-Verde-copy-1536x769.jpg 1536w, https:\/\/diariodigitalnea.com\/wp-content\/uploads\/2023\/05\/ENCUENTRO-IG-Verde-copy-2048x1026.jpg 2048w\" sizes=\"(max-width: 1024px) 100vw, 1024px\" \/><figcaption class=\"wp-element-caption\">Publicidad: Encuentro Tienda de Bebidas, Chile 190 Local 4 \u2013 Tel: 3624386655 &#8211; Gral San Mart\u00edn<\/figcaption><\/figure>\n\n\n\n<p>La provincia es la primera en Argentina en recurrir formalmente a la v\u00eda judicial para exigir el cumplimiento de la vacunaci\u00f3n obligatoria, marcando un antecedente nacional. El procedimiento fue reglamentado en agosto de 2025 y establece no solo la obligatoriedad de asistir a una audiencia, sino tambi\u00e9n un r\u00e9gimen de sanciones econ\u00f3micas y penales para quienes persistan en el incumplimiento.<\/p>\n\n\n\n<p><\/p>\n\n\n\n<p>Las denuncias presentadas apuntan a padres y tutores de ni\u00f1os y adolescentes que no recibieron las vacunas obligatorias. Tras ser notificados, los responsables deber\u00e1n asistir a una audiencia en la Justicia Civil, donde personal sanitario explicar\u00e1 los graves riesgos que implica la falta de vacunaci\u00f3n tanto para el menor como para la salud p\u00fablica.<\/p>\n\n\n\n<figure class=\"wp-block-image size-full\"><img decoding=\"async\" width=\"743\" height=\"476\" src=\"https:\/\/diariodigitalnea.com\/wp-content\/uploads\/2025\/12\/vacuna2.jpg\" alt=\"\" class=\"wp-image-17473\" srcset=\"https:\/\/diariodigitalnea.com\/wp-content\/uploads\/2025\/12\/vacuna2.jpg 743w, https:\/\/diariodigitalnea.com\/wp-content\/uploads\/2025\/12\/vacuna2-300x192.jpg 300w\" sizes=\"(max-width: 743px) 100vw, 743px\" \/><\/figure>\n\n\n\n<p>Luego de esa instancia, las familias tendr\u00e1n un plazo de 30 d\u00edas para completar las dosis pendientes.&nbsp; Si no lo hacen, el Ministerio de Salud deber\u00e1 informar al Equipo T\u00e9cnico Interdisciplinario (ETI) y avanzar con el proceso judicial correspondiente.<\/p>\n\n\n\n<p><\/p>\n\n\n\n<p>Multas, arresto y trabajo comunitario: las sanciones para quienes no vacunen<\/p>\n\n\n\n<p>La normativa vigente en Mendoza, respaldada por la Ley Nacional 27.491 y por el C\u00f3digo de Contravenciones provincial, establece un r\u00e9gimen de sanciones especialmente severo para los padres, tutores o responsables que no cumplan con el calendario obligatorio.<\/p>\n\n\n\n<figure class=\"wp-block-image size-large\"><img decoding=\"async\" width=\"1024\" height=\"513\" src=\"http:\/\/diariodigitalnea.com\/wp-content\/uploads\/2024\/04\/publi-GEMA-1024x513.jpg\" alt=\"publicidad\" class=\"wp-image-13586\" srcset=\"https:\/\/diariodigitalnea.com\/wp-content\/uploads\/2024\/04\/publi-GEMA-1024x513.jpg 1024w, https:\/\/diariodigitalnea.com\/wp-content\/uploads\/2024\/04\/publi-GEMA-300x150.jpg 300w, https:\/\/diariodigitalnea.com\/wp-content\/uploads\/2024\/04\/publi-GEMA-768x385.jpg 768w, https:\/\/diariodigitalnea.com\/wp-content\/uploads\/2024\/04\/publi-GEMA-1536x769.jpg 1536w, https:\/\/diariodigitalnea.com\/wp-content\/uploads\/2024\/04\/publi-GEMA.jpg 1977w\" sizes=\"(max-width: 1024px) 100vw, 1024px\" \/><figcaption class=\"wp-element-caption\">Publicidad: Gema Oufit @gemahoufit Rcia \u2013 Contacto: 3624391672<\/figcaption><\/figure>\n\n\n\n<p>Las penalidades incluyen:<\/p>\n\n\n\n<p>Multas de entre USD 84.000 y USD 336.000, seg\u00fan el art\u00edculo 119 del C\u00f3digo de Contravenciones.<\/p>\n\n\n\n<p>Hasta cinco d\u00edas de arresto, en caso de negativa persistente.<\/p>\n\n\n\n<p>Obligaci\u00f3n de realizar trabajos comunitarios en hospitales u otras instituciones sanitarias.<\/p>\n\n\n\n<p>Las multas pueden duplicarse o triplicarse en situaciones de reincidencia o cuando otros responsables \u2014como instituciones educativas o funcionarios p\u00fablicos\u2014 omitieron realizar la denuncia correspondiente.<\/p>\n\n\n\n<figure class=\"wp-block-image size-large\"><img loading=\"lazy\" decoding=\"async\" width=\"1024\" height=\"446\" src=\"http:\/\/diariodigitalnea.com\/wp-content\/uploads\/2023\/05\/CONSTRUCAL-CON-FABRICA-2-1024x446.jpg\" alt=\"publicidad Construcal 2\" class=\"wp-image-8211\" srcset=\"https:\/\/diariodigitalnea.com\/wp-content\/uploads\/2023\/05\/CONSTRUCAL-CON-FABRICA-2-1024x446.jpg 1024w, https:\/\/diariodigitalnea.com\/wp-content\/uploads\/2023\/05\/CONSTRUCAL-CON-FABRICA-2-300x131.jpg 300w, https:\/\/diariodigitalnea.com\/wp-content\/uploads\/2023\/05\/CONSTRUCAL-CON-FABRICA-2-768x334.jpg 768w, https:\/\/diariodigitalnea.com\/wp-content\/uploads\/2023\/05\/CONSTRUCAL-CON-FABRICA-2-1536x669.jpg 1536w, https:\/\/diariodigitalnea.com\/wp-content\/uploads\/2023\/05\/CONSTRUCAL-CON-FABRICA-2-2048x892.jpg 2048w\" sizes=\"(max-width: 1024px) 100vw, 1024px\" \/><figcaption class=\"wp-element-caption\">Publicidad: ConstruCal Cales hidratas y vivas para uso vial y construcci\u00f3n TEL: 3624602737\n<\/figcaption><\/figure>\n\n\n\n<p>El ministro de Salud, Rodolfo Montero, confirm\u00f3 que estas son \u00ablas primeras diez denuncias judiciales contra padres por no haber cumplido con la vacunaci\u00f3n de sus hijos\u00bb, y advirti\u00f3 que el objetivo es proteger el derecho a la salud de los menores en un contexto epidemiol\u00f3gico complejo.<\/p>\n\n\n\n<p><\/p>\n\n\n\n<p>La aparici\u00f3n de nuevos casos de sarampi\u00f3n \u2014enfermedad que se consideraba eliminada desde 2016\u2014 y el aumento de contagios de tos convulsa aceleraron la decisi\u00f3n del Gobierno provincial de avanzar con medidas m\u00e1s estrictas para recuperar los niveles de cobertura.<\/p>\n\n\n\n<p><\/p>\n\n\n\n<p>Con este paso, Mendoza inaugura un esquema de sanciones m\u00e1s robusto para garantizar el cumplimiento del calendario oficial en un momento cr\u00edtico para la salud p\u00fablica.<\/p>\n\n\n\n<figure class=\"wp-block-image size-large\"><img loading=\"lazy\" decoding=\"async\" width=\"1024\" height=\"607\" src=\"http:\/\/diariodigitalnea.com\/wp-content\/uploads\/2023\/11\/DDN-FOTO-PC-Y-CEL-1024x607.jpg\" alt=\"publicidad\" class=\"wp-image-11794\" srcset=\"https:\/\/diariodigitalnea.com\/wp-content\/uploads\/2023\/11\/DDN-FOTO-PC-Y-CEL-1024x607.jpg 1024w, https:\/\/diariodigitalnea.com\/wp-content\/uploads\/2023\/11\/DDN-FOTO-PC-Y-CEL-300x178.jpg 300w, https:\/\/diariodigitalnea.com\/wp-content\/uploads\/2023\/11\/DDN-FOTO-PC-Y-CEL-768x455.jpg 768w, https:\/\/diariodigitalnea.com\/wp-content\/uploads\/2023\/11\/DDN-FOTO-PC-Y-CEL-1536x910.jpg 1536w, https:\/\/diariodigitalnea.com\/wp-content\/uploads\/2023\/11\/DDN-FOTO-PC-Y-CEL.jpg 2000w\" sizes=\"(max-width: 1024px) 100vw, 1024px\" \/><figcaption class=\"wp-element-caption\">Diario Digital Nea. Noticias de la regi\u00f3n y el mundo. <\/figcaption><\/figure>\n","protected":false},"excerpt":{"rendered":"<p>La provincia activ\u00f3 por primera vez un mecanismo judicial para exigir la vacunaci\u00f3n obligatoria: los padres denunciados enfrentan multas millonarias, arresto de hasta cinco d\u00edas y trabajo comunitario si no completan las dosis en el plazo establecido. El Ministerio de Salud de Mendoza present\u00f3 en la Justicia Civil las primeras diez denuncias contra padres que [&hellip;]<\/p>\n","protected":false},"author":4,"featured_media":17472,"comment_status":"closed","ping_status":"closed","sticky":false,"template":"","format":"standard","meta":{"om_disable_all_campaigns":false,"_monsterinsights_skip_tracking":false,"_monsterinsights_sitenote_active":false,"_monsterinsights_sitenote_note":"","_monsterinsights_sitenote_category":0,"footnotes":""},"categories":[4,2496],"tags":[],"class_list":["post-17471","post","type-post","status-publish","format-standard","has-post-thumbnail","hentry","category-politica","category-salud"],"aioseo_notices":[],"amp_enabled":true,"_links":{"self":[{"href":"https:\/\/diariodigitalnea.com\/index.php\/wp-json\/wp\/v2\/posts\/17471","targetHints":{"allow":["GET"]}}],"collection":[{"href":"https:\/\/diariodigitalnea.com\/index.php\/wp-json\/wp\/v2\/posts"}],"about":[{"href":"https:\/\/diariodigitalnea.com\/index.php\/wp-json\/wp\/v2\/types\/post"}],"author":[{"embeddable":true,"href":"https:\/\/diariodigitalnea.com\/index.php\/wp-json\/wp\/v2\/users\/4"}],"replies":[{"embeddable":true,"href":"https:\/\/diariodigitalnea.com\/index.php\/wp-json\/wp\/v2\/comments?post=17471"}],"version-history":[{"count":1,"href":"https:\/\/diariodigitalnea.com\/index.php\/wp-json\/wp\/v2\/posts\/17471\/revisions"}],"predecessor-version":[{"id":17474,"href":"https:\/\/diariodigitalnea.com\/index.php\/wp-json\/wp\/v2\/posts\/17471\/revisions\/17474"}],"wp:featuredmedia":[{"embeddable":true,"href":"https:\/\/diariodigitalnea.com\/index.php\/wp-json\/wp\/v2\/media\/17472"}],"wp:attachment":[{"href":"https:\/\/diariodigitalnea.com\/index.php\/wp-json\/wp\/v2\/media?parent=17471"}],"wp:term":[{"taxonomy":"category","embeddable":true,"href":"https:\/\/diariodigitalnea.com\/index.php\/wp-json\/wp\/v2\/categories?post=17471"},{"taxonomy":"post_tag","embeddable":true,"href":"https:\/\/diariodigitalnea.com\/index.php\/wp-json\/wp\/v2\/tags?post=17471"}],"curies":[{"name":"wp","href":"https:\/\/api.w.org\/{rel}","templated":true}]}}