{"id":17255,"date":"2025-09-09T13:50:24","date_gmt":"2025-09-09T13:50:24","guid":{"rendered":"https:\/\/diariodigitalnea.com\/?p=17255"},"modified":"2025-09-09T16:00:50","modified_gmt":"2025-09-09T16:00:50","slug":"flotilla-humanitaria-rumbo-a-gaza-sufrio-danos-en-el-deposito-descartaron-un-ataque-de-dron","status":"publish","type":"post","link":"https:\/\/diariodigitalnea.com\/index.php\/2025\/09\/09\/flotilla-humanitaria-rumbo-a-gaza-sufrio-danos-en-el-deposito-descartaron-un-ataque-de-dron\/","title":{"rendered":"Flotilla humanitaria rumbo a Gaza: descartaron un ataque de dron luego del incendio de un dep\u00f3sito"},"content":{"rendered":"\n<p>La organizaci\u00f3n responsable del viaje denunci\u00f3 un presunto impacto a\u00e9reo en el puerto de Sidi Bou Said. No obstante, el vocero de la Guardia Nacional, Houcem Eddine Jebabli, afirm\u00f3 que las primeras inspecciones no revelaron la presencia de aeronaves no tripuladas en la zona<\/p>\n\n\n\n<p><\/p>\n\n\n\n<p>Un barco perteneciente a la Flotilla Global Sumud (GSF), la iniciativa internacional que busca romper simb\u00f3licamente el bloqueo sobre la Franja de Gaza, sufri\u00f3 un incidente en el puerto tunecino de Sidi Bou Said la madrugada de este martes.<\/p>\n\n\n\n<figure class=\"wp-block-image size-large\"><img fetchpriority=\"high\" decoding=\"async\" width=\"1024\" height=\"513\" src=\"http:\/\/diariodigitalnea.com\/wp-content\/uploads\/2024\/04\/publi-GEMA-1024x513.jpg\" alt=\"publicidad\" class=\"wp-image-13586\" srcset=\"https:\/\/diariodigitalnea.com\/wp-content\/uploads\/2024\/04\/publi-GEMA-1024x513.jpg 1024w, https:\/\/diariodigitalnea.com\/wp-content\/uploads\/2024\/04\/publi-GEMA-300x150.jpg 300w, https:\/\/diariodigitalnea.com\/wp-content\/uploads\/2024\/04\/publi-GEMA-768x385.jpg 768w, https:\/\/diariodigitalnea.com\/wp-content\/uploads\/2024\/04\/publi-GEMA-1536x769.jpg 1536w, https:\/\/diariodigitalnea.com\/wp-content\/uploads\/2024\/04\/publi-GEMA.jpg 1977w\" sizes=\"(max-width: 1024px) 100vw, 1024px\" \/><figcaption class=\"wp-element-caption\">Publicidad: Gema Oufit @gemahoufit Rcia \u2013 Contacto: 3624391672<\/figcaption><\/figure>\n\n\n\n<p>Seg\u00fan confirmaron integrantes del comit\u00e9 organizador, la embarcaci\u00f3n principal de la Flotilla fue impactada por un supuesto dron mientras permanec\u00eda atracada en la costa noreste de T\u00fanez, hecho que desat\u00f3 una investigaci\u00f3n y gener\u00f3 movilizaciones de apoyo en el pa\u00eds magreb\u00ed.<\/p>\n\n\n\n<p><\/p>\n\n\n\n<p>En un comunicado difundido a trav\u00e9s de su cuenta de X, la GSF inform\u00f3 que el incidente involucr\u00f3 al \u201cBarco Familiar\u201d, uno de sus nav\u00edos insignia, que navegaba con bandera portuguesa y transportaba a miembros destacados del Comit\u00e9 Directivo de la organizaci\u00f3n.<\/p>\n\n\n\n<figure class=\"wp-block-image size-full\"><img decoding=\"async\" width=\"748\" height=\"451\" src=\"https:\/\/diariodigitalnea.com\/wp-content\/uploads\/2025\/09\/gaza9.jpg\" alt=\"\" class=\"wp-image-17257\" srcset=\"https:\/\/diariodigitalnea.com\/wp-content\/uploads\/2025\/09\/gaza9.jpg 748w, https:\/\/diariodigitalnea.com\/wp-content\/uploads\/2025\/09\/gaza9-300x181.jpg 300w\" sizes=\"(max-width: 748px) 100vw, 748px\" \/><\/figure>\n\n\n\n<p>\u201cLa Flotilla Global Sumud confirma que una de sus embarcaciones principales&#8230; fue impactada por lo que se sospecha es un dron\u201d, se\u00f1al\u00f3 la organizaci\u00f3n. El texto tambi\u00e9n asegur\u00f3 que todas las personas a bordo se encontraban a salvo tras el evento.<\/p>\n\n\n\n<figure class=\"wp-block-image size-large\"><img decoding=\"async\" width=\"1024\" height=\"513\" src=\"http:\/\/diariodigitalnea.com\/wp-content\/uploads\/2023\/05\/ENCUENTRO-IG-Verde-copy-1024x513.jpg\" alt=\"PUBLICIDAD\" class=\"wp-image-8132\" srcset=\"https:\/\/diariodigitalnea.com\/wp-content\/uploads\/2023\/05\/ENCUENTRO-IG-Verde-copy-1024x513.jpg 1024w, https:\/\/diariodigitalnea.com\/wp-content\/uploads\/2023\/05\/ENCUENTRO-IG-Verde-copy-300x150.jpg 300w, https:\/\/diariodigitalnea.com\/wp-content\/uploads\/2023\/05\/ENCUENTRO-IG-Verde-copy-768x385.jpg 768w, https:\/\/diariodigitalnea.com\/wp-content\/uploads\/2023\/05\/ENCUENTRO-IG-Verde-copy-1536x769.jpg 1536w, https:\/\/diariodigitalnea.com\/wp-content\/uploads\/2023\/05\/ENCUENTRO-IG-Verde-copy-2048x1026.jpg 2048w\" sizes=\"(max-width: 1024px) 100vw, 1024px\" \/><figcaption class=\"wp-element-caption\">Publicidad: Encuentro Tienda de Bebidas, Chile 190 Local 4 \u2013 Tel: 3624386655 &#8211; Gral San Mart\u00edn<\/figcaption><\/figure>\n\n\n\n<p>Pese a la alarma inicial, las autoridades tunecinas ofrecieron una versi\u00f3n diferente. El vocero de la Guardia Nacional, Houcem Eddine Jebabli, explic\u00f3 que tras una inspecci\u00f3n preliminar, no se detect\u00f3 la presencia de drones en la zona.<\/p>\n\n\n\n<p><\/p>\n\n\n\n<p>Seg\u00fan los primeros an\u00e1lisis oficiales, el fuego se habr\u00eda originado en el compartimento donde se almacenaban los chalecos salvavidas, a bordo de un barco que recorri\u00f3 anteriormente el trayecto desde Espa\u00f1a y se encontraba a unos 80 kil\u00f3metros (50 millas) del puerto de Sidi Bou Said.<\/p>\n\n\n\n<figure class=\"wp-block-image size-full\"><img loading=\"lazy\" decoding=\"async\" width=\"683\" height=\"454\" src=\"https:\/\/diariodigitalnea.com\/wp-content\/uploads\/2025\/09\/gaza12.jpg\" alt=\"\" class=\"wp-image-17258\" srcset=\"https:\/\/diariodigitalnea.com\/wp-content\/uploads\/2025\/09\/gaza12.jpg 683w, https:\/\/diariodigitalnea.com\/wp-content\/uploads\/2025\/09\/gaza12-300x199.jpg 300w\" sizes=\"(max-width: 683px) 100vw, 683px\" \/><\/figure>\n\n\n\n<p>A ra\u00edz del siniestro se registraron da\u00f1os superficiales, sin comprometer la integridad estructural del buque. Portavoces tunecinos de la Flotilla afirmaron a trav\u00e9s de un video publicado en la p\u00e1gina oficial de la organizaci\u00f3n magreb\u00ed en Facebook: \u201cEl incendio no provoc\u00f3 da\u00f1os mayores, sino superficiales, y la embarcaci\u00f3n puede viajar el mi\u00e9rcoles\u201d.<\/p>\n\n\n\n<p>\u201cLa investigaci\u00f3n est\u00e1 en curso y no se ha detectado ning\u00fan dron\u201d, puntualiz\u00f3 Jebabli.<\/p>\n\n\n\n<figure class=\"wp-block-image size-large\"><img loading=\"lazy\" decoding=\"async\" width=\"1024\" height=\"446\" src=\"http:\/\/diariodigitalnea.com\/wp-content\/uploads\/2023\/05\/CONSTRUCAL-CON-FABRICA-2-1024x446.jpg\" alt=\"publicidad Construcal 2\" class=\"wp-image-8211\" srcset=\"https:\/\/diariodigitalnea.com\/wp-content\/uploads\/2023\/05\/CONSTRUCAL-CON-FABRICA-2-1024x446.jpg 1024w, https:\/\/diariodigitalnea.com\/wp-content\/uploads\/2023\/05\/CONSTRUCAL-CON-FABRICA-2-300x131.jpg 300w, https:\/\/diariodigitalnea.com\/wp-content\/uploads\/2023\/05\/CONSTRUCAL-CON-FABRICA-2-768x334.jpg 768w, https:\/\/diariodigitalnea.com\/wp-content\/uploads\/2023\/05\/CONSTRUCAL-CON-FABRICA-2-1536x669.jpg 1536w, https:\/\/diariodigitalnea.com\/wp-content\/uploads\/2023\/05\/CONSTRUCAL-CON-FABRICA-2-2048x892.jpg 2048w\" sizes=\"(max-width: 1024px) 100vw, 1024px\" \/><figcaption class=\"wp-element-caption\">Publicidad: ConstruCal Cales hidratas y vivas para uso vial y construcci\u00f3n TEL: 3624602737\n<\/figcaption><\/figure>\n\n\n\n<p>En el plano internacional, el suceso atrajo la atenci\u00f3n de organismos vinculados a la protecci\u00f3n de los derechos humanos y la supervisi\u00f3n de la crisis en Palestina. Francesca Albanese, relatora especial de la Organizaci\u00f3n de las Naciones Unidas (ONU) para los Territorios Palestinos Ocupados, tambi\u00e9n se refiri\u00f3 al hecho y confirm\u00f3: \u201cEl barco fue atacado aparentemente por un dron en el puerto de T\u00fanez\u201d, solicitando adem\u00e1s protecci\u00f3n urgente para otras dos flotillas humanitarias que se dirigen a T\u00fanez.<\/p>\n\n\n\n<p><\/p>\n\n\n\n<p>Entre los testimonios recogidos por los organizadores se encuentra el de Yasemin Acar, tripulante de la embarcaci\u00f3n, quien document\u00f3 en sus redes sociales: \u201cUn dron pas\u00f3 justo encima, lanz\u00f3 una bomba, esta explot\u00f3 y el barco se incendi\u00f3. Todos en el barco est\u00e1n bien\u201d, dijo.<\/p>\n\n\n\n<figure class=\"wp-block-image size-full\"><img loading=\"lazy\" decoding=\"async\" width=\"714\" height=\"484\" src=\"https:\/\/diariodigitalnea.com\/wp-content\/uploads\/2025\/09\/gaza8.jpg\" alt=\"\" class=\"wp-image-17259\" srcset=\"https:\/\/diariodigitalnea.com\/wp-content\/uploads\/2025\/09\/gaza8.jpg 714w, https:\/\/diariodigitalnea.com\/wp-content\/uploads\/2025\/09\/gaza8-300x203.jpg 300w\" sizes=\"(max-width: 714px) 100vw, 714px\" \/><\/figure>\n\n\n\n<p>La tensi\u00f3n por el ataque se intensific\u00f3 cuando los integrantes de la Flotilla atribuyeron la autor\u00eda de la presunta agresi\u00f3n a intereses israel\u00edes, aunque sin aportar pruebas concluyentes. A trav\u00e9s de un mensaje en Facebook, los participantes afirmaron: \u201cEsta tentativa de quemar las embarcaciones era israel\u00ed (&#8230;) este incidente no nos frena de nuestro objetivo de viajar por mar para romper el bloqueo\u201d.<\/p>\n\n\n\n<figure class=\"wp-block-image size-large\"><img loading=\"lazy\" decoding=\"async\" width=\"1024\" height=\"446\" src=\"http:\/\/diariodigitalnea.com\/wp-content\/uploads\/2023\/05\/CONSTRUCAL-CON-FABRICA-2-1024x446.jpg\" alt=\"publicidad Construcal 2\" class=\"wp-image-8211\" srcset=\"https:\/\/diariodigitalnea.com\/wp-content\/uploads\/2023\/05\/CONSTRUCAL-CON-FABRICA-2-1024x446.jpg 1024w, https:\/\/diariodigitalnea.com\/wp-content\/uploads\/2023\/05\/CONSTRUCAL-CON-FABRICA-2-300x131.jpg 300w, https:\/\/diariodigitalnea.com\/wp-content\/uploads\/2023\/05\/CONSTRUCAL-CON-FABRICA-2-768x334.jpg 768w, https:\/\/diariodigitalnea.com\/wp-content\/uploads\/2023\/05\/CONSTRUCAL-CON-FABRICA-2-1536x669.jpg 1536w, https:\/\/diariodigitalnea.com\/wp-content\/uploads\/2023\/05\/CONSTRUCAL-CON-FABRICA-2-2048x892.jpg 2048w\" sizes=\"(max-width: 1024px) 100vw, 1024px\" \/><figcaption class=\"wp-element-caption\">Publicidad: ConstruCal Cales hidratas y vivas para uso vial y construcci\u00f3n TEL: 3624602737\n<\/figcaption><\/figure>\n\n\n\n<p><\/p>\n\n\n\n<p>Seg\u00fan lo expresado por la Flotilla Global Sumud, el objetivo de la traves\u00eda consiste en \u201cromper simb\u00f3licamente el bloqueo sobre Gaza y entregar ayuda humanitaria a la poblaci\u00f3n civil\u201d, en un contexto de creciente presi\u00f3n internacional por la situaci\u00f3n en los territorios palestinos. Los organizadores afirmaron que informar\u00e1n en cuanto existan novedades verificadas respecto al origen y naturaleza del ataque.<\/p>\n\n\n\n<figure class=\"wp-block-image size-large\"><img loading=\"lazy\" decoding=\"async\" width=\"1024\" height=\"607\" src=\"http:\/\/diariodigitalnea.com\/wp-content\/uploads\/2023\/11\/DDN-FOTO-PC-Y-CEL-1024x607.jpg\" alt=\"publicidad\" class=\"wp-image-11794\" srcset=\"https:\/\/diariodigitalnea.com\/wp-content\/uploads\/2023\/11\/DDN-FOTO-PC-Y-CEL-1024x607.jpg 1024w, https:\/\/diariodigitalnea.com\/wp-content\/uploads\/2023\/11\/DDN-FOTO-PC-Y-CEL-300x178.jpg 300w, https:\/\/diariodigitalnea.com\/wp-content\/uploads\/2023\/11\/DDN-FOTO-PC-Y-CEL-768x455.jpg 768w, https:\/\/diariodigitalnea.com\/wp-content\/uploads\/2023\/11\/DDN-FOTO-PC-Y-CEL-1536x910.jpg 1536w, https:\/\/diariodigitalnea.com\/wp-content\/uploads\/2023\/11\/DDN-FOTO-PC-Y-CEL.jpg 2000w\" sizes=\"(max-width: 1024px) 100vw, 1024px\" \/><figcaption class=\"wp-element-caption\">Diario Digital Nea. Noticias de la regi\u00f3n y el mundo. <\/figcaption><\/figure>\n","protected":false},"excerpt":{"rendered":"<p>La organizaci\u00f3n responsable del viaje denunci\u00f3 un presunto impacto a\u00e9reo en el puerto de Sidi Bou Said. No obstante, el vocero de la Guardia Nacional, Houcem Eddine Jebabli, afirm\u00f3 que las primeras inspecciones no revelaron la presencia de aeronaves no tripuladas en la zona Un barco perteneciente a la Flotilla Global Sumud (GSF), la iniciativa [&hellip;]<\/p>\n","protected":false},"author":4,"featured_media":17256,"comment_status":"closed","ping_status":"closed","sticky":false,"template":"","format":"standard","meta":{"om_disable_all_campaigns":false,"_monsterinsights_skip_tracking":false,"_monsterinsights_sitenote_active":false,"_monsterinsights_sitenote_note":"","_monsterinsights_sitenote_category":0,"footnotes":""},"categories":[95,9],"tags":[],"class_list":["post-17255","post","type-post","status-publish","format-standard","has-post-thumbnail","hentry","category-informacion-general","category-internacionales"],"aioseo_notices":[],"amp_enabled":true,"_links":{"self":[{"href":"https:\/\/diariodigitalnea.com\/index.php\/wp-json\/wp\/v2\/posts\/17255","targetHints":{"allow":["GET"]}}],"collection":[{"href":"https:\/\/diariodigitalnea.com\/index.php\/wp-json\/wp\/v2\/posts"}],"about":[{"href":"https:\/\/diariodigitalnea.com\/index.php\/wp-json\/wp\/v2\/types\/post"}],"author":[{"embeddable":true,"href":"https:\/\/diariodigitalnea.com\/index.php\/wp-json\/wp\/v2\/users\/4"}],"replies":[{"embeddable":true,"href":"https:\/\/diariodigitalnea.com\/index.php\/wp-json\/wp\/v2\/comments?post=17255"}],"version-history":[{"count":6,"href":"https:\/\/diariodigitalnea.com\/index.php\/wp-json\/wp\/v2\/posts\/17255\/revisions"}],"predecessor-version":[{"id":17267,"href":"https:\/\/diariodigitalnea.com\/index.php\/wp-json\/wp\/v2\/posts\/17255\/revisions\/17267"}],"wp:featuredmedia":[{"embeddable":true,"href":"https:\/\/diariodigitalnea.com\/index.php\/wp-json\/wp\/v2\/media\/17256"}],"wp:attachment":[{"href":"https:\/\/diariodigitalnea.com\/index.php\/wp-json\/wp\/v2\/media?parent=17255"}],"wp:term":[{"taxonomy":"category","embeddable":true,"href":"https:\/\/diariodigitalnea.com\/index.php\/wp-json\/wp\/v2\/categories?post=17255"},{"taxonomy":"post_tag","embeddable":true,"href":"https:\/\/diariodigitalnea.com\/index.php\/wp-json\/wp\/v2\/tags?post=17255"}],"curies":[{"name":"wp","href":"https:\/\/api.w.org\/{rel}","templated":true}]}}