{"id":16994,"date":"2025-06-12T16:27:31","date_gmt":"2025-06-12T16:27:31","guid":{"rendered":"https:\/\/diariodigitalnea.com\/?p=16994"},"modified":"2025-06-12T16:28:04","modified_gmt":"2025-06-12T16:28:04","slug":"gobierno-obligara-a-boudou-que-devuelva-236-millones-por-su-jubilacion-de-privilegio","status":"publish","type":"post","link":"https:\/\/diariodigitalnea.com\/index.php\/2025\/06\/12\/gobierno-obligara-a-boudou-que-devuelva-236-millones-por-su-jubilacion-de-privilegio\/","title":{"rendered":"Gobierno obligar\u00e1 a Boudou  que devuelva $236 millones por su jubilaci\u00f3n de privilegio"},"content":{"rendered":"\n<p>Luego de la condena a Cristina Kirchner, Naci\u00f3n exige que el exvicepresidente devuelva el monto millonario.<\/p>\n\n\n\n<p><\/p>\n\n\n\n<p>A la condena ratificada a Cristina Kirchner por parte de la Corte Suprema de Justicia, se sum\u00f3 el pedido del ministerio de Capital Humano que involucra al expresidente Amado Boudou. Y es que la cartera que representa la ministra Sandra Pettovello, junto con la Administraci\u00f3n Nacional de la Seguridad Social (ANSES), emitieron un comunicado que exige la devoluci\u00f3n de parte del exministro de Econom\u00eda y expresidente de $236 millones percibidos por su jubilaci\u00f3n de privilegio.<\/p>\n\n\n\n<figure class=\"wp-block-image size-large\"><img fetchpriority=\"high\" decoding=\"async\" width=\"1024\" height=\"513\" src=\"http:\/\/diariodigitalnea.com\/wp-content\/uploads\/2024\/04\/publi-GEMA-1024x513.jpg\" alt=\"publicidad\" class=\"wp-image-13586\" srcset=\"https:\/\/diariodigitalnea.com\/wp-content\/uploads\/2024\/04\/publi-GEMA-1024x513.jpg 1024w, https:\/\/diariodigitalnea.com\/wp-content\/uploads\/2024\/04\/publi-GEMA-300x150.jpg 300w, https:\/\/diariodigitalnea.com\/wp-content\/uploads\/2024\/04\/publi-GEMA-768x385.jpg 768w, https:\/\/diariodigitalnea.com\/wp-content\/uploads\/2024\/04\/publi-GEMA-1536x769.jpg 1536w, https:\/\/diariodigitalnea.com\/wp-content\/uploads\/2024\/04\/publi-GEMA.jpg 1977w\" sizes=\"(max-width: 1024px) 100vw, 1024px\" \/><figcaption class=\"wp-element-caption\">Publicidad: Gema Oufit @gemahoufit Rcia \u2013 Contacto: 3624391672<\/figcaption><\/figure>\n\n\n\n<p>\u00abSe ha promovido demanda a efectos del recupero de los haberes percibidos indebidamente por Amado Boudou durante la vigencia de la asignaci\u00f3n mensual vitalicia de la que resultaba titular (asignaci\u00f3n de privilegio revocada por resultar autor penalmente responsable de los delitos de cohecho pasivo y negociaciones incompatibles con la funci\u00f3n p\u00fablica)\u00bb, notificaron ambas entidades del Gobierno nacional en el comunicado conjunto.<\/p>\n\n\n\n<figure class=\"wp-block-image size-full\"><img decoding=\"async\" width=\"1023\" height=\"541\" src=\"http:\/\/diariodigitalnea.com\/wp-content\/uploads\/2025\/06\/bou.jpg\" alt=\"\" class=\"wp-image-16996\" srcset=\"https:\/\/diariodigitalnea.com\/wp-content\/uploads\/2025\/06\/bou.jpg 1023w, https:\/\/diariodigitalnea.com\/wp-content\/uploads\/2025\/06\/bou-300x159.jpg 300w, https:\/\/diariodigitalnea.com\/wp-content\/uploads\/2025\/06\/bou-768x406.jpg 768w\" sizes=\"(max-width: 1023px) 100vw, 1023px\" \/><\/figure>\n\n\n\n<p>LA JUBILACI\u00d3N DE AMADO BOUDOU<\/p>\n\n\n\n<p>En noviembre del a\u00f1o pasado, le quitaron su jubilaci\u00f3n a trav\u00e9s de una resoluci\u00f3n firmada por el titular de Anses, Mariano de los Heros, amparado en la condena en 2018 que pesa sobre Boudou por la causa Ciccone.<\/p>\n\n\n\n<p><\/p>\n\n\n\n<p>Este mi\u00e9rcoles, la Justicia Federal rechaz\u00f3 una medida cautelar solicitada por Amado Boudou, que buscaba la suspensi\u00f3n de las resoluciones de Anses que le retiraron la asignaci\u00f3n mensual vitalicia y ordenaron la recuperaci\u00f3n de fondos ya percibidos.<\/p>\n\n\n\n<figure class=\"wp-block-image size-large\"><img decoding=\"async\" width=\"1024\" height=\"607\" src=\"http:\/\/diariodigitalnea.com\/wp-content\/uploads\/2023\/11\/DDN-FOTO-PC-Y-CEL-1024x607.jpg\" alt=\"publicidad\" class=\"wp-image-11794\" srcset=\"https:\/\/diariodigitalnea.com\/wp-content\/uploads\/2023\/11\/DDN-FOTO-PC-Y-CEL-1024x607.jpg 1024w, https:\/\/diariodigitalnea.com\/wp-content\/uploads\/2023\/11\/DDN-FOTO-PC-Y-CEL-300x178.jpg 300w, https:\/\/diariodigitalnea.com\/wp-content\/uploads\/2023\/11\/DDN-FOTO-PC-Y-CEL-768x455.jpg 768w, https:\/\/diariodigitalnea.com\/wp-content\/uploads\/2023\/11\/DDN-FOTO-PC-Y-CEL-1536x910.jpg 1536w, https:\/\/diariodigitalnea.com\/wp-content\/uploads\/2023\/11\/DDN-FOTO-PC-Y-CEL.jpg 2000w\" sizes=\"(max-width: 1024px) 100vw, 1024px\" \/><figcaption class=\"wp-element-caption\">Diario Digital Nea. Noticias de la regi\u00f3n y el mundo. <\/figcaption><\/figure>\n","protected":false},"excerpt":{"rendered":"<p>Luego de la condena a Cristina Kirchner, Naci\u00f3n exige que el exvicepresidente devuelva el monto millonario. A la condena ratificada a Cristina Kirchner por parte de la Corte Suprema de Justicia, se sum\u00f3 el pedido del ministerio de Capital Humano que involucra al expresidente Amado Boudou. Y es que la cartera que representa la ministra [&hellip;]<\/p>\n","protected":false},"author":4,"featured_media":16995,"comment_status":"closed","ping_status":"closed","sticky":false,"template":"","format":"standard","meta":{"om_disable_all_campaigns":false,"_monsterinsights_skip_tracking":false,"_monsterinsights_sitenote_active":false,"_monsterinsights_sitenote_note":"","_monsterinsights_sitenote_category":0,"footnotes":""},"categories":[90,4],"tags":[],"class_list":["post-16994","post","type-post","status-publish","format-standard","has-post-thumbnail","hentry","category-nacionales","category-politica"],"aioseo_notices":[],"amp_enabled":true,"_links":{"self":[{"href":"https:\/\/diariodigitalnea.com\/index.php\/wp-json\/wp\/v2\/posts\/16994","targetHints":{"allow":["GET"]}}],"collection":[{"href":"https:\/\/diariodigitalnea.com\/index.php\/wp-json\/wp\/v2\/posts"}],"about":[{"href":"https:\/\/diariodigitalnea.com\/index.php\/wp-json\/wp\/v2\/types\/post"}],"author":[{"embeddable":true,"href":"https:\/\/diariodigitalnea.com\/index.php\/wp-json\/wp\/v2\/users\/4"}],"replies":[{"embeddable":true,"href":"https:\/\/diariodigitalnea.com\/index.php\/wp-json\/wp\/v2\/comments?post=16994"}],"version-history":[{"count":1,"href":"https:\/\/diariodigitalnea.com\/index.php\/wp-json\/wp\/v2\/posts\/16994\/revisions"}],"predecessor-version":[{"id":16997,"href":"https:\/\/diariodigitalnea.com\/index.php\/wp-json\/wp\/v2\/posts\/16994\/revisions\/16997"}],"wp:featuredmedia":[{"embeddable":true,"href":"https:\/\/diariodigitalnea.com\/index.php\/wp-json\/wp\/v2\/media\/16995"}],"wp:attachment":[{"href":"https:\/\/diariodigitalnea.com\/index.php\/wp-json\/wp\/v2\/media?parent=16994"}],"wp:term":[{"taxonomy":"category","embeddable":true,"href":"https:\/\/diariodigitalnea.com\/index.php\/wp-json\/wp\/v2\/categories?post=16994"},{"taxonomy":"post_tag","embeddable":true,"href":"https:\/\/diariodigitalnea.com\/index.php\/wp-json\/wp\/v2\/tags?post=16994"}],"curies":[{"name":"wp","href":"https:\/\/api.w.org\/{rel}","templated":true}]}}