{"id":1693,"date":"2022-09-29T02:34:00","date_gmt":"2022-09-29T02:34:00","guid":{"rendered":"https:\/\/diariodigitalnea.com\/?p=1693"},"modified":"2022-09-29T02:34:00","modified_gmt":"2022-09-29T02:34:00","slug":"malena-pichot-se-disculpo-con-monica-farro-por-sus-dichos","status":"publish","type":"post","link":"https:\/\/diariodigitalnea.com\/index.php\/2022\/09\/29\/malena-pichot-se-disculpo-con-monica-farro-por-sus-dichos\/","title":{"rendered":"Malena Pichot se disculp\u00f3 con M\u00f3nica Farro por sus dichos"},"content":{"rendered":"\n<p>Malena Pichot lanz\u00f3 un filoso comentario sobre M\u00f3nica Farro y la vedette no dud\u00f3 en responderle a la actriz con todo en la red.<\/p>\n\n\n\n<p>Malena Pichot us\u00f3 su cuenta de Twitter para hacer p\u00fablicas sus disculpas hacia M\u00f3nica Farro, luego de que lanz\u00f3 un pol\u00e9mico comentario contra la vedette por su contundente posici\u00f3n frente al movimiento feminista.<\/p>\n\n\n\n<p>La pol\u00e9mica inici\u00f3 cuando la bloguera Sol Despeinada analiz\u00f3 en su cuenta de Instagram, las declaraciones que hizo Farro en IP Noticias sobre sus discrepancias con el movimiento feminista, en las que expres\u00f3: \u00abYo no soy \u2018muerte al macho\u2019, a los hombres los necesitamos. Fui abanderada de la violencia de g\u00e9nero en su momento pero eso no quiere decir que soy re contra feminista. Me gustan los piropos, me gustan que me abran la puerta del auto y si eso hace que no sea feminista, entonces no ser\u00e9\u201d.<\/p>\n\n\n\n<p>La actriz comparti\u00f3 una captura del mensaje que enoj\u00f3 a Farro, quien anunci\u00f3 esta semana que le iba a iniciar acciones legales, y lo acompa\u00f1\u00f3 de un comunicado que expresa: \u00abQuiero pedirle disculpas a @farromoni por decir que no era feminista, como comentario a un video donde expresaba que a ella no la interpelaba la consigna &#8216;muerte al macho&#8217;. Entend\u00ed que ella no se consideraba feminista por esto y entonces no cre\u00ed que pudiera ofenderla\u00bb.<\/p>\n\n\n\n<p>Asimismo, Pichot explic\u00f3 a qu\u00e9 se refer\u00eda al describirla como una persona que \u00abvive de complacer a los hombres\u00bb: \u00abTampoco cre\u00ed que la ofender\u00eda a @farromoni que la considerara una fantas\u00eda sexual, dado que consider\u00f3 que las vedettes lo son. En el mensaje se ha interpretado la palabra &#8216;complacer&#8217; de formas muy diversas que creo que tambi\u00e9n ofendieron a M\u00f3nica, yo me refer\u00eda a &#8216;agradar'\u00bb.<\/p>\n\n\n\n<p>Por otro lado, Malena aprovech\u00f3 para ir contra quienes cuestionan las formas de expresi\u00f3n de quienes defienden el feminismo en las calles: \u00abCada vez que alguien se refiere al movimiento feminista despectivamente y elige se\u00f1alar que las mujeres en las marchas hacen mal en desnudarse o en llevar consignas agresivas, realmente me entristece y me violenta much\u00edsimo. No puedo evitarlo\u00bb.<\/p>\n\n\n\n<p>\u00abBanco y me emocionan much\u00edsimo a las mujeres que han puesto el cuerpo en la calle exigiendo por los derechos que nos beneficiaron a todas y espero nunca dejemos de hacerlo, hasta el d\u00eda que las mujeres desaparecidas indignen m\u00e1s que las mujeres en tetas en una marcha\u00bb, concluy\u00f3 Pichot.<\/p>\n\n\n\n<p>Cuando un usuario le manifest\u00f3 su apoyo con estas palabras: \u00abMuchos interpretaron que la trataste de GATO, as\u00ed que muy buena tu aclaraci\u00f3n y disculpas\u00bb\u200b, Pichot respondi\u00f3 concisa: \u00abJam\u00e1s usar\u00eda al trabajo sexual como un insulto o como algo despectivo, he dejado claro m\u00e1s de una vez que no soy abolicionista y respeto lo que hacen las mujeres con su propio cuerpo, esto fue lo que desat\u00f3 una pol\u00e9mica inventada por los portales y programas de espect\u00e1culos\u00bb.<\/p>\n","protected":false},"excerpt":{"rendered":"<p>Malena Pichot lanz\u00f3 un filoso comentario sobre M\u00f3nica Farro y la vedette no dud\u00f3 en responderle a la actriz con todo en la red. Malena Pichot us\u00f3 su cuenta de Twitter para hacer p\u00fablicas sus disculpas hacia M\u00f3nica Farro, luego de que lanz\u00f3 un pol\u00e9mico comentario contra la vedette por su contundente posici\u00f3n frente al [&hellip;]<\/p>\n","protected":false},"author":3,"featured_media":1694,"comment_status":"closed","ping_status":"closed","sticky":false,"template":"","format":"standard","meta":{"om_disable_all_campaigns":false,"_monsterinsights_skip_tracking":false,"_monsterinsights_sitenote_active":false,"_monsterinsights_sitenote_note":"","_monsterinsights_sitenote_category":0,"footnotes":""},"categories":[7],"tags":[520,521,522,519,518],"class_list":["post-1693","post","type-post","status-publish","format-standard","has-post-thumbnail","hentry","category-espectaculos","tag-declaraciones","tag-disculpas","tag-feminismo","tag-malena-pichot","tag-monica-farro"],"aioseo_notices":[],"amp_enabled":true,"_links":{"self":[{"href":"https:\/\/diariodigitalnea.com\/index.php\/wp-json\/wp\/v2\/posts\/1693","targetHints":{"allow":["GET"]}}],"collection":[{"href":"https:\/\/diariodigitalnea.com\/index.php\/wp-json\/wp\/v2\/posts"}],"about":[{"href":"https:\/\/diariodigitalnea.com\/index.php\/wp-json\/wp\/v2\/types\/post"}],"author":[{"embeddable":true,"href":"https:\/\/diariodigitalnea.com\/index.php\/wp-json\/wp\/v2\/users\/3"}],"replies":[{"embeddable":true,"href":"https:\/\/diariodigitalnea.com\/index.php\/wp-json\/wp\/v2\/comments?post=1693"}],"version-history":[{"count":1,"href":"https:\/\/diariodigitalnea.com\/index.php\/wp-json\/wp\/v2\/posts\/1693\/revisions"}],"predecessor-version":[{"id":1695,"href":"https:\/\/diariodigitalnea.com\/index.php\/wp-json\/wp\/v2\/posts\/1693\/revisions\/1695"}],"wp:featuredmedia":[{"embeddable":true,"href":"https:\/\/diariodigitalnea.com\/index.php\/wp-json\/wp\/v2\/media\/1694"}],"wp:attachment":[{"href":"https:\/\/diariodigitalnea.com\/index.php\/wp-json\/wp\/v2\/media?parent=1693"}],"wp:term":[{"taxonomy":"category","embeddable":true,"href":"https:\/\/diariodigitalnea.com\/index.php\/wp-json\/wp\/v2\/categories?post=1693"},{"taxonomy":"post_tag","embeddable":true,"href":"https:\/\/diariodigitalnea.com\/index.php\/wp-json\/wp\/v2\/tags?post=1693"}],"curies":[{"name":"wp","href":"https:\/\/api.w.org\/{rel}","templated":true}]}}