{"id":1687,"date":"2022-09-29T02:17:00","date_gmt":"2022-09-29T02:17:00","guid":{"rendered":"https:\/\/diariodigitalnea.com\/?p=1687"},"modified":"2022-09-29T02:35:36","modified_gmt":"2022-09-29T02:35:36","slug":"el-mapa-de-la-pobreza-argentina-gran-resistencia-y-concordia-las-zonas-mas-castigadas","status":"publish","type":"post","link":"https:\/\/diariodigitalnea.com\/index.php\/2022\/09\/29\/el-mapa-de-la-pobreza-argentina-gran-resistencia-y-concordia-las-zonas-mas-castigadas\/","title":{"rendered":"El mapa de la pobreza argentina: Gran Resistencia y Concordia, las zonas m\u00e1s castigadas"},"content":{"rendered":"\n<p>El INDEC difundi\u00f3 este mi\u00e9rcoles las cifras del primer semestre. La indigencia ascendi\u00f3 al 8,8% y afecta a 2,6 millones de personas, mientras que la pobreza cay\u00f3 al 36,5% y afecta a 10,6 millones de argentinos.<\/p>\n\n\n\n<p>Este mi\u00e9rcoles a las 16 horas el Instituto Nacional de Estad\u00edstica y Censos (INDEC) dio a conocer las cifras de pobreza correspondientes al primer semestre del 2022. Seg\u00fan esos datos, la pobreza se redujo 0,7% respecto al mismo per\u00edodo pasado y se ubic\u00f3 en 36,5%.<\/p>\n\n\n\n<p>Eso significa que son 10,6 millones las personas afectadas por la pobreza. Mientras que la indigencia s\u00ed aumento y trep\u00f3 al 8,8% afectando a 2,6 millones de argentinos, seg\u00fan el organismo que opera bajo la \u00f3rbita del Ministerio de Econom\u00eda.<\/p>\n\n\n\n<figure class=\"wp-block-image size-large\"><img fetchpriority=\"high\" decoding=\"async\" width=\"953\" height=\"1024\" src=\"http:\/\/diariodigitalnea.com\/wp-content\/uploads\/2022\/09\/pobreza-953x1024.jpg\" alt=\"\" class=\"wp-image-1690\" srcset=\"https:\/\/diariodigitalnea.com\/wp-content\/uploads\/2022\/09\/pobreza-953x1024.jpg 953w, https:\/\/diariodigitalnea.com\/wp-content\/uploads\/2022\/09\/pobreza-279x300.jpg 279w, https:\/\/diariodigitalnea.com\/wp-content\/uploads\/2022\/09\/pobreza-768x825.jpg 768w, https:\/\/diariodigitalnea.com\/wp-content\/uploads\/2022\/09\/pobreza.jpg 1140w\" sizes=\"(max-width: 953px) 100vw, 953px\" \/><\/figure>\n\n\n\n<p><strong>Algunos datos relevantes<\/strong><\/p>\n\n\n\n<p>El INDEC destac\u00f3 que a nivel regional ocurri\u00f3 una reducci\u00f3n de la pobreza en la mayor parte de las regiones. El informe sostiene que la indigencia aument\u00f3 en tres regiones y cay\u00f3 en las otras tres.<\/p>\n\n\n\n<p>Asimismo, uno de datos m\u00e1s duros revela que m\u00e1s de la mitad de los chicos de 14 a\u00f1os \u2013el 50,9%- vive en la pobreza, y el 12,7% est\u00e1 en la indigencia.<\/p>\n\n\n\n<p>Las cifras oficiales muestran que el 27,7% de los hogares del pa\u00eds son pobres y la indigencia afecta al 6,8%. Cabe destacar las mejoras en los indicadores est\u00e1n relacionadas con la base de medici\u00f3n, ya que durante 2020 y 2021 la pobreza estuvo por encima de 40% dado los efectos de las restricciones sanitarias.<\/p>\n\n\n\n<p><strong>\u00bfEn qu\u00e9 regiones se observ\u00f3 la mayor incidencia de la pobreza?<\/strong><\/p>\n\n\n\n<p>La mayor incidencia de la pobreza se observ\u00f3 en las regiones del Gran Buenos Aires con el 37%. Es decir, 42% en el Conurbano bonaerense y 16.2% en la Capital Federal. Tambi\u00e9n en la zona de Cuyo, Gran San Luis, Gran Mendoza y Gran San Juan, hubo un 37%.<\/p>\n\n\n\n<p>Le sigue el Nordeste argentino, Corrientes, Formosa, Gran Resistencia y Posadas, que tuvo un 36,7%; la regi\u00f3n Pampeana, Bah\u00eda Blanca-Cerri, Gran C\u00f3rdoba, Concordia, Gran La Plata, Gran Paran\u00e1, Gran Rosario, Gran Santa Fe, Mar del Plata, R\u00edo Cuarto, Santa Rosa-Toay, San Nicol\u00e1s-Villa Constituci\u00f3n con 36,3%.<\/p>\n\n\n\n<p>Inflaci\u00f3n: las consultoras anticipan que septiembre cerrar\u00e1 por encima del 6%<\/p>\n\n\n\n<p>Despu\u00e9s viene el Noroeste, Gran Catamarca, Gran Tucum\u00e1n-Taf\u00ed, Jujuy, La Rioja, Salta, Santiago del Estero-La Banda que alcanz\u00f3 el 36%. Al final del \u00edndice se encontr\u00f3 la Patagonia con el 31,4%: R\u00edo Gallegos, Neuqu\u00e9n, Comodoro Rivadavia, Ushuaia, Rawson y Viedma.<\/p>\n\n\n\n<p><strong>\u00bfCu\u00e1les fueron las zonas con m\u00e1s pobreza?<\/strong><\/p>\n\n\n\n<p>El triste podio lo encabeza el \u00e1rea del Gran Resistencia en Chaco con el 49,9% y luego Concordia Entre R\u00edos con el 49,2% y los partidos del Gran Buenos Aires se quedan con el tercer lugar con el 42%.<\/p>\n\n\n\n<p>La incidencia m\u00e1s baja corresponde a la Ciudad de Buenos Aires con 16,2% y la ciudad de Formosa con el 24,4%.<\/p>\n\n\n\n<p>El informe destaca que tanto en los aglomerados de 500.000 y m\u00e1s habitantes como en los de menos de 500.000 se observ\u00f3 una reducci\u00f3n de la pobreza de 0,2 puntos porcentuales con respecto al segundo semestre de 2021.<\/p>\n","protected":false},"excerpt":{"rendered":"<p>El INDEC difundi\u00f3 este mi\u00e9rcoles las cifras del primer semestre. La indigencia ascendi\u00f3 al 8,8% y afecta a 2,6 millones de personas, mientras que la pobreza cay\u00f3 al 36,5% y afecta a 10,6 millones de argentinos. Este mi\u00e9rcoles a las 16 horas el Instituto Nacional de Estad\u00edstica y Censos (INDEC) dio a conocer las cifras [&hellip;]<\/p>\n","protected":false},"author":3,"featured_media":1688,"comment_status":"closed","ping_status":"closed","sticky":false,"template":"","format":"standard","meta":{"om_disable_all_campaigns":false,"_monsterinsights_skip_tracking":false,"_monsterinsights_sitenote_active":false,"_monsterinsights_sitenote_note":"","_monsterinsights_sitenote_category":0,"footnotes":""},"categories":[5,90],"tags":[89,515,517,15,516],"class_list":["post-1687","post","type-post","status-publish","format-standard","has-post-thumbnail","hentry","category-economia","category-nacionales","tag-economia","tag-gran-resistencia","tag-indec","tag-inflacion","tag-pobreza"],"aioseo_notices":[],"amp_enabled":true,"_links":{"self":[{"href":"https:\/\/diariodigitalnea.com\/index.php\/wp-json\/wp\/v2\/posts\/1687","targetHints":{"allow":["GET"]}}],"collection":[{"href":"https:\/\/diariodigitalnea.com\/index.php\/wp-json\/wp\/v2\/posts"}],"about":[{"href":"https:\/\/diariodigitalnea.com\/index.php\/wp-json\/wp\/v2\/types\/post"}],"author":[{"embeddable":true,"href":"https:\/\/diariodigitalnea.com\/index.php\/wp-json\/wp\/v2\/users\/3"}],"replies":[{"embeddable":true,"href":"https:\/\/diariodigitalnea.com\/index.php\/wp-json\/wp\/v2\/comments?post=1687"}],"version-history":[{"count":2,"href":"https:\/\/diariodigitalnea.com\/index.php\/wp-json\/wp\/v2\/posts\/1687\/revisions"}],"predecessor-version":[{"id":1692,"href":"https:\/\/diariodigitalnea.com\/index.php\/wp-json\/wp\/v2\/posts\/1687\/revisions\/1692"}],"wp:featuredmedia":[{"embeddable":true,"href":"https:\/\/diariodigitalnea.com\/index.php\/wp-json\/wp\/v2\/media\/1688"}],"wp:attachment":[{"href":"https:\/\/diariodigitalnea.com\/index.php\/wp-json\/wp\/v2\/media?parent=1687"}],"wp:term":[{"taxonomy":"category","embeddable":true,"href":"https:\/\/diariodigitalnea.com\/index.php\/wp-json\/wp\/v2\/categories?post=1687"},{"taxonomy":"post_tag","embeddable":true,"href":"https:\/\/diariodigitalnea.com\/index.php\/wp-json\/wp\/v2\/tags?post=1687"}],"curies":[{"name":"wp","href":"https:\/\/api.w.org\/{rel}","templated":true}]}}