{"id":16784,"date":"2025-04-14T11:55:03","date_gmt":"2025-04-14T11:55:03","guid":{"rendered":"https:\/\/diariodigitalnea.com\/?p=16784"},"modified":"2025-04-14T12:00:20","modified_gmt":"2025-04-14T12:00:20","slug":"la-justicia-ordeno-clases-virtuales-para-alumnos-que-hostigaban-a-una-companera","status":"publish","type":"post","link":"https:\/\/diariodigitalnea.com\/index.php\/2025\/04\/14\/la-justicia-ordeno-clases-virtuales-para-alumnos-que-hostigaban-a-una-companera\/","title":{"rendered":"La Justicia orden\u00f3 clases virtuales para alumnos que hostigaban a una compa\u00f1era"},"content":{"rendered":"\n<p>El juez S\u00e1nchez Mart\u00ednez advirti\u00f3 sobre \u00abuna potencial situaci\u00f3n de bullying\u00bb y orden\u00f3 medidas para proteger a una adolescente, v\u00edctima de hostigamiento.<\/p>\n\n\n\n<p><\/p>\n\n\n\n<p>El Juzgado Civil, Comercial, Laboral, Familia, Ni\u00f1ez, Adolescencia y de Paz de Paso de la Patria, Corrientes, resolvi\u00f3 adoptar una medida cautelar para proteger a una adolescente de 17 a\u00f1os, que denunci\u00f3 ser v\u00edctima de acoso escolar por parte de un grupo de compa\u00f1eros del colegio al que asiste.<\/p>\n\n\n\n<figure class=\"wp-block-image size-large\"><img fetchpriority=\"high\" decoding=\"async\" width=\"1024\" height=\"513\" src=\"http:\/\/diariodigitalnea.com\/wp-content\/uploads\/2023\/05\/ENCUENTRO-IG-Verde-copy-1024x513.jpg\" alt=\"PUBLICIDAD\" class=\"wp-image-8132\" srcset=\"https:\/\/diariodigitalnea.com\/wp-content\/uploads\/2023\/05\/ENCUENTRO-IG-Verde-copy-1024x513.jpg 1024w, https:\/\/diariodigitalnea.com\/wp-content\/uploads\/2023\/05\/ENCUENTRO-IG-Verde-copy-300x150.jpg 300w, https:\/\/diariodigitalnea.com\/wp-content\/uploads\/2023\/05\/ENCUENTRO-IG-Verde-copy-768x385.jpg 768w, https:\/\/diariodigitalnea.com\/wp-content\/uploads\/2023\/05\/ENCUENTRO-IG-Verde-copy-1536x769.jpg 1536w, https:\/\/diariodigitalnea.com\/wp-content\/uploads\/2023\/05\/ENCUENTRO-IG-Verde-copy-2048x1026.jpg 2048w\" sizes=\"(max-width: 1024px) 100vw, 1024px\" \/><figcaption class=\"wp-element-caption\">Publicidad: Encuentro Tienda de Bebidas, Chile 190 Local 4 \u2013 Tel: 3624386655 &#8211; Gral San Mart\u00edn<\/figcaption><\/figure>\n\n\n\n<p>La decisi\u00f3n fue tomada por el juez Hugo Alejandro S\u00e1nchez Mart\u00ednez, quien evalu\u00f3 los testimonios, las capturas de pantalla de mensajes y audios aportados como prueba, y consider\u00f3 que exist\u00eda una situaci\u00f3n de hostigamiento persistente, que ameritaba una respuesta urgente por parte del Poder Judicial.<\/p>\n\n\n\n<p><\/p>\n\n\n\n<p>\u00abEl plexo probatorio, si bien escueto, es suficiente para acreditar una potencial situaci\u00f3n de acoso escolar (bullying), que amerita la adopci\u00f3n de medidas de cese de acciones tendientes a este objetivo, y resguardo de la integridad psicof\u00edsica de la adolescente v\u00edctima\u00bb, sostuvo el magistrado en su resoluci\u00f3n.<\/p>\n\n\n\n<figure class=\"wp-block-image size-full\"><img decoding=\"async\" width=\"1002\" height=\"578\" src=\"https:\/\/diariodigitalnea.com\/wp-content\/uploads\/2025\/04\/bullyng.jpg\" alt=\"\" class=\"wp-image-16785\" srcset=\"https:\/\/diariodigitalnea.com\/wp-content\/uploads\/2025\/04\/bullyng.jpg 1002w, https:\/\/diariodigitalnea.com\/wp-content\/uploads\/2025\/04\/bullyng-300x173.jpg 300w, https:\/\/diariodigitalnea.com\/wp-content\/uploads\/2025\/04\/bullyng-768x443.jpg 768w\" sizes=\"(max-width: 1002px) 100vw, 1002px\" \/><\/figure>\n\n\n\n<p>CLASES VIRTUALES Y PROHIBICI\u00d3N DE CONTACTO<\/p>\n\n\n\n<p>Como parte de la medida, se orden\u00f3 que tres de los adolescentes involucrados contin\u00faen sus estudios de manera virtual por el plazo de 90 d\u00edas. Adem\u00e1s, se prohibi\u00f3 todo tipo de contacto entre la joven y las personas mencionadas en la causa, tanto en forma presencial como a trav\u00e9s de redes sociales o plataformas de mensajer\u00eda.<\/p>\n\n\n\n<p><\/p>\n\n\n\n<p>El juez tambi\u00e9n remarc\u00f3 que las agresiones no solo ocurrieron dentro del \u00e1mbito escolar, sino que continuaron por redes sociales, lo que constituye una forma de ciberacoso.<\/p>\n\n\n\n<figure class=\"wp-block-image size-large\"><img decoding=\"async\" width=\"1024\" height=\"513\" src=\"http:\/\/diariodigitalnea.com\/wp-content\/uploads\/2024\/04\/publi-GEMA-1024x513.jpg\" alt=\"publicidad\" class=\"wp-image-13586\" srcset=\"https:\/\/diariodigitalnea.com\/wp-content\/uploads\/2024\/04\/publi-GEMA-1024x513.jpg 1024w, https:\/\/diariodigitalnea.com\/wp-content\/uploads\/2024\/04\/publi-GEMA-300x150.jpg 300w, https:\/\/diariodigitalnea.com\/wp-content\/uploads\/2024\/04\/publi-GEMA-768x385.jpg 768w, https:\/\/diariodigitalnea.com\/wp-content\/uploads\/2024\/04\/publi-GEMA-1536x769.jpg 1536w, https:\/\/diariodigitalnea.com\/wp-content\/uploads\/2024\/04\/publi-GEMA.jpg 1977w\" sizes=\"(max-width: 1024px) 100vw, 1024px\" \/><figcaption class=\"wp-element-caption\">Publicidad: Gema Oufit @gemahoufit Rcia \u2013 Contacto: 3624391672<\/figcaption><\/figure>\n\n\n\n<p>En su an\u00e1lisis, diferenci\u00f3 este tipo de situaciones de una pelea aislada, explicando que para que exista bullying debe haber repetici\u00f3n de los ataques y un desequilibrio de poder entre quien acosa y quien es v\u00edctima.<\/p>\n\n\n\n<p><\/p>\n\n\n\n<p>\u00abEl acoso implica una repetici\u00f3n continuada de burlas o agresiones, que suelen ir en un espiral creciente de violencia y terminar produciendo la exclusi\u00f3n social de la v\u00edctima o una suerte de muerte civil\u00bb, expres\u00f3 el juez S\u00e1nchez Mart\u00ednez.<\/p>\n\n\n\n<figure class=\"wp-block-image size-large\"><img loading=\"lazy\" decoding=\"async\" width=\"1024\" height=\"446\" src=\"http:\/\/diariodigitalnea.com\/wp-content\/uploads\/2023\/05\/CONSTRUCAL-CON-FABRICA-2-1024x446.jpg\" alt=\"publicidad Construcal 2\" class=\"wp-image-8211\" srcset=\"https:\/\/diariodigitalnea.com\/wp-content\/uploads\/2023\/05\/CONSTRUCAL-CON-FABRICA-2-1024x446.jpg 1024w, https:\/\/diariodigitalnea.com\/wp-content\/uploads\/2023\/05\/CONSTRUCAL-CON-FABRICA-2-300x131.jpg 300w, https:\/\/diariodigitalnea.com\/wp-content\/uploads\/2023\/05\/CONSTRUCAL-CON-FABRICA-2-768x334.jpg 768w, https:\/\/diariodigitalnea.com\/wp-content\/uploads\/2023\/05\/CONSTRUCAL-CON-FABRICA-2-1536x669.jpg 1536w, https:\/\/diariodigitalnea.com\/wp-content\/uploads\/2023\/05\/CONSTRUCAL-CON-FABRICA-2-2048x892.jpg 2048w\" sizes=\"(max-width: 1024px) 100vw, 1024px\" \/><figcaption class=\"wp-element-caption\">Publicidad: ConstruCal Cales hidratas y vivas para uso vial y construcci\u00f3n TEL: 3624602737\n<\/figcaption><\/figure>\n\n\n\n<p>ADVERTENCIAS Y SEGUIMIENTO<\/p>\n\n\n\n<p>La resoluci\u00f3n judicial fue comunicada a los directivos del colegio para que tomen las medidas necesarias. Tambi\u00e9n se notific\u00f3 a los adolescentes involucrados, sus tutores y responsables, y se les indic\u00f3 que el incumplimiento de esta orden puede constituir un delito penal.<\/p>\n\n\n\n<p><\/p>\n\n\n\n<p>El juzgado dej\u00f3 abierta la posibilidad de adoptar nuevas medidas, en caso de que la situaci\u00f3n lo requiera o se presenten nuevos elementos.<\/p>\n\n\n\n<figure class=\"wp-block-image size-large\"><img loading=\"lazy\" decoding=\"async\" width=\"1024\" height=\"607\" src=\"http:\/\/diariodigitalnea.com\/wp-content\/uploads\/2023\/11\/DDN-FOTO-PC-Y-CEL-1024x607.jpg\" alt=\"publicidad\" class=\"wp-image-11794\" srcset=\"https:\/\/diariodigitalnea.com\/wp-content\/uploads\/2023\/11\/DDN-FOTO-PC-Y-CEL-1024x607.jpg 1024w, https:\/\/diariodigitalnea.com\/wp-content\/uploads\/2023\/11\/DDN-FOTO-PC-Y-CEL-300x178.jpg 300w, https:\/\/diariodigitalnea.com\/wp-content\/uploads\/2023\/11\/DDN-FOTO-PC-Y-CEL-768x455.jpg 768w, https:\/\/diariodigitalnea.com\/wp-content\/uploads\/2023\/11\/DDN-FOTO-PC-Y-CEL-1536x910.jpg 1536w, https:\/\/diariodigitalnea.com\/wp-content\/uploads\/2023\/11\/DDN-FOTO-PC-Y-CEL.jpg 2000w\" sizes=\"(max-width: 1024px) 100vw, 1024px\" \/><figcaption class=\"wp-element-caption\">Diario Digital Nea. Noticias de la regi\u00f3n y el mundo. <\/figcaption><\/figure>\n","protected":false},"excerpt":{"rendered":"<p>El juez S\u00e1nchez Mart\u00ednez advirti\u00f3 sobre \u00abuna potencial situaci\u00f3n de bullying\u00bb y orden\u00f3 medidas para proteger a una adolescente, v\u00edctima de hostigamiento. El Juzgado Civil, Comercial, Laboral, Familia, Ni\u00f1ez, Adolescencia y de Paz de Paso de la Patria, Corrientes, resolvi\u00f3 adoptar una medida cautelar para proteger a una adolescente de 17 a\u00f1os, que denunci\u00f3 ser [&hellip;]<\/p>\n","protected":false},"author":4,"featured_media":16786,"comment_status":"closed","ping_status":"closed","sticky":false,"template":"","format":"standard","meta":{"om_disable_all_campaigns":false,"_monsterinsights_skip_tracking":false,"_monsterinsights_sitenote_active":false,"_monsterinsights_sitenote_note":"","_monsterinsights_sitenote_category":0,"footnotes":""},"categories":[34,95],"tags":[],"class_list":["post-16784","post","type-post","status-publish","format-standard","has-post-thumbnail","hentry","category-corrientes","category-informacion-general"],"aioseo_notices":[],"amp_enabled":true,"_links":{"self":[{"href":"https:\/\/diariodigitalnea.com\/index.php\/wp-json\/wp\/v2\/posts\/16784","targetHints":{"allow":["GET"]}}],"collection":[{"href":"https:\/\/diariodigitalnea.com\/index.php\/wp-json\/wp\/v2\/posts"}],"about":[{"href":"https:\/\/diariodigitalnea.com\/index.php\/wp-json\/wp\/v2\/types\/post"}],"author":[{"embeddable":true,"href":"https:\/\/diariodigitalnea.com\/index.php\/wp-json\/wp\/v2\/users\/4"}],"replies":[{"embeddable":true,"href":"https:\/\/diariodigitalnea.com\/index.php\/wp-json\/wp\/v2\/comments?post=16784"}],"version-history":[{"count":1,"href":"https:\/\/diariodigitalnea.com\/index.php\/wp-json\/wp\/v2\/posts\/16784\/revisions"}],"predecessor-version":[{"id":16787,"href":"https:\/\/diariodigitalnea.com\/index.php\/wp-json\/wp\/v2\/posts\/16784\/revisions\/16787"}],"wp:featuredmedia":[{"embeddable":true,"href":"https:\/\/diariodigitalnea.com\/index.php\/wp-json\/wp\/v2\/media\/16786"}],"wp:attachment":[{"href":"https:\/\/diariodigitalnea.com\/index.php\/wp-json\/wp\/v2\/media?parent=16784"}],"wp:term":[{"taxonomy":"category","embeddable":true,"href":"https:\/\/diariodigitalnea.com\/index.php\/wp-json\/wp\/v2\/categories?post=16784"},{"taxonomy":"post_tag","embeddable":true,"href":"https:\/\/diariodigitalnea.com\/index.php\/wp-json\/wp\/v2\/tags?post=16784"}],"curies":[{"name":"wp","href":"https:\/\/api.w.org\/{rel}","templated":true}]}}