{"id":16734,"date":"2025-03-28T00:27:48","date_gmt":"2025-03-28T00:27:48","guid":{"rendered":"https:\/\/diariodigitalnea.com\/?p=16734"},"modified":"2025-03-28T00:27:48","modified_gmt":"2025-03-28T00:27:48","slug":"la-actividad-economica-crecio-65-anual-en-enero","status":"publish","type":"post","link":"https:\/\/diariodigitalnea.com\/index.php\/2025\/03\/28\/la-actividad-economica-crecio-65-anual-en-enero\/","title":{"rendered":"La actividad econ\u00f3mica creci\u00f3 6,5% anual en enero"},"content":{"rendered":"\n<p>As\u00ed, sum\u00f3 su tercer mes consecutivo en alza. En tanto, en la comparaci\u00f3n mensual, la suba fue del 0,6%.<\/p>\n\n\n\n<p><br>El Estimador Mensual de Actividad Econ\u00f3mica (EMAE) registr\u00f3 en enero una suba de 6,5% en comparaci\u00f3n con el mismo mes del a\u00f1o pasado, inform\u00f3 este jueves el Instituto Nacional de Estad\u00edstica y Censos (INDEC).<\/p>\n\n\n\n<figure class=\"wp-block-image size-large\"><img fetchpriority=\"high\" decoding=\"async\" width=\"1024\" height=\"513\" src=\"http:\/\/diariodigitalnea.com\/wp-content\/uploads\/2023\/05\/ENCUENTRO-IG-Verde-copy-1024x513.jpg\" alt=\"PUBLICIDAD\" class=\"wp-image-8132\" srcset=\"https:\/\/diariodigitalnea.com\/wp-content\/uploads\/2023\/05\/ENCUENTRO-IG-Verde-copy-1024x513.jpg 1024w, https:\/\/diariodigitalnea.com\/wp-content\/uploads\/2023\/05\/ENCUENTRO-IG-Verde-copy-300x150.jpg 300w, https:\/\/diariodigitalnea.com\/wp-content\/uploads\/2023\/05\/ENCUENTRO-IG-Verde-copy-768x385.jpg 768w, https:\/\/diariodigitalnea.com\/wp-content\/uploads\/2023\/05\/ENCUENTRO-IG-Verde-copy-1536x769.jpg 1536w, https:\/\/diariodigitalnea.com\/wp-content\/uploads\/2023\/05\/ENCUENTRO-IG-Verde-copy-2048x1026.jpg 2048w\" sizes=\"(max-width: 1024px) 100vw, 1024px\" \/><figcaption class=\"wp-element-caption\">Publicidad: Encuentro Tienda de Bebidas, Chile 190 Local 4 \u2013 Tel: 3624386655 &#8211; Gral San Mart\u00edn<\/figcaption><\/figure>\n\n\n\n<p>De esta manera, la actividad econ\u00f3mica comenz\u00f3 el 2025 con signos positivos, y acumula as\u00ed su tercer mes consecutivo en alza.<br>Por otra parte, en comparaci\u00f3n contra diciembre, el EMAE creci\u00f3 0,6%.<\/p>\n\n\n\n<p><\/p>\n\n\n\n<p>En este caso, el \u00edndice suma nueves meses seguidos con resultado positivo en la comparaci\u00f3n mensual.<br>La actividad econ\u00f3mica de enero, sector por sector<\/p>\n\n\n\n<figure class=\"wp-block-image size-full\"><img decoding=\"async\" width=\"908\" height=\"588\" src=\"https:\/\/diariodigitalnea.com\/wp-content\/uploads\/2025\/03\/trabajo2.jpg\" alt=\"\" class=\"wp-image-16736\" srcset=\"https:\/\/diariodigitalnea.com\/wp-content\/uploads\/2025\/03\/trabajo2.jpg 908w, https:\/\/diariodigitalnea.com\/wp-content\/uploads\/2025\/03\/trabajo2-300x194.jpg 300w, https:\/\/diariodigitalnea.com\/wp-content\/uploads\/2025\/03\/trabajo2-768x497.jpg 768w\" sizes=\"(max-width: 908px) 100vw, 908px\" \/><\/figure>\n\n\n\n<p><br>Entre los sectores relevados por el Indec, diez registraron mejoras contra enero del a\u00f1o pasado, entre los que se destacaron Intermediaci\u00f3n financiera (25,7%) y Comercio mayorista, minorista y reparaciones (11,3%).<\/p>\n\n\n\n<p><\/p>\n\n\n\n<p>En tanto, cinco sectores de actividad registraron ca\u00eddas en la comparaci\u00f3n interanual, entre los que se destacaron Pesca (-3,8%) y Hoteles y restaurantes (-2,8%).<\/p>\n\n\n\n<figure class=\"wp-block-image size-full\"><img decoding=\"async\" width=\"884\" height=\"575\" src=\"https:\/\/diariodigitalnea.com\/wp-content\/uploads\/2025\/03\/trabajo22.jpg\" alt=\"\" class=\"wp-image-16735\" srcset=\"https:\/\/diariodigitalnea.com\/wp-content\/uploads\/2025\/03\/trabajo22.jpg 884w, https:\/\/diariodigitalnea.com\/wp-content\/uploads\/2025\/03\/trabajo22-300x195.jpg 300w, https:\/\/diariodigitalnea.com\/wp-content\/uploads\/2025\/03\/trabajo22-768x500.jpg 768w\" sizes=\"(max-width: 884px) 100vw, 884px\" \/><\/figure>\n\n\n\n<p>Los sectores que crecieron en enero son: Intermediaci\u00f3n financiera: 25,7%; Impuestos netos de subsidios: 13,8%: Comercio mayorista, minorista y reparaciones: 11,3%; Explotaci\u00f3n de minas y canteras: 8,3%; Electricidad, gas y agua: 6,6%; Industria manufacturera: 6,0%; Actividades inmobiliarias, empresariales y de alquiler: 3,9%; Transporte y comunicaciones: 3,0%; Construcci\u00f3n: 1,9%; Agricultura, ganader\u00eda, caza y silvicultura: 0,8%; Ense\u00f1anza: 0,8%.<\/p>\n\n\n\n<p><\/p>\n\n\n\n<p>A su vez, los que registraron ca\u00eddas son : Pesca: -3,8%; Hoteles y restaurantes: -2,8%; Otras actividades de servicios comunitarios, sociales y personales: -2,6%; Administraci\u00f3n p\u00fablica y defensa; planes de seguridad social de afiliaci\u00f3n obligatoria: -1,7%; Servicios sociales y de salud: -0,3%.<\/p>\n\n\n\n<figure class=\"wp-block-image size-large\"><img loading=\"lazy\" decoding=\"async\" width=\"1024\" height=\"607\" src=\"http:\/\/diariodigitalnea.com\/wp-content\/uploads\/2023\/11\/DDN-FOTO-PC-Y-CEL-1024x607.jpg\" alt=\"publicidad\" class=\"wp-image-11794\" srcset=\"https:\/\/diariodigitalnea.com\/wp-content\/uploads\/2023\/11\/DDN-FOTO-PC-Y-CEL-1024x607.jpg 1024w, https:\/\/diariodigitalnea.com\/wp-content\/uploads\/2023\/11\/DDN-FOTO-PC-Y-CEL-300x178.jpg 300w, https:\/\/diariodigitalnea.com\/wp-content\/uploads\/2023\/11\/DDN-FOTO-PC-Y-CEL-768x455.jpg 768w, https:\/\/diariodigitalnea.com\/wp-content\/uploads\/2023\/11\/DDN-FOTO-PC-Y-CEL-1536x910.jpg 1536w, https:\/\/diariodigitalnea.com\/wp-content\/uploads\/2023\/11\/DDN-FOTO-PC-Y-CEL.jpg 2000w\" sizes=\"(max-width: 1024px) 100vw, 1024px\" \/><figcaption class=\"wp-element-caption\">Diario Digital Nea. Noticias de la regi\u00f3n y el mundo. <\/figcaption><\/figure>\n","protected":false},"excerpt":{"rendered":"<p>As\u00ed, sum\u00f3 su tercer mes consecutivo en alza. En tanto, en la comparaci\u00f3n mensual, la suba fue del 0,6%. El Estimador Mensual de Actividad Econ\u00f3mica (EMAE) registr\u00f3 en enero una suba de 6,5% en comparaci\u00f3n con el mismo mes del a\u00f1o pasado, inform\u00f3 este jueves el Instituto Nacional de Estad\u00edstica y Censos (INDEC). De esta [&hellip;]<\/p>\n","protected":false},"author":4,"featured_media":16737,"comment_status":"closed","ping_status":"closed","sticky":false,"template":"","format":"standard","meta":{"om_disable_all_campaigns":false,"_monsterinsights_skip_tracking":false,"_monsterinsights_sitenote_active":false,"_monsterinsights_sitenote_note":"","_monsterinsights_sitenote_category":0,"footnotes":""},"categories":[90,4],"tags":[],"class_list":["post-16734","post","type-post","status-publish","format-standard","has-post-thumbnail","hentry","category-nacionales","category-politica"],"aioseo_notices":[],"amp_enabled":true,"_links":{"self":[{"href":"https:\/\/diariodigitalnea.com\/index.php\/wp-json\/wp\/v2\/posts\/16734","targetHints":{"allow":["GET"]}}],"collection":[{"href":"https:\/\/diariodigitalnea.com\/index.php\/wp-json\/wp\/v2\/posts"}],"about":[{"href":"https:\/\/diariodigitalnea.com\/index.php\/wp-json\/wp\/v2\/types\/post"}],"author":[{"embeddable":true,"href":"https:\/\/diariodigitalnea.com\/index.php\/wp-json\/wp\/v2\/users\/4"}],"replies":[{"embeddable":true,"href":"https:\/\/diariodigitalnea.com\/index.php\/wp-json\/wp\/v2\/comments?post=16734"}],"version-history":[{"count":1,"href":"https:\/\/diariodigitalnea.com\/index.php\/wp-json\/wp\/v2\/posts\/16734\/revisions"}],"predecessor-version":[{"id":16738,"href":"https:\/\/diariodigitalnea.com\/index.php\/wp-json\/wp\/v2\/posts\/16734\/revisions\/16738"}],"wp:featuredmedia":[{"embeddable":true,"href":"https:\/\/diariodigitalnea.com\/index.php\/wp-json\/wp\/v2\/media\/16737"}],"wp:attachment":[{"href":"https:\/\/diariodigitalnea.com\/index.php\/wp-json\/wp\/v2\/media?parent=16734"}],"wp:term":[{"taxonomy":"category","embeddable":true,"href":"https:\/\/diariodigitalnea.com\/index.php\/wp-json\/wp\/v2\/categories?post=16734"},{"taxonomy":"post_tag","embeddable":true,"href":"https:\/\/diariodigitalnea.com\/index.php\/wp-json\/wp\/v2\/tags?post=16734"}],"curies":[{"name":"wp","href":"https:\/\/api.w.org\/{rel}","templated":true}]}}