{"id":16711,"date":"2025-03-20T13:00:34","date_gmt":"2025-03-20T13:00:34","guid":{"rendered":"https:\/\/diariodigitalnea.com\/?p=16711"},"modified":"2025-03-20T13:00:34","modified_gmt":"2025-03-20T13:00:34","slug":"zdero-entrego-viviendas-a-familias-del-paraje-el-palmar","status":"publish","type":"post","link":"https:\/\/diariodigitalnea.com\/index.php\/2025\/03\/20\/zdero-entrego-viviendas-a-familias-del-paraje-el-palmar\/","title":{"rendered":"Zdero entreg\u00f3 viviendas a familias del paraje El Palmar"},"content":{"rendered":"\n<p>Con esta entrega se respondieron demandas puntuales de personas en situaci\u00f3n de vulnerabilidad y con discapacidad que requer\u00edan casas adaptadas. \u201cLa Provincia realiza un gran esfuerzo financiero para resolver el d\u00e9ficit habitacional con distintas modalidades de construcci\u00f3n, queremos brindar a todos la posibilidad de tener su casa propia\u201d, expres\u00f3 el gobernador Zdero.<\/p>\n\n\n\n<figure class=\"wp-block-image size-large\"><img fetchpriority=\"high\" decoding=\"async\" width=\"1024\" height=\"683\" src=\"https:\/\/diariodigitalnea.com\/wp-content\/uploads\/2025\/03\/zz4-1024x683.jpeg\" alt=\"\" class=\"wp-image-16713\" srcset=\"https:\/\/diariodigitalnea.com\/wp-content\/uploads\/2025\/03\/zz4-1024x683.jpeg 1024w, https:\/\/diariodigitalnea.com\/wp-content\/uploads\/2025\/03\/zz4-300x200.jpeg 300w, https:\/\/diariodigitalnea.com\/wp-content\/uploads\/2025\/03\/zz4-768x512.jpeg 768w, https:\/\/diariodigitalnea.com\/wp-content\/uploads\/2025\/03\/zz4-1536x1024.jpeg 1536w, https:\/\/diariodigitalnea.com\/wp-content\/uploads\/2025\/03\/zz4-2048x1365.jpeg 2048w, https:\/\/diariodigitalnea.com\/wp-content\/uploads\/2025\/03\/zz4-900x600.jpeg 900w\" sizes=\"(max-width: 1024px) 100vw, 1024px\" \/><\/figure>\n\n\n\n<p>El primer mandatario provincial entreg\u00f3, este mi\u00e9rcoles en El Palmar, viviendas con infraestructura b\u00e1sica, ejecutadas por el Instituto Provincial De Desarrollo Urbano y Vivienda (Ipduv) en respuesta a una demanda de vecinos de la comuna. \u201cHoy estamos cumpliendo el sue\u00f1o de la casa propia a familias que hace mucho tiempo esperaban y eso nos llena de felicidad\u201d, subray\u00f3, acompa\u00f1ado por el ministro de Infraestructura Hugo Dom\u00ednguez, el presidente del Ipduv Fernando Berecoechea y el intendente de Quitilipi, Ariel Lovey.<\/p>\n\n\n\n<figure class=\"wp-block-image size-large\"><img decoding=\"async\" width=\"1024\" height=\"513\" src=\"http:\/\/diariodigitalnea.com\/wp-content\/uploads\/2023\/05\/ENCUENTRO-IG-Verde-copy-1024x513.jpg\" alt=\"PUBLICIDAD\" class=\"wp-image-8132\" srcset=\"https:\/\/diariodigitalnea.com\/wp-content\/uploads\/2023\/05\/ENCUENTRO-IG-Verde-copy-1024x513.jpg 1024w, https:\/\/diariodigitalnea.com\/wp-content\/uploads\/2023\/05\/ENCUENTRO-IG-Verde-copy-300x150.jpg 300w, https:\/\/diariodigitalnea.com\/wp-content\/uploads\/2023\/05\/ENCUENTRO-IG-Verde-copy-768x385.jpg 768w, https:\/\/diariodigitalnea.com\/wp-content\/uploads\/2023\/05\/ENCUENTRO-IG-Verde-copy-1536x769.jpg 1536w, https:\/\/diariodigitalnea.com\/wp-content\/uploads\/2023\/05\/ENCUENTRO-IG-Verde-copy-2048x1026.jpg 2048w\" sizes=\"(max-width: 1024px) 100vw, 1024px\" \/><figcaption class=\"wp-element-caption\">Publicidad: Encuentro Tienda de Bebidas, Chile 190 Local 4 \u2013 Tel: 3624386655 &#8211; Gral San Mart\u00edn<\/figcaption><\/figure>\n\n\n\n<p>En la oportunidad el mandatario asegur\u00f3 que la Provincia realiza un gran esfuerzo financiero para resolver el d\u00e9ficit habitacional y llegar a todos los rincones del Chaco con distintas modalidades y operatorias para la ejecuci\u00f3n de viviendas. \u201cSi bien nos llena de felicidad entregar una nueva casa, tenemos sabor amargo tambi\u00e9n porque hay mucha gente que necesita y espera una casa; arrastramos un d\u00e9ficit habitacional muy grande\u201d, sostuvo.<\/p>\n\n\n\n<figure class=\"wp-block-image size-large\"><img decoding=\"async\" width=\"1024\" height=\"683\" src=\"http:\/\/diariodigitalnea.com\/wp-content\/uploads\/2025\/03\/zz3-1024x683.jpeg\" alt=\"\" class=\"wp-image-16712\" srcset=\"https:\/\/diariodigitalnea.com\/wp-content\/uploads\/2025\/03\/zz3-1024x683.jpeg 1024w, https:\/\/diariodigitalnea.com\/wp-content\/uploads\/2025\/03\/zz3-300x200.jpeg 300w, https:\/\/diariodigitalnea.com\/wp-content\/uploads\/2025\/03\/zz3-768x512.jpeg 768w, https:\/\/diariodigitalnea.com\/wp-content\/uploads\/2025\/03\/zz3-1536x1024.jpeg 1536w, https:\/\/diariodigitalnea.com\/wp-content\/uploads\/2025\/03\/zz3-2048x1365.jpeg 2048w, https:\/\/diariodigitalnea.com\/wp-content\/uploads\/2025\/03\/zz3-900x600.jpeg 900w\" sizes=\"(max-width: 1024px) 100vw, 1024px\" \/><\/figure>\n\n\n\n<p>Record\u00f3 as\u00ed que al inicio de gesti\u00f3n, visit\u00f3 Quitilipi junto al intendente Lovey para realizar un relevamiento de la situaci\u00f3n habitacional que incluy\u00f3 a El Palmar, jurisdicci\u00f3n de la localidad. \u201cEn esa ocasi\u00f3n vimos la necesidad de avanzar con algunas demandas puntuales de personas en situaci\u00f3n de vulnerabilidad y otras con discapacidad que requer\u00edan casas adaptadas y hoy estamos dando respuesta a esas demandas\u201d, asegur\u00f3.<\/p>\n\n\n\n<figure class=\"wp-block-image size-large\"><img loading=\"lazy\" decoding=\"async\" width=\"1024\" height=\"513\" src=\"http:\/\/diariodigitalnea.com\/wp-content\/uploads\/2024\/04\/publi-GEMA-1024x513.jpg\" alt=\"publicidad\" class=\"wp-image-13586\" srcset=\"https:\/\/diariodigitalnea.com\/wp-content\/uploads\/2024\/04\/publi-GEMA-1024x513.jpg 1024w, https:\/\/diariodigitalnea.com\/wp-content\/uploads\/2024\/04\/publi-GEMA-300x150.jpg 300w, https:\/\/diariodigitalnea.com\/wp-content\/uploads\/2024\/04\/publi-GEMA-768x385.jpg 768w, https:\/\/diariodigitalnea.com\/wp-content\/uploads\/2024\/04\/publi-GEMA-1536x769.jpg 1536w, https:\/\/diariodigitalnea.com\/wp-content\/uploads\/2024\/04\/publi-GEMA.jpg 1977w\" sizes=\"(max-width: 1024px) 100vw, 1024px\" \/><figcaption class=\"wp-element-caption\">Publicidad: Gema Oufit @gemahoufit Rcia \u2013 Contacto: 3624391672<\/figcaption><\/figure>\n\n\n\n<p>Por otro lado, reiter\u00f3 que el Gobierno provincial puso en marcha distintas operatorias para la construcci\u00f3n de viviendas para sectores vulnerables y entrega de materiales para casas que quedaron inconclusas de gestiones anteriores. \u201cQueremos brindar a todos, la posibilidad de tener su casa propia\u201d, manifest\u00f3.<\/p>\n\n\n\n<p><\/p>\n\n\n\n<p>Tambi\u00e9n participaron los vocales del Ipduv, Diego Gutierrez y Daniel Monti y vecinos de la zona. Una vecina adjudicataria manifest\u00f3 su agradecimiento por dar respuesta a una demanda de larga data. \u201cEstamos muy contentos con esta entrega; es un sue\u00f1o que hoy se cumple. Estoy muy agradecida con el gobernador\u201d, concluy\u00f3.<\/p>\n\n\n\n<figure class=\"wp-block-image size-large\"><img loading=\"lazy\" decoding=\"async\" width=\"1024\" height=\"607\" src=\"http:\/\/diariodigitalnea.com\/wp-content\/uploads\/2023\/11\/DDN-FOTO-PC-Y-CEL-1024x607.jpg\" alt=\"publicidad\" class=\"wp-image-11794\" srcset=\"https:\/\/diariodigitalnea.com\/wp-content\/uploads\/2023\/11\/DDN-FOTO-PC-Y-CEL-1024x607.jpg 1024w, https:\/\/diariodigitalnea.com\/wp-content\/uploads\/2023\/11\/DDN-FOTO-PC-Y-CEL-300x178.jpg 300w, https:\/\/diariodigitalnea.com\/wp-content\/uploads\/2023\/11\/DDN-FOTO-PC-Y-CEL-768x455.jpg 768w, https:\/\/diariodigitalnea.com\/wp-content\/uploads\/2023\/11\/DDN-FOTO-PC-Y-CEL-1536x910.jpg 1536w, https:\/\/diariodigitalnea.com\/wp-content\/uploads\/2023\/11\/DDN-FOTO-PC-Y-CEL.jpg 2000w\" sizes=\"(max-width: 1024px) 100vw, 1024px\" \/><figcaption class=\"wp-element-caption\">Diario Digital Nea. Noticias de la regi\u00f3n y el mundo. <\/figcaption><\/figure>\n","protected":false},"excerpt":{"rendered":"<p>Con esta entrega se respondieron demandas puntuales de personas en situaci\u00f3n de vulnerabilidad y con discapacidad que requer\u00edan casas adaptadas. \u201cLa Provincia realiza un gran esfuerzo financiero para resolver el d\u00e9ficit habitacional con distintas modalidades de construcci\u00f3n, queremos brindar a todos la posibilidad de tener su casa propia\u201d, expres\u00f3 el gobernador Zdero. El primer mandatario [&hellip;]<\/p>\n","protected":false},"author":4,"featured_media":16714,"comment_status":"closed","ping_status":"closed","sticky":false,"template":"","format":"standard","meta":{"om_disable_all_campaigns":false,"_monsterinsights_skip_tracking":false,"_monsterinsights_sitenote_active":false,"_monsterinsights_sitenote_note":"","_monsterinsights_sitenote_category":0,"footnotes":""},"categories":[33,4],"tags":[],"class_list":["post-16711","post","type-post","status-publish","format-standard","has-post-thumbnail","hentry","category-chaco","category-politica"],"aioseo_notices":[],"amp_enabled":true,"_links":{"self":[{"href":"https:\/\/diariodigitalnea.com\/index.php\/wp-json\/wp\/v2\/posts\/16711","targetHints":{"allow":["GET"]}}],"collection":[{"href":"https:\/\/diariodigitalnea.com\/index.php\/wp-json\/wp\/v2\/posts"}],"about":[{"href":"https:\/\/diariodigitalnea.com\/index.php\/wp-json\/wp\/v2\/types\/post"}],"author":[{"embeddable":true,"href":"https:\/\/diariodigitalnea.com\/index.php\/wp-json\/wp\/v2\/users\/4"}],"replies":[{"embeddable":true,"href":"https:\/\/diariodigitalnea.com\/index.php\/wp-json\/wp\/v2\/comments?post=16711"}],"version-history":[{"count":1,"href":"https:\/\/diariodigitalnea.com\/index.php\/wp-json\/wp\/v2\/posts\/16711\/revisions"}],"predecessor-version":[{"id":16715,"href":"https:\/\/diariodigitalnea.com\/index.php\/wp-json\/wp\/v2\/posts\/16711\/revisions\/16715"}],"wp:featuredmedia":[{"embeddable":true,"href":"https:\/\/diariodigitalnea.com\/index.php\/wp-json\/wp\/v2\/media\/16714"}],"wp:attachment":[{"href":"https:\/\/diariodigitalnea.com\/index.php\/wp-json\/wp\/v2\/media?parent=16711"}],"wp:term":[{"taxonomy":"category","embeddable":true,"href":"https:\/\/diariodigitalnea.com\/index.php\/wp-json\/wp\/v2\/categories?post=16711"},{"taxonomy":"post_tag","embeddable":true,"href":"https:\/\/diariodigitalnea.com\/index.php\/wp-json\/wp\/v2\/tags?post=16711"}],"curies":[{"name":"wp","href":"https:\/\/api.w.org\/{rel}","templated":true}]}}