{"id":16682,"date":"2025-03-14T16:55:31","date_gmt":"2025-03-14T16:55:31","guid":{"rendered":"https:\/\/diariodigitalnea.com\/?p=16682"},"modified":"2025-03-14T16:55:31","modified_gmt":"2025-03-14T16:55:31","slug":"la-justicia-suspendio-por-seis-meses-el-decreto-que-convertia-al-banco-nacion-en-sociedad-anonima","status":"publish","type":"post","link":"https:\/\/diariodigitalnea.com\/index.php\/2025\/03\/14\/la-justicia-suspendio-por-seis-meses-el-decreto-que-convertia-al-banco-nacion-en-sociedad-anonima\/","title":{"rendered":"La Justicia suspendi\u00f3 por seis meses el decreto que convert\u00eda al Banco Naci\u00f3n en sociedad an\u00f3nima"},"content":{"rendered":"\n<p>\u00abEl Banco de la Naci\u00f3n Argentina (BNA) es una entidad cuya creaci\u00f3n compete al Congreso Nacional. Por lo tanto, es este poder el \u00fanico que puede revocar su car\u00e1cter\u00bb, fundament\u00f3 el juez Ramos Padilla en su resoluci\u00f3n.<\/p>\n\n\n\n<p><\/p>\n\n\n\n<p>El juez federal Alejo Ramos Padilla hizo lugar a la medida cautelar solicitada por la Asociaci\u00f3n Bancaria y fren\u00f3 la transformaci\u00f3n del Banco Naci\u00f3n en una sociedad an\u00f3nima. En su fallo, sostuvo que cualquier modificaci\u00f3n en la estructura jur\u00eddica de la entidad debe ser tratada por el Congreso.<\/p>\n\n\n\n<figure class=\"wp-block-image size-large\"><img fetchpriority=\"high\" decoding=\"async\" width=\"1024\" height=\"513\" src=\"http:\/\/diariodigitalnea.com\/wp-content\/uploads\/2023\/05\/ENCUENTRO-IG-Verde-copy-1024x513.jpg\" alt=\"PUBLICIDAD\" class=\"wp-image-8132\" srcset=\"https:\/\/diariodigitalnea.com\/wp-content\/uploads\/2023\/05\/ENCUENTRO-IG-Verde-copy-1024x513.jpg 1024w, https:\/\/diariodigitalnea.com\/wp-content\/uploads\/2023\/05\/ENCUENTRO-IG-Verde-copy-300x150.jpg 300w, https:\/\/diariodigitalnea.com\/wp-content\/uploads\/2023\/05\/ENCUENTRO-IG-Verde-copy-768x385.jpg 768w, https:\/\/diariodigitalnea.com\/wp-content\/uploads\/2023\/05\/ENCUENTRO-IG-Verde-copy-1536x769.jpg 1536w, https:\/\/diariodigitalnea.com\/wp-content\/uploads\/2023\/05\/ENCUENTRO-IG-Verde-copy-2048x1026.jpg 2048w\" sizes=\"(max-width: 1024px) 100vw, 1024px\" \/><figcaption class=\"wp-element-caption\">Publicidad: Encuentro Tienda de Bebidas, Chile 190 Local 4 \u2013 Tel: 3624386655 &#8211; Gral San Mart\u00edn<\/figcaption><\/figure>\n\n\n\n<p>La decisi\u00f3n judicial suspende por seis meses la aplicaci\u00f3n del decreto firmado por el presidente Javier Milei que dispon\u00eda el cambio de estatus del Banco Naci\u00f3n. Previamente, el 25 de febrero, el magistrado hab\u00eda dictado una medida cautelar interina tras un planteo del gremio bancario.<\/p>\n\n\n\n<p><\/p>\n\n\n\n<p>\u00abEl Banco de la Naci\u00f3n Argentina (BNA) es una entidad cuya creaci\u00f3n compete al Congreso Nacional. Por lo tanto, es este poder el \u00fanico que puede revocar su car\u00e1cter\u00bb, fundament\u00f3 Ramos Padilla en su resoluci\u00f3n.<\/p>\n\n\n\n<p><\/p>\n\n\n\n<p>Entre los principales argumentos, la Justicia subray\u00f3 que el BNA fue expresamente excluido del listado de entidades a privatizar durante el debate de la Ley 27.742, conocida como Ley Bases. En este sentido, el fallo remarc\u00f3 que el Congreso tom\u00f3 una decisi\u00f3n pol\u00edtica clara de preservar su car\u00e1cter p\u00fablico.<\/p>\n\n\n\n<figure class=\"wp-block-image size-full\"><img decoding=\"async\" width=\"937\" height=\"569\" src=\"http:\/\/diariodigitalnea.com\/wp-content\/uploads\/2025\/03\/banco-na.jpg\" alt=\"\" class=\"wp-image-16683\" srcset=\"https:\/\/diariodigitalnea.com\/wp-content\/uploads\/2025\/03\/banco-na.jpg 937w, https:\/\/diariodigitalnea.com\/wp-content\/uploads\/2025\/03\/banco-na-300x182.jpg 300w, https:\/\/diariodigitalnea.com\/wp-content\/uploads\/2025\/03\/banco-na-768x466.jpg 768w\" sizes=\"(max-width: 937px) 100vw, 937px\" \/><\/figure>\n\n\n\n<p>Adem\u00e1s, al analizar la legalidad del decreto, el juez concluy\u00f3 que el Poder Ejecutivo \u00abhabr\u00eda excedido las facultades delegadas\u00bb, citando precedentes tanto de la Corte Suprema de Justicia de la Naci\u00f3n (CSJN) como de la Corte Suprema de Estados Unidos. Tambi\u00e9n advirti\u00f3 que permitir la conversi\u00f3n del BNA en sociedad an\u00f3nima podr\u00eda generar un \u00abda\u00f1o irreparable\u00bb, ya que abrir\u00eda la puerta a la venta total o parcial de la entidad sin la intervenci\u00f3n del Congreso.<\/p>\n\n\n\n<p><\/p>\n\n\n\n<p><\/p>\n\n\n\n<p>El fallo tambi\u00e9n destac\u00f3 el rol hist\u00f3rico del Banco Naci\u00f3n en la estabilidad econ\u00f3mica del pa\u00eds: \u00abDesde su fundaci\u00f3n, el BNA ha sido clave para mitigar crisis econ\u00f3micas y financiar el desarrollo agr\u00edcola, industrial y comercial. En momentos cr\u00edticos, como las crisis de 1891 y 1929, el banco garantiz\u00f3 la cadena de pagos y respald\u00f3 a distintos sectores productivos\u00bb.<\/p>\n\n\n\n<figure class=\"wp-block-image size-large\"><img decoding=\"async\" width=\"1024\" height=\"513\" src=\"http:\/\/diariodigitalnea.com\/wp-content\/uploads\/2024\/04\/publi-GEMA-1024x513.jpg\" alt=\"publicidad\" class=\"wp-image-13586\" srcset=\"https:\/\/diariodigitalnea.com\/wp-content\/uploads\/2024\/04\/publi-GEMA-1024x513.jpg 1024w, https:\/\/diariodigitalnea.com\/wp-content\/uploads\/2024\/04\/publi-GEMA-300x150.jpg 300w, https:\/\/diariodigitalnea.com\/wp-content\/uploads\/2024\/04\/publi-GEMA-768x385.jpg 768w, https:\/\/diariodigitalnea.com\/wp-content\/uploads\/2024\/04\/publi-GEMA-1536x769.jpg 1536w, https:\/\/diariodigitalnea.com\/wp-content\/uploads\/2024\/04\/publi-GEMA.jpg 1977w\" sizes=\"(max-width: 1024px) 100vw, 1024px\" \/><figcaption class=\"wp-element-caption\">Publicidad: Gema Oufit @gemahoufit Rcia \u2013 Contacto: 3624391672<\/figcaption><\/figure>\n\n\n\n<p>La Asociaci\u00f3n Bancaria celebr\u00f3 el fallo<\/p>\n\n\n\n<p>El secretario general de la Asociaci\u00f3n Bancaria, Sergio Omar Palazzo, expres\u00f3 su satisfacci\u00f3n por la decisi\u00f3n judicial y destac\u00f3 que el fallo representa \u00abuna victoria en la defensa de la banca p\u00fablica\u00bb.<\/p>\n\n\n\n<p><\/p>\n\n\n\n<p>A trav\u00e9s de un comunicado, el gremio resalt\u00f3 que \u00abla medida cautelar ratifica la suspensi\u00f3n del decreto N\u00b0 116\/25, que transformaba al Banco Naci\u00f3n en sociedad an\u00f3nima, y frena la posibilidad de que el Gobierno avance con su privatizaci\u00f3n\u00bb.<\/p>\n\n\n\n<figure class=\"wp-block-image size-large\"><img loading=\"lazy\" decoding=\"async\" width=\"1024\" height=\"446\" src=\"http:\/\/diariodigitalnea.com\/wp-content\/uploads\/2023\/05\/CONSTRUCAL-CON-FABRICA-2-1024x446.jpg\" alt=\"publicidad Construcal 2\" class=\"wp-image-8211\" srcset=\"https:\/\/diariodigitalnea.com\/wp-content\/uploads\/2023\/05\/CONSTRUCAL-CON-FABRICA-2-1024x446.jpg 1024w, https:\/\/diariodigitalnea.com\/wp-content\/uploads\/2023\/05\/CONSTRUCAL-CON-FABRICA-2-300x131.jpg 300w, https:\/\/diariodigitalnea.com\/wp-content\/uploads\/2023\/05\/CONSTRUCAL-CON-FABRICA-2-768x334.jpg 768w, https:\/\/diariodigitalnea.com\/wp-content\/uploads\/2023\/05\/CONSTRUCAL-CON-FABRICA-2-1536x669.jpg 1536w, https:\/\/diariodigitalnea.com\/wp-content\/uploads\/2023\/05\/CONSTRUCAL-CON-FABRICA-2-2048x892.jpg 2048w\" sizes=\"(max-width: 1024px) 100vw, 1024px\" \/><figcaption class=\"wp-element-caption\">Publicidad: ConstruCal Cales hidratas y vivas para uso vial y construcci\u00f3n TEL: 3624602737\n<\/figcaption><\/figure>\n\n\n\n<p><\/p>\n\n\n\n<p>Asimismo, recordaron que el decreto oficial hab\u00eda sido se\u00f1alado como \u00abun paso previo\u00bb para permitir el ingreso de capitales privados y que su implementaci\u00f3n exced\u00eda los l\u00edmites de las facultades delegadas al Ejecutivo.<\/p>\n\n\n\n<p><\/p>\n\n\n\n<p>Finalmente, desde el sindicato aseguraron que \u00abel camino hacia la privatizaci\u00f3n queda detenido moment\u00e1neamente\u00bb, pero reafirmaron su compromiso de \u00abseguir firmes y en alerta en defensa del Banco Naci\u00f3n\u00bb.<\/p>\n\n\n\n<figure class=\"wp-block-image size-large\"><img loading=\"lazy\" decoding=\"async\" width=\"1024\" height=\"607\" src=\"http:\/\/diariodigitalnea.com\/wp-content\/uploads\/2023\/11\/DDN-FOTO-PC-Y-CEL-1024x607.jpg\" alt=\"publicidad\" class=\"wp-image-11794\" srcset=\"https:\/\/diariodigitalnea.com\/wp-content\/uploads\/2023\/11\/DDN-FOTO-PC-Y-CEL-1024x607.jpg 1024w, https:\/\/diariodigitalnea.com\/wp-content\/uploads\/2023\/11\/DDN-FOTO-PC-Y-CEL-300x178.jpg 300w, https:\/\/diariodigitalnea.com\/wp-content\/uploads\/2023\/11\/DDN-FOTO-PC-Y-CEL-768x455.jpg 768w, https:\/\/diariodigitalnea.com\/wp-content\/uploads\/2023\/11\/DDN-FOTO-PC-Y-CEL-1536x910.jpg 1536w, https:\/\/diariodigitalnea.com\/wp-content\/uploads\/2023\/11\/DDN-FOTO-PC-Y-CEL.jpg 2000w\" sizes=\"(max-width: 1024px) 100vw, 1024px\" \/><figcaption class=\"wp-element-caption\">Diario Digital Nea. Noticias de la regi\u00f3n y el mundo. <\/figcaption><\/figure>\n","protected":false},"excerpt":{"rendered":"<p>\u00abEl Banco de la Naci\u00f3n Argentina (BNA) es una entidad cuya creaci\u00f3n compete al Congreso Nacional. Por lo tanto, es este poder el \u00fanico que puede revocar su car\u00e1cter\u00bb, fundament\u00f3 el juez Ramos Padilla en su resoluci\u00f3n. El juez federal Alejo Ramos Padilla hizo lugar a la medida cautelar solicitada por la Asociaci\u00f3n Bancaria y [&hellip;]<\/p>\n","protected":false},"author":4,"featured_media":16684,"comment_status":"closed","ping_status":"closed","sticky":false,"template":"","format":"standard","meta":{"om_disable_all_campaigns":false,"_monsterinsights_skip_tracking":false,"_monsterinsights_sitenote_active":false,"_monsterinsights_sitenote_note":"","_monsterinsights_sitenote_category":0,"footnotes":""},"categories":[5,95],"tags":[],"class_list":["post-16682","post","type-post","status-publish","format-standard","has-post-thumbnail","hentry","category-economia","category-informacion-general"],"aioseo_notices":[],"amp_enabled":true,"_links":{"self":[{"href":"https:\/\/diariodigitalnea.com\/index.php\/wp-json\/wp\/v2\/posts\/16682","targetHints":{"allow":["GET"]}}],"collection":[{"href":"https:\/\/diariodigitalnea.com\/index.php\/wp-json\/wp\/v2\/posts"}],"about":[{"href":"https:\/\/diariodigitalnea.com\/index.php\/wp-json\/wp\/v2\/types\/post"}],"author":[{"embeddable":true,"href":"https:\/\/diariodigitalnea.com\/index.php\/wp-json\/wp\/v2\/users\/4"}],"replies":[{"embeddable":true,"href":"https:\/\/diariodigitalnea.com\/index.php\/wp-json\/wp\/v2\/comments?post=16682"}],"version-history":[{"count":1,"href":"https:\/\/diariodigitalnea.com\/index.php\/wp-json\/wp\/v2\/posts\/16682\/revisions"}],"predecessor-version":[{"id":16685,"href":"https:\/\/diariodigitalnea.com\/index.php\/wp-json\/wp\/v2\/posts\/16682\/revisions\/16685"}],"wp:featuredmedia":[{"embeddable":true,"href":"https:\/\/diariodigitalnea.com\/index.php\/wp-json\/wp\/v2\/media\/16684"}],"wp:attachment":[{"href":"https:\/\/diariodigitalnea.com\/index.php\/wp-json\/wp\/v2\/media?parent=16682"}],"wp:term":[{"taxonomy":"category","embeddable":true,"href":"https:\/\/diariodigitalnea.com\/index.php\/wp-json\/wp\/v2\/categories?post=16682"},{"taxonomy":"post_tag","embeddable":true,"href":"https:\/\/diariodigitalnea.com\/index.php\/wp-json\/wp\/v2\/tags?post=16682"}],"curies":[{"name":"wp","href":"https:\/\/api.w.org\/{rel}","templated":true}]}}