{"id":16527,"date":"2025-02-24T12:27:53","date_gmt":"2025-02-24T12:27:53","guid":{"rendered":"https:\/\/diariodigitalnea.com\/?p=16527"},"modified":"2025-02-24T12:27:53","modified_gmt":"2025-02-24T12:27:53","slug":"tras-anos-de-restricciones-comenzo-la-exportacion-de-carbon-vegetal-desde-el-puerto-de-barranqueras-a-europa","status":"publish","type":"post","link":"https:\/\/diariodigitalnea.com\/index.php\/2025\/02\/24\/tras-anos-de-restricciones-comenzo-la-exportacion-de-carbon-vegetal-desde-el-puerto-de-barranqueras-a-europa\/","title":{"rendered":"Tras a\u00f1os de restricciones, comenz\u00f3 la exportaci\u00f3n de carb\u00f3n vegetal desde el puerto de Barranqueras a Europa"},"content":{"rendered":"\n<p>Esta semana, se realiz\u00f3 en el Puerto de Barranqueras la primera consolidaci\u00f3n de carga para la exportaci\u00f3n de carb\u00f3n vegetal. Se trata de tres contenedores con destino a Europa. \u201cEstamos poniendo en valor nuevamente al Puerto de Barranqueras\u201d, dijo el secretario coordinador, Livio Guti\u00e9rrez.<\/p>\n\n\n\n<p><\/p>\n\n\n\n<p>El secretario de Coordinaci\u00f3n de Gabinete junto a la administradora del Puerto de Barranqueras, Alicia Azula, presenciaron la primera consolidaci\u00f3n de carga desde dicho puerto, para la exportaci\u00f3n de tres contenedores de carb\u00f3n con destino a Europa. \u201cSe trata de un cambio de paradigma, de contar con la infraestructura necesaria para volver a poner en valor al Puerto de Barranqueras y en eso estamos trabajando\u201d, celebr\u00f3 el funcionario.<\/p>\n\n\n\n<figure class=\"wp-block-image size-large\"><img fetchpriority=\"high\" decoding=\"async\" width=\"1024\" height=\"513\" src=\"http:\/\/diariodigitalnea.com\/wp-content\/uploads\/2023\/05\/ENCUENTRO-IG-Verde-copy-1024x513.jpg\" alt=\"PUBLICIDAD\" class=\"wp-image-8132\" srcset=\"https:\/\/diariodigitalnea.com\/wp-content\/uploads\/2023\/05\/ENCUENTRO-IG-Verde-copy-1024x513.jpg 1024w, https:\/\/diariodigitalnea.com\/wp-content\/uploads\/2023\/05\/ENCUENTRO-IG-Verde-copy-300x150.jpg 300w, https:\/\/diariodigitalnea.com\/wp-content\/uploads\/2023\/05\/ENCUENTRO-IG-Verde-copy-768x385.jpg 768w, https:\/\/diariodigitalnea.com\/wp-content\/uploads\/2023\/05\/ENCUENTRO-IG-Verde-copy-1536x769.jpg 1536w, https:\/\/diariodigitalnea.com\/wp-content\/uploads\/2023\/05\/ENCUENTRO-IG-Verde-copy-2048x1026.jpg 2048w\" sizes=\"(max-width: 1024px) 100vw, 1024px\" \/><figcaption class=\"wp-element-caption\">Publicidad: Encuentro Tienda de Bebidas, Chile 190 Local 4 \u2013 Tel: 3624386655 &#8211; Gral San Mart\u00edn<\/figcaption><\/figure>\n\n\n\n<p>Es que tras a\u00f1os de restricciones, Chaco retomar\u00e1 la exportaci\u00f3n de carb\u00f3n vegetal gracias a las gestiones nacionales realizadas por el gobernador Zdero. \u201cEsto demuestra que las pol\u00edticas p\u00fablicas se cumplen, es un compromiso que asumi\u00f3 el gobernador con el sector productivo y portuario y lo est\u00e1 cumpliendo\u201d, acot\u00f3 Guti\u00e9rrez. Explic\u00f3 as\u00ed que el Puerto cuenta ahora con un esc\u00e1ner de \u00faltima tecnolog\u00eda, indispensable para reactivar las exportaciones y la consolidaci\u00f3n de carga, en esta ocasi\u00f3n, de 3 contenedores de carb\u00f3n de 20 toneladas cada uno, con destino a Cerde\u00f1a, N\u00e1poles y Valencia.<\/p>\n\n\n\n<p><\/p>\n\n\n\n<p>\u201cTenemos infraestructura portuaria y la posibilidad del contralor, de mecanismos administrativos, fiscales y de seguridad, todo en el mismo puerto, lo que posibilit\u00f3 efectuar esta nueva consolidaci\u00f3n de carga tras larga espera\u201d, indic\u00f3 Guti\u00e9rrez. Asimismo, asegur\u00f3 que la cartera productiva dio sobradas muestras de apoyo al sector productivo y ratific\u00f3 el compromiso de seguir trabajando para optimizar el puerto y aumentar las exportaciones con el fin de que los productos chaque\u00f1os, salgan por puertos chaque\u00f1os. \u201cNuestra lucha ser\u00e1 el dragado definitivo del riacho Barranqueras para hacerlo mucho m\u00e1s operativo\u201d, acot\u00f3.<\/p>\n\n\n\n<figure class=\"wp-block-image size-large\"><img decoding=\"async\" width=\"1024\" height=\"683\" src=\"https:\/\/diariodigitalnea.com\/wp-content\/uploads\/2025\/02\/WhatsApp-Image-2025-02-23-at-12.38.35-1024x683.jpeg\" alt=\"\" class=\"wp-image-16529\" srcset=\"https:\/\/diariodigitalnea.com\/wp-content\/uploads\/2025\/02\/WhatsApp-Image-2025-02-23-at-12.38.35-1024x683.jpeg 1024w, https:\/\/diariodigitalnea.com\/wp-content\/uploads\/2025\/02\/WhatsApp-Image-2025-02-23-at-12.38.35-300x200.jpeg 300w, https:\/\/diariodigitalnea.com\/wp-content\/uploads\/2025\/02\/WhatsApp-Image-2025-02-23-at-12.38.35-768x512.jpeg 768w, https:\/\/diariodigitalnea.com\/wp-content\/uploads\/2025\/02\/WhatsApp-Image-2025-02-23-at-12.38.35-1536x1025.jpeg 1536w, https:\/\/diariodigitalnea.com\/wp-content\/uploads\/2025\/02\/WhatsApp-Image-2025-02-23-at-12.38.35-2048x1366.jpeg 2048w, https:\/\/diariodigitalnea.com\/wp-content\/uploads\/2025\/02\/WhatsApp-Image-2025-02-23-at-12.38.35-900x600.jpeg 900w\" sizes=\"(max-width: 1024px) 100vw, 1024px\" \/><\/figure>\n\n\n\n<p>Chaco es una de las provincias del NEA que m\u00e1s exporta, solo en 2024 las exportaciones aumentaron casi un 30 por ciento. A modo de ejemplo, el ministro cit\u00f3 que Italia toma productos chaque\u00f1os por casi 11 millones de d\u00f3lares. \u201cEl sistema productivo privado es m\u00e1s que importante para todos nosotros. La situaci\u00f3n de los productores de carb\u00f3n en la gesti\u00f3n anterior era casi irrisoria porque los camiones ten\u00edan que llegar a S\u00e1enz Pe\u00f1a, descargar y volver a cargar para los controles; en cambio ahora se agiliz\u00f3 muchos m\u00e1s el proceso\u201d, grafic\u00f3 el responsable de la cartera productiva.<\/p>\n\n\n\n<figure class=\"wp-block-image size-large\"><img decoding=\"async\" width=\"1024\" height=\"683\" src=\"https:\/\/diariodigitalnea.com\/wp-content\/uploads\/2025\/02\/WhatsApp-Image-2025-02-23-at-12.37.14-1024x683.jpeg\" alt=\"\" class=\"wp-image-16530\" srcset=\"https:\/\/diariodigitalnea.com\/wp-content\/uploads\/2025\/02\/WhatsApp-Image-2025-02-23-at-12.37.14-1024x683.jpeg 1024w, https:\/\/diariodigitalnea.com\/wp-content\/uploads\/2025\/02\/WhatsApp-Image-2025-02-23-at-12.37.14-300x200.jpeg 300w, https:\/\/diariodigitalnea.com\/wp-content\/uploads\/2025\/02\/WhatsApp-Image-2025-02-23-at-12.37.14-768x513.jpeg 768w, https:\/\/diariodigitalnea.com\/wp-content\/uploads\/2025\/02\/WhatsApp-Image-2025-02-23-at-12.37.14-1536x1025.jpeg 1536w, https:\/\/diariodigitalnea.com\/wp-content\/uploads\/2025\/02\/WhatsApp-Image-2025-02-23-at-12.37.14-2048x1367.jpeg 2048w, https:\/\/diariodigitalnea.com\/wp-content\/uploads\/2025\/02\/WhatsApp-Image-2025-02-23-at-12.37.14-900x600.jpeg 900w\" sizes=\"(max-width: 1024px) 100vw, 1024px\" \/><\/figure>\n\n\n\n<p>Azula: \u201cEl Puerto de Barranqueras est\u00e1 funcionando\u201d<\/p>\n\n\n\n<p>Alicia Azula, por su parte, se\u00f1al\u00f3 que se trata de una prueba piloto que hace el exportador con el objeto de mover mensualmente una mayor cantidad de carga hacia el mercado europeo. Precis\u00f3 que los tres contenedores de carb\u00f3n con destino a Europa, saldr\u00e1n el lunes por el Puerto de Corrientes hasta el puerto de Buenos Aires, desde donde partir\u00e1n al destino final. \u201cEsto es muy importante y demuestra que el Puerto de Barranqueras est\u00e1 funcionando; a su vez, estamos aceitando todos los mecanismos para que no haya ning\u00fan contratiempo\u201d, remarc\u00f3. Se\u00f1al\u00f3 as\u00ed que desde el puerto y la cartera productiva se dieron todas las facilidades a los peque\u00f1os productores que tras la apertura de las exportaciones se acercaron para tal fin, ya que antes dicha actividad estaba limitada a cinco empresas.<\/p>\n\n\n\n<figure class=\"wp-block-image size-large\"><img loading=\"lazy\" decoding=\"async\" width=\"1024\" height=\"446\" src=\"http:\/\/diariodigitalnea.com\/wp-content\/uploads\/2023\/05\/CONSTRUCAL-CON-FABRICA-2-1024x446.jpg\" alt=\"publicidad Construcal 2\" class=\"wp-image-8211\" srcset=\"https:\/\/diariodigitalnea.com\/wp-content\/uploads\/2023\/05\/CONSTRUCAL-CON-FABRICA-2-1024x446.jpg 1024w, https:\/\/diariodigitalnea.com\/wp-content\/uploads\/2023\/05\/CONSTRUCAL-CON-FABRICA-2-300x131.jpg 300w, https:\/\/diariodigitalnea.com\/wp-content\/uploads\/2023\/05\/CONSTRUCAL-CON-FABRICA-2-768x334.jpg 768w, https:\/\/diariodigitalnea.com\/wp-content\/uploads\/2023\/05\/CONSTRUCAL-CON-FABRICA-2-1536x669.jpg 1536w, https:\/\/diariodigitalnea.com\/wp-content\/uploads\/2023\/05\/CONSTRUCAL-CON-FABRICA-2-2048x892.jpg 2048w\" sizes=\"(max-width: 1024px) 100vw, 1024px\" \/><figcaption class=\"wp-element-caption\">Publicidad: ConstruCal Cales hidratas y vivas para uso vial y construcci\u00f3n TEL: 3624602737\n<\/figcaption><\/figure>\n\n\n\n<p>\u201cNuestro desaf\u00edo es mostrar que el Puerto tiene el equipamiento necesario y la log\u00edstica para que los camiones puedan llegar, descargar y cargar los contenedores\u201d, dijo. Por otro lado, destac\u00f3 la importancia del esc\u00e1ner adquirido que posibilit\u00f3 la consolidaci\u00f3n de cargas de carb\u00f3n en Barranqueras y que implicar\u00e1 tambi\u00e9n m\u00faltiples beneficios para el control de la fibra de algod\u00f3n. \u201cAdem\u00e1s, estamos esperando las \u00faltimas habilitaciones de la documentaci\u00f3n de Senasa para exportar cuero producido en Tirol, que antes sal\u00eda por el Puerto de La Plata\u201d, coment\u00f3 la administradora en cuanto a la actividad portuaria.<\/p>\n\n\n\n<p><\/p>\n\n\n\n<p>De la actividad participaron tambi\u00e9n el subsecretario de Desarrollo Forestal, Oscar Navarro; adem\u00e1s de los diputados Samuel Vargas y Carlos Salom.<\/p>\n\n\n\n<figure class=\"wp-block-image size-large\"><img loading=\"lazy\" decoding=\"async\" width=\"1024\" height=\"607\" src=\"http:\/\/diariodigitalnea.com\/wp-content\/uploads\/2023\/11\/DDN-FOTO-PC-Y-CEL-1024x607.jpg\" alt=\"publicidad\" class=\"wp-image-11794\" srcset=\"https:\/\/diariodigitalnea.com\/wp-content\/uploads\/2023\/11\/DDN-FOTO-PC-Y-CEL-1024x607.jpg 1024w, https:\/\/diariodigitalnea.com\/wp-content\/uploads\/2023\/11\/DDN-FOTO-PC-Y-CEL-300x178.jpg 300w, https:\/\/diariodigitalnea.com\/wp-content\/uploads\/2023\/11\/DDN-FOTO-PC-Y-CEL-768x455.jpg 768w, https:\/\/diariodigitalnea.com\/wp-content\/uploads\/2023\/11\/DDN-FOTO-PC-Y-CEL-1536x910.jpg 1536w, https:\/\/diariodigitalnea.com\/wp-content\/uploads\/2023\/11\/DDN-FOTO-PC-Y-CEL.jpg 2000w\" sizes=\"(max-width: 1024px) 100vw, 1024px\" \/><figcaption class=\"wp-element-caption\">Diario Digital Nea. Noticias de la regi\u00f3n y el mundo. <\/figcaption><\/figure>\n","protected":false},"excerpt":{"rendered":"<p>Esta semana, se realiz\u00f3 en el Puerto de Barranqueras la primera consolidaci\u00f3n de carga para la exportaci\u00f3n de carb\u00f3n vegetal. Se trata de tres contenedores con destino a Europa. \u201cEstamos poniendo en valor nuevamente al Puerto de Barranqueras\u201d, dijo el secretario coordinador, Livio Guti\u00e9rrez. El secretario de Coordinaci\u00f3n de Gabinete junto a la administradora del [&hellip;]<\/p>\n","protected":false},"author":4,"featured_media":16528,"comment_status":"closed","ping_status":"closed","sticky":false,"template":"","format":"standard","meta":{"om_disable_all_campaigns":false,"_monsterinsights_skip_tracking":false,"_monsterinsights_sitenote_active":false,"_monsterinsights_sitenote_note":"","_monsterinsights_sitenote_category":0,"footnotes":""},"categories":[5,4],"tags":[],"class_list":["post-16527","post","type-post","status-publish","format-standard","has-post-thumbnail","hentry","category-economia","category-politica"],"aioseo_notices":[],"amp_enabled":true,"_links":{"self":[{"href":"https:\/\/diariodigitalnea.com\/index.php\/wp-json\/wp\/v2\/posts\/16527","targetHints":{"allow":["GET"]}}],"collection":[{"href":"https:\/\/diariodigitalnea.com\/index.php\/wp-json\/wp\/v2\/posts"}],"about":[{"href":"https:\/\/diariodigitalnea.com\/index.php\/wp-json\/wp\/v2\/types\/post"}],"author":[{"embeddable":true,"href":"https:\/\/diariodigitalnea.com\/index.php\/wp-json\/wp\/v2\/users\/4"}],"replies":[{"embeddable":true,"href":"https:\/\/diariodigitalnea.com\/index.php\/wp-json\/wp\/v2\/comments?post=16527"}],"version-history":[{"count":1,"href":"https:\/\/diariodigitalnea.com\/index.php\/wp-json\/wp\/v2\/posts\/16527\/revisions"}],"predecessor-version":[{"id":16531,"href":"https:\/\/diariodigitalnea.com\/index.php\/wp-json\/wp\/v2\/posts\/16527\/revisions\/16531"}],"wp:featuredmedia":[{"embeddable":true,"href":"https:\/\/diariodigitalnea.com\/index.php\/wp-json\/wp\/v2\/media\/16528"}],"wp:attachment":[{"href":"https:\/\/diariodigitalnea.com\/index.php\/wp-json\/wp\/v2\/media?parent=16527"}],"wp:term":[{"taxonomy":"category","embeddable":true,"href":"https:\/\/diariodigitalnea.com\/index.php\/wp-json\/wp\/v2\/categories?post=16527"},{"taxonomy":"post_tag","embeddable":true,"href":"https:\/\/diariodigitalnea.com\/index.php\/wp-json\/wp\/v2\/tags?post=16527"}],"curies":[{"name":"wp","href":"https:\/\/api.w.org\/{rel}","templated":true}]}}