{"id":1647,"date":"2022-09-27T16:13:26","date_gmt":"2022-09-27T16:13:26","guid":{"rendered":"https:\/\/diariodigitalnea.com\/?p=1647"},"modified":"2022-09-27T16:13:26","modified_gmt":"2022-09-27T16:13:26","slug":"un-tribunal-espanol-envia-formalmente-a-shakira-a-juicio-por-presunto-fraude-fiscal","status":"publish","type":"post","link":"https:\/\/diariodigitalnea.com\/index.php\/2022\/09\/27\/un-tribunal-espanol-envia-formalmente-a-shakira-a-juicio-por-presunto-fraude-fiscal\/","title":{"rendered":"Un tribunal espa\u00f1ol env\u00eda formalmente a Shakira a juicio por \u00a0presunto fraude fiscal"},"content":{"rendered":"\n<p>Un tribunal espa\u00f1ol orden\u00f3 el martes formalmente que la superestrella colombiana Shakira sea juzgada por acusaciones de no haber pagado 14,5 millones de euros (14,31 millones de d\u00f3lares) en impuestos sobre la renta, seg\u00fan un documento judicial publicado el martes.<\/p>\n\n\n\n<p>La cantante de \u2018Hips Don t Lie\u2018, de 45 a\u00f1os, cuyo nombre completo es Shakira Isabel Mebarak Ripoll, rechaz\u00f3 en julio una propuesta para llegar a un acuerdo, lo que significaba que tendr\u00eda que ir a juicio en un caso que podr\u00eda llevarla a prisi\u00f3n durante ocho a\u00f1os.<\/p>\n\n\n\n<p>El martes, el tribunal de Esplugues de Llobregat confirm\u00f3 que el juicio se celebrar\u00e1 en una fecha a\u00fan no anunciada.<\/p>\n\n\n\n<p>La Fiscal\u00eda pide una pena de ocho a\u00f1os de prisi\u00f3n para la cantante, acusada de no haber pagado impuestos entre 2012 y 2014, periodo en el que dijo llevar una \u2018vida n\u00f3mada\u2018 por su trabajo.<\/p>\n\n\n\n<p>\u2018El auto de apertura del juicio oral es un paso m\u00e1s en cualquier proceso habitual de estas caracter\u00edsticas. La situaci\u00f3n no ha cambiado y todo sigue su curso normal. La defensa legal de Shakira har\u00e1 su trabajo pronunciando sus argumentos en el momento oportuno, que es con el escrito de defensa\u2018, se\u00f1ala un comunicado de sus abogados.<\/p>\n\n\n\n<p>Shakira prometi\u00f3 la semana pasada luchar contra lo que, seg\u00fan ella, son acusaciones \u2018falsas\u2018 de las autoridades espa\u00f1olas y a\u00f1adi\u00f3 que ya hab\u00eda pagado lo que la Agencia Tributaria espa\u00f1ola dec\u00eda que deb\u00eda antes de que presentaran una demanda.<\/p>\n","protected":false},"excerpt":{"rendered":"<p>Un tribunal espa\u00f1ol orden\u00f3 el martes formalmente que la superestrella colombiana Shakira sea juzgada por acusaciones de no haber pagado 14,5 millones de euros (14,31 millones de d\u00f3lares) en impuestos sobre la renta, seg\u00fan un documento judicial publicado el martes. La cantante de \u2018Hips Don t Lie\u2018, de 45 a\u00f1os, cuyo nombre completo es Shakira [&hellip;]<\/p>\n","protected":false},"author":3,"featured_media":1648,"comment_status":"closed","ping_status":"closed","sticky":false,"template":"","format":"standard","meta":{"om_disable_all_campaigns":false,"_monsterinsights_skip_tracking":false,"_monsterinsights_sitenote_active":false,"_monsterinsights_sitenote_note":"","_monsterinsights_sitenote_category":0,"footnotes":""},"categories":[7],"tags":[21,497,408,496],"class_list":["post-1647","post","type-post","status-publish","format-standard","has-post-thumbnail","hentry","category-espectaculos","tag-espectaculos","tag-fraude-fiscal","tag-shakira","tag-tribunal-espanol"],"aioseo_notices":[],"amp_enabled":true,"_links":{"self":[{"href":"https:\/\/diariodigitalnea.com\/index.php\/wp-json\/wp\/v2\/posts\/1647","targetHints":{"allow":["GET"]}}],"collection":[{"href":"https:\/\/diariodigitalnea.com\/index.php\/wp-json\/wp\/v2\/posts"}],"about":[{"href":"https:\/\/diariodigitalnea.com\/index.php\/wp-json\/wp\/v2\/types\/post"}],"author":[{"embeddable":true,"href":"https:\/\/diariodigitalnea.com\/index.php\/wp-json\/wp\/v2\/users\/3"}],"replies":[{"embeddable":true,"href":"https:\/\/diariodigitalnea.com\/index.php\/wp-json\/wp\/v2\/comments?post=1647"}],"version-history":[{"count":1,"href":"https:\/\/diariodigitalnea.com\/index.php\/wp-json\/wp\/v2\/posts\/1647\/revisions"}],"predecessor-version":[{"id":1649,"href":"https:\/\/diariodigitalnea.com\/index.php\/wp-json\/wp\/v2\/posts\/1647\/revisions\/1649"}],"wp:featuredmedia":[{"embeddable":true,"href":"https:\/\/diariodigitalnea.com\/index.php\/wp-json\/wp\/v2\/media\/1648"}],"wp:attachment":[{"href":"https:\/\/diariodigitalnea.com\/index.php\/wp-json\/wp\/v2\/media?parent=1647"}],"wp:term":[{"taxonomy":"category","embeddable":true,"href":"https:\/\/diariodigitalnea.com\/index.php\/wp-json\/wp\/v2\/categories?post=1647"},{"taxonomy":"post_tag","embeddable":true,"href":"https:\/\/diariodigitalnea.com\/index.php\/wp-json\/wp\/v2\/tags?post=1647"}],"curies":[{"name":"wp","href":"https:\/\/api.w.org\/{rel}","templated":true}]}}