{"id":16439,"date":"2025-02-11T22:49:00","date_gmt":"2025-02-11T22:49:00","guid":{"rendered":"https:\/\/diariodigitalnea.com\/?p=16439"},"modified":"2025-02-11T22:49:00","modified_gmt":"2025-02-11T22:49:00","slug":"la-presion-de-trump-contra-el-antisemitismo-en-los-campus-atrae-un-fuerte-apoyo","status":"publish","type":"post","link":"https:\/\/diariodigitalnea.com\/index.php\/2025\/02\/11\/la-presion-de-trump-contra-el-antisemitismo-en-los-campus-atrae-un-fuerte-apoyo\/","title":{"rendered":"La presi\u00f3n de Trump contra el antisemitismo en los campus atrae un fuerte apoyo"},"content":{"rendered":"\n<p>La respuesta del presidente Donald Trump a la creciente ola de antisemitismo en los campus universitarios bajo su predecesor fue simple.Deportarlos.<\/p>\n\n\n\n<p><br>La semana pasada, Trump firm\u00f3 una orden ejecutiva dirigida espec\u00edficamente contra el antisemitismo en los campus universitarios. Ordena la cancelaci\u00f3n de las visas de estudiante para los estudiantes no ciudadanos que participen en protestas a favor de Hamas o que se considere que apoyan al grupo terrorista respaldado por Ir\u00e1n. <\/p>\n\n\n\n<p>La orden tambi\u00e9n ordena al Departamento de Justicia que procese a las personas involucradas en actividades antisemitas y pide la expulsi\u00f3n de los estudiantes y el personal extranjeros involucrados en tales acciones.<\/p>\n\n\n\n<figure class=\"wp-block-image size-large\"><img fetchpriority=\"high\" decoding=\"async\" width=\"1024\" height=\"513\" src=\"http:\/\/diariodigitalnea.com\/wp-content\/uploads\/2023\/05\/ENCUENTRO-IG-Verde-copy-1024x513.jpg\" alt=\"PUBLICIDAD\" class=\"wp-image-8132\" srcset=\"https:\/\/diariodigitalnea.com\/wp-content\/uploads\/2023\/05\/ENCUENTRO-IG-Verde-copy-1024x513.jpg 1024w, https:\/\/diariodigitalnea.com\/wp-content\/uploads\/2023\/05\/ENCUENTRO-IG-Verde-copy-300x150.jpg 300w, https:\/\/diariodigitalnea.com\/wp-content\/uploads\/2023\/05\/ENCUENTRO-IG-Verde-copy-768x385.jpg 768w, https:\/\/diariodigitalnea.com\/wp-content\/uploads\/2023\/05\/ENCUENTRO-IG-Verde-copy-1536x769.jpg 1536w, https:\/\/diariodigitalnea.com\/wp-content\/uploads\/2023\/05\/ENCUENTRO-IG-Verde-copy-2048x1026.jpg 2048w\" sizes=\"(max-width: 1024px) 100vw, 1024px\" \/><figcaption class=\"wp-element-caption\">Publicidad: Encuentro Tienda de Bebidas, Chile 190 Local 4 \u2013 Tel: 3624386655 &#8211; Gral San Mart\u00edn<\/figcaption><\/figure>\n\n\n\n<p><br>Ahora, una nueva encuesta de The Economist\/YouGov revela que el 43% de los estadounidenses respaldan su postura de l\u00ednea dura. De los 1.604 ciudadanos adultos estadounidenses encuestados entre el 2 y el 4 de febrero, el 35% se opone rotundamente, y el 21% restante no est\u00e1 seguro de cu\u00e1l es su posici\u00f3n. <\/p>\n\n\n\n<p>Entre las afiliaciones pol\u00edticas, el 71% de los republicanos apoya la deportaci\u00f3n de los acusados de antisemitismo, mientras que solo el 20% de los dem\u00f3cratas est\u00e1 de acuerdo con la medida.<\/p>\n\n\n\n<figure class=\"wp-block-image size-full\"><img decoding=\"async\" width=\"929\" height=\"562\" src=\"https:\/\/diariodigitalnea.com\/wp-content\/uploads\/2025\/02\/trump.jpg\" alt=\"\" class=\"wp-image-16442\" srcset=\"https:\/\/diariodigitalnea.com\/wp-content\/uploads\/2025\/02\/trump.jpg 929w, https:\/\/diariodigitalnea.com\/wp-content\/uploads\/2025\/02\/trump-300x181.jpg 300w, https:\/\/diariodigitalnea.com\/wp-content\/uploads\/2025\/02\/trump-768x465.jpg 768w\" sizes=\"(max-width: 929px) 100vw, 929px\" \/><\/figure>\n\n\n\n<p><br>Pero la presi\u00f3n de Trump contra el antisemitismo no es la \u00fanica medida controvertida que llama la atenci\u00f3n.<br>Su impulso para disolver el Departamento de Educaci\u00f3n y la inesperada decisi\u00f3n de cambiar el nombre del Golfo de M\u00e9xico han tenido un gran \u00e9xito entre los votantes, uni\u00e9ndose a su propuesta de arancel del 25% a las importaciones mexicanas y canadienses. Con los votantes eligiendo a Trump para arreglar la econom\u00eda, solo el 33% de los estadounidenses apoya la medida, y un sorprendente 70% cree que tales aranceles aumentar\u00edan los precios al consumidor.<\/p>\n\n\n\n<figure class=\"wp-block-image size-full\"><img decoding=\"async\" width=\"772\" height=\"524\" src=\"https:\/\/diariodigitalnea.com\/wp-content\/uploads\/2025\/02\/trump3-1.jpg\" alt=\"\" class=\"wp-image-16443\" srcset=\"https:\/\/diariodigitalnea.com\/wp-content\/uploads\/2025\/02\/trump3-1.jpg 772w, https:\/\/diariodigitalnea.com\/wp-content\/uploads\/2025\/02\/trump3-1-300x204.jpg 300w, https:\/\/diariodigitalnea.com\/wp-content\/uploads\/2025\/02\/trump3-1-768x521.jpg 768w\" sizes=\"(max-width: 772px) 100vw, 772px\" \/><figcaption class=\"wp-element-caption\">Publicidad: ConstruCal Cales hidratas y vivas para uso vial y construcci\u00f3n TEL: 3624602737\n<\/figcaption><\/figure>\n\n\n\n<p><br>Lo que hace que la encuesta sea especialmente sorprendente es el contexto, ya que el 30% de los estadounidenses cree que sus \u00f3rdenes ejecutivas se han mantenido dentro de los l\u00edmites constitucionales.Mientras tanto, la aprobaci\u00f3n general de Trump se sit\u00faa en el 46%, lo que supera con creces sus n\u00fameros de primer mandato. <\/p>\n\n\n\n<figure class=\"wp-block-image size-large\"><img loading=\"lazy\" decoding=\"async\" width=\"1024\" height=\"513\" src=\"http:\/\/diariodigitalnea.com\/wp-content\/uploads\/2024\/04\/publi-GEMA-1024x513.jpg\" alt=\"publicidad\" class=\"wp-image-13586\" srcset=\"https:\/\/diariodigitalnea.com\/wp-content\/uploads\/2024\/04\/publi-GEMA-1024x513.jpg 1024w, https:\/\/diariodigitalnea.com\/wp-content\/uploads\/2024\/04\/publi-GEMA-300x150.jpg 300w, https:\/\/diariodigitalnea.com\/wp-content\/uploads\/2024\/04\/publi-GEMA-768x385.jpg 768w, https:\/\/diariodigitalnea.com\/wp-content\/uploads\/2024\/04\/publi-GEMA-1536x769.jpg 1536w, https:\/\/diariodigitalnea.com\/wp-content\/uploads\/2024\/04\/publi-GEMA.jpg 1977w\" sizes=\"(max-width: 1024px) 100vw, 1024px\" \/><figcaption class=\"wp-element-caption\">Publicidad: Gema Oufit @gemahoufit Rcia \u2013 Contacto: 3624391672<\/figcaption><\/figure>\n\n\n\n<p>Pero para un presidente que se enorgullece de destrozar los r\u00e9cords de sus predecesores, todav\u00eda hay terreno por recorrer, ya que sigue estando 8 puntos por detr\u00e1s del \u00edndice de aprobaci\u00f3n de Biden en esta marca, y solo el 36% de los estadounidenses cree que el pa\u00eds va en la direcci\u00f3n correcta.<\/p>\n\n\n\n<p><\/p>\n\n\n\n<p>FUENTE: Comunidades Plus<\/p>\n\n\n\n<figure class=\"wp-block-image size-large\"><img loading=\"lazy\" decoding=\"async\" width=\"1024\" height=\"607\" src=\"http:\/\/diariodigitalnea.com\/wp-content\/uploads\/2023\/11\/DDN-FOTO-PC-Y-CEL-1024x607.jpg\" alt=\"publicidad\" class=\"wp-image-11794\" srcset=\"https:\/\/diariodigitalnea.com\/wp-content\/uploads\/2023\/11\/DDN-FOTO-PC-Y-CEL-1024x607.jpg 1024w, https:\/\/diariodigitalnea.com\/wp-content\/uploads\/2023\/11\/DDN-FOTO-PC-Y-CEL-300x178.jpg 300w, https:\/\/diariodigitalnea.com\/wp-content\/uploads\/2023\/11\/DDN-FOTO-PC-Y-CEL-768x455.jpg 768w, https:\/\/diariodigitalnea.com\/wp-content\/uploads\/2023\/11\/DDN-FOTO-PC-Y-CEL-1536x910.jpg 1536w, https:\/\/diariodigitalnea.com\/wp-content\/uploads\/2023\/11\/DDN-FOTO-PC-Y-CEL.jpg 2000w\" sizes=\"(max-width: 1024px) 100vw, 1024px\" \/><figcaption class=\"wp-element-caption\">Diario Digital Nea. Noticias de la regi\u00f3n y el mundo. <\/figcaption><\/figure>\n\n\n\n<p><\/p>\n","protected":false},"excerpt":{"rendered":"<p>La respuesta del presidente Donald Trump a la creciente ola de antisemitismo en los campus universitarios bajo su predecesor fue simple.Deportarlos. La semana pasada, Trump firm\u00f3 una orden ejecutiva dirigida espec\u00edficamente contra el antisemitismo en los campus universitarios. Ordena la cancelaci\u00f3n de las visas de estudiante para los estudiantes no ciudadanos que participen en protestas [&hellip;]<\/p>\n","protected":false},"author":4,"featured_media":16441,"comment_status":"closed","ping_status":"closed","sticky":false,"template":"","format":"standard","meta":{"om_disable_all_campaigns":false,"_monsterinsights_skip_tracking":false,"_monsterinsights_sitenote_active":false,"_monsterinsights_sitenote_note":"","_monsterinsights_sitenote_category":0,"footnotes":""},"categories":[95,9],"tags":[],"class_list":["post-16439","post","type-post","status-publish","format-standard","has-post-thumbnail","hentry","category-informacion-general","category-internacionales"],"aioseo_notices":[],"amp_enabled":true,"_links":{"self":[{"href":"https:\/\/diariodigitalnea.com\/index.php\/wp-json\/wp\/v2\/posts\/16439","targetHints":{"allow":["GET"]}}],"collection":[{"href":"https:\/\/diariodigitalnea.com\/index.php\/wp-json\/wp\/v2\/posts"}],"about":[{"href":"https:\/\/diariodigitalnea.com\/index.php\/wp-json\/wp\/v2\/types\/post"}],"author":[{"embeddable":true,"href":"https:\/\/diariodigitalnea.com\/index.php\/wp-json\/wp\/v2\/users\/4"}],"replies":[{"embeddable":true,"href":"https:\/\/diariodigitalnea.com\/index.php\/wp-json\/wp\/v2\/comments?post=16439"}],"version-history":[{"count":1,"href":"https:\/\/diariodigitalnea.com\/index.php\/wp-json\/wp\/v2\/posts\/16439\/revisions"}],"predecessor-version":[{"id":16444,"href":"https:\/\/diariodigitalnea.com\/index.php\/wp-json\/wp\/v2\/posts\/16439\/revisions\/16444"}],"wp:featuredmedia":[{"embeddable":true,"href":"https:\/\/diariodigitalnea.com\/index.php\/wp-json\/wp\/v2\/media\/16441"}],"wp:attachment":[{"href":"https:\/\/diariodigitalnea.com\/index.php\/wp-json\/wp\/v2\/media?parent=16439"}],"wp:term":[{"taxonomy":"category","embeddable":true,"href":"https:\/\/diariodigitalnea.com\/index.php\/wp-json\/wp\/v2\/categories?post=16439"},{"taxonomy":"post_tag","embeddable":true,"href":"https:\/\/diariodigitalnea.com\/index.php\/wp-json\/wp\/v2\/tags?post=16439"}],"curies":[{"name":"wp","href":"https:\/\/api.w.org\/{rel}","templated":true}]}}