{"id":16333,"date":"2025-02-03T15:28:33","date_gmt":"2025-02-03T15:28:33","guid":{"rendered":"https:\/\/diariodigitalnea.com\/?p=16333"},"modified":"2025-02-03T15:28:34","modified_gmt":"2025-02-03T15:28:34","slug":"insolita-medida-judicial-pone-en-riesgo-pago-de-los-alimentos-de-ninos-ninas-y-mujeres-de-la-unne","status":"publish","type":"post","link":"https:\/\/diariodigitalnea.com\/index.php\/2025\/02\/03\/insolita-medida-judicial-pone-en-riesgo-pago-de-los-alimentos-de-ninos-ninas-y-mujeres-de-la-unne\/","title":{"rendered":"Ins\u00f3lita medida judicial pone en riesgo pago de los alimentos de ni\u00f1os, ni\u00f1as y mujeres de la UNNE"},"content":{"rendered":"\n<p>La arbitraria medida fue dispuesta por el Juez Civil y Comercial N\u00b021 del Poder Judicial de la Provincia de Chaco, Fernando Benito Flores con total menosprecio de la estructura y funci\u00f3n de Derecho Federal y su supremac\u00eda sobre el Derecho P\u00fablico Provincial; desconociendo el rol institucional de la Corte Suprema de Justicia e inaplica normas expresas, sin declarar su inconstitucionalidad, que atribuyen el fuero federal cuando el Estado Nacional es parte.<\/p>\n\n\n\n<p>Se presenta en abierto desaf\u00edo a la resoluci\u00f3n del Juzgado Federal N\u00b0 1 de Corrientes quien se declar\u00f3 competente para intervenir en la causa, teniendo en cuenta que la instituci\u00f3n demandada es la Universidad Nacional del Nordeste a quien le corresponde la jurisdicci\u00f3n federal.<\/p>\n\n\n\n<p>Respecto de la ilegal medida del Juez Flores, debemos recordar que conforme a las leyes vigentes los fondos estatales son, en principio, inembargables, por lo que tal decisi\u00f3n del magistrado, resulta abusiva, temeraria y contraria a derecho.<\/p>\n\n\n\n<p>Pero tal situaci\u00f3n se agrava por la circunstancia que el embargo afect\u00f3, entre otros, a fondos que son retenidos por la Universidad, de los haberes de su personal, en cumplimiento de \u00f3rdenes judiciales y cuyo destino es el pago de cuotas alimentarias para la manutenci\u00f3n de ni\u00f1os, ni\u00f1as, mujeres y otros grupos vulnerables que como sabemos, son sujetos de especial tutela conforme convenios internacionales y leyes vigentes en nuestro pa\u00eds.<\/p>\n\n\n\n<p>Desde la Universidad se est\u00e1n realizando todas las acciones legales civiles y penales a fin de destrabar tal indebida afectaci\u00f3n de fondos, y ha solicitado a las autoridades de feria de la justicia chaque\u00f1a, que proceda a liberar en forma inmediata, los fondos retenidos ilegalmente para poder garantizar prontamente el pago de las cuotas alimentarias afectadas.<\/p>\n\n\n\n<p>En el mismo orden se iniciaron actuaciones destinadas a pedir sanciones y resarcimiento contra los magistrados intervinientes y los abogados que actuaron en forma temeraria y maliciosa.<\/p>\n\n\n\n<p>Se ha se\u00f1alado que el accionar del juez plantea serios interrogantes sobre el respeto por los principios de razonabilidad, adem\u00e1s de exponer una falta de sensibilidad hacia los derechos sociales de la infancia y de las mujeres.<\/p>\n\n\n\n<p>Esto pone en estado de Alerta a la Universidad ya que no puede justificarse bajo ninguna circunstancia que un conflicto judicial afecte recursos destinados a garantizar cuotas alimentarias de infancias, como tambi\u00e9n del Fondo de Complementaci\u00f3n de Jubilaciones y Pensiones y pago a profesores.<\/p>\n\n\n\n<p>La situaci\u00f3n demanda un debate urgente sobre la necesidad de equilibrar las prerrogativas judiciales con la protecci\u00f3n de derechos fundamentales de personas vulnerables como ni\u00f1os, ni\u00f1as y mujeres con derecho a alimentos, y deja en evidencia la importancia de garantizar un accionar prudente y responsable por parte de quienes administran justicia.<\/p>\n","protected":false},"excerpt":{"rendered":"<p>La arbitraria medida fue dispuesta por el Juez Civil y Comercial N\u00b021 del Poder Judicial de la Provincia de Chaco, Fernando Benito Flores con total menosprecio de la estructura y funci\u00f3n de Derecho Federal y su supremac\u00eda sobre el Derecho P\u00fablico Provincial; desconociendo el rol institucional de la Corte Suprema de Justicia e inaplica normas [&hellip;]<\/p>\n","protected":false},"author":3,"featured_media":16334,"comment_status":"closed","ping_status":"closed","sticky":false,"template":"","format":"standard","meta":{"om_disable_all_campaigns":false,"_monsterinsights_skip_tracking":false,"_monsterinsights_sitenote_active":false,"_monsterinsights_sitenote_note":"","_monsterinsights_sitenote_category":0,"footnotes":""},"categories":[33,34],"tags":[4613,4612,328],"class_list":["post-16333","post","type-post","status-publish","format-standard","has-post-thumbnail","hentry","category-chaco","category-corrientes","tag-inconstitucionalidad","tag-medida-judicial","tag-unne"],"aioseo_notices":[],"amp_enabled":true,"_links":{"self":[{"href":"https:\/\/diariodigitalnea.com\/index.php\/wp-json\/wp\/v2\/posts\/16333","targetHints":{"allow":["GET"]}}],"collection":[{"href":"https:\/\/diariodigitalnea.com\/index.php\/wp-json\/wp\/v2\/posts"}],"about":[{"href":"https:\/\/diariodigitalnea.com\/index.php\/wp-json\/wp\/v2\/types\/post"}],"author":[{"embeddable":true,"href":"https:\/\/diariodigitalnea.com\/index.php\/wp-json\/wp\/v2\/users\/3"}],"replies":[{"embeddable":true,"href":"https:\/\/diariodigitalnea.com\/index.php\/wp-json\/wp\/v2\/comments?post=16333"}],"version-history":[{"count":1,"href":"https:\/\/diariodigitalnea.com\/index.php\/wp-json\/wp\/v2\/posts\/16333\/revisions"}],"predecessor-version":[{"id":16335,"href":"https:\/\/diariodigitalnea.com\/index.php\/wp-json\/wp\/v2\/posts\/16333\/revisions\/16335"}],"wp:featuredmedia":[{"embeddable":true,"href":"https:\/\/diariodigitalnea.com\/index.php\/wp-json\/wp\/v2\/media\/16334"}],"wp:attachment":[{"href":"https:\/\/diariodigitalnea.com\/index.php\/wp-json\/wp\/v2\/media?parent=16333"}],"wp:term":[{"taxonomy":"category","embeddable":true,"href":"https:\/\/diariodigitalnea.com\/index.php\/wp-json\/wp\/v2\/categories?post=16333"},{"taxonomy":"post_tag","embeddable":true,"href":"https:\/\/diariodigitalnea.com\/index.php\/wp-json\/wp\/v2\/tags?post=16333"}],"curies":[{"name":"wp","href":"https:\/\/api.w.org\/{rel}","templated":true}]}}