{"id":16241,"date":"2025-01-12T15:56:33","date_gmt":"2025-01-12T15:56:33","guid":{"rendered":"https:\/\/diariodigitalnea.com\/?p=16241"},"modified":"2025-01-12T15:56:33","modified_gmt":"2025-01-12T15:56:33","slug":"siete-meses-sin-loan-la-teoria-que-cobra-fuerza-los-sospechosos-de-siempre-y-una-testigo-atemorizada","status":"publish","type":"post","link":"https:\/\/diariodigitalnea.com\/index.php\/2025\/01\/12\/siete-meses-sin-loan-la-teoria-que-cobra-fuerza-los-sospechosos-de-siempre-y-una-testigo-atemorizada\/","title":{"rendered":"Siete meses sin Loan: la teor\u00eda que cobra fuerza, los sospechosos de siempre y una testigo atemorizada"},"content":{"rendered":"\n<p>Ya pasaron m\u00e1s de 200 d\u00edas desde la desaparici\u00f3n de Loan Danilo Pe\u00f1a, el nene de 5 a\u00f1os que fue visto por \u00faltima vez caminando hacia un naranjal de un paraje rural de la provincia de Corrientes. En todo este tiempo se tejieron miles de teor\u00edas: que fue entregado a una red de trata de personas, que se ahog\u00f3 en una laguna, que fue atropellado por uno de los acusados, que fue visto en un shopping de Barranquilla. Sin embargo, nada de eso pudo probarse, aunque en los \u00faltimos dos meses una hip\u00f3tesis comenz\u00f3 a cobrar fuerza: la desaparici\u00f3n de la v\u00edctima con fines sexuales.&nbsp;<\/p>\n\n\n\n<p>Por lo pronto, Loan sigue siendo un ni\u00f1o perdido entre los 85 que figuran en la p\u00e1gina de Missing Children. Como Guadalupe Lucero, la nena de 5 a\u00f1os que desapareci\u00f3 en San Luis el 14 de junio de 2021. O como Sof\u00eda Herrera, la peque\u00f1a de 3 a\u00f1os que fue vista por \u00faltima vez en un camping de R\u00edo Grande, el 28 de septiembre de 2008. La diferencia con estos dos casos es que en la causa de Loan hay siete detenidos relacionados con el hecho central que saben lo que le pas\u00f3 al nene.<\/p>\n\n\n\n<figure class=\"wp-block-image size-full\"><img fetchpriority=\"high\" decoding=\"async\" width=\"534\" height=\"300\" src=\"http:\/\/diariodigitalnea.com\/wp-content\/uploads\/2025\/01\/loan5.jpg\" alt=\"\" class=\"wp-image-16243\" srcset=\"https:\/\/diariodigitalnea.com\/wp-content\/uploads\/2025\/01\/loan5.jpg 534w, https:\/\/diariodigitalnea.com\/wp-content\/uploads\/2025\/01\/loan5-300x169.jpg 300w\" sizes=\"(max-width: 534px) 100vw, 534px\" \/><\/figure>\n\n\n\n<p>Juan Pablo Gallego, el abogado que asesora a los padres del ni\u00f1o, asegura que la investigaci\u00f3n tom\u00f3 un rumbo claro. \u00abLos hechos est\u00e1n demostrados en un 80%, tenemos la responsabilidad de los autores, la calificaci\u00f3n legal y un procesamiento con 17 personas involucradas\u00bb, dice a PERFIL.<\/p>\n\n\n\n<p>Los principales sospechosos siguen siendo los tres familiares del nene que permanecen detenidos desde el kil\u00f3metro cero de la investigaci\u00f3n: Antonio Ben\u00edtez (38), Daniel \u201cFierrito\u201d Ram\u00edrez (49) y M\u00f3nica del Carmen Millapi (36), esta \u00faltima con arresto domiciliario desde diciembre pasado. Tambi\u00e9n la pareja Mar\u00eda Mar\u00eda Victoria Caillava (53) y el ex marino Carlos P\u00e9rez (63); la t\u00eda de Loan, Laudelina Pe\u00f1a (46), y Walter Maciel (44), el jefe de la comisar\u00eda que intervino en las primeras horas de la investigaci\u00f3n.<\/p>\n\n\n\n<p>En una causa paralela hay otras diez personas procesadas. Entre ellas, el presidente de la fundaci\u00f3n Alameda, Gustavo Vera; abogados y psic\u00f3logos pertenecientes a la Fundaci\u00f3n Dupuy, y Nicol\u00e1s \u00abEl Yanki\u00bb Soria, un oscuro personaje que se hizo pasar por funcionario de Interpol, DEA y la agencia de inteligencia norteamericana. A todos ellos se los acusa de entorpecer la causa sembrando pruebas falsas y \u201centrenando\u201d a testigos para dirigir la causa hacia la hip\u00f3tesis de trata de personas, una teor\u00eda que la fiscal\u00eda no descarta pero que no tiene sustento.<\/p>\n\n\n\n<h2 class=\"wp-block-heading\">\u00bfQu\u00e9 pas\u00f3?<\/h2>\n\n\n\n<p>A siete meses de la desaparici\u00f3n de Loan, la l\u00ednea que siguen los investigadores es mucho m\u00e1s terrenal: no hay un grupo narco detr\u00e1s ni una organizaci\u00f3n internacional de trata de personas ni nada relacionado con la venta de \u00f3rganos. El foco est\u00e1 puesto en cinco figuras destacadas de la causa (y alguna m\u00e1s tambi\u00e9n): P\u00e9rez, Caillava, Ram\u00edrez, Laudelina y Maciel.<\/p>\n\n\n\n<figure class=\"wp-block-image size-full\"><img decoding=\"async\" width=\"534\" height=\"300\" src=\"http:\/\/diariodigitalnea.com\/wp-content\/uploads\/2025\/01\/loan6.jpg\" alt=\"\" class=\"wp-image-16244\" srcset=\"https:\/\/diariodigitalnea.com\/wp-content\/uploads\/2025\/01\/loan6.jpg 534w, https:\/\/diariodigitalnea.com\/wp-content\/uploads\/2025\/01\/loan6-300x169.jpg 300w\" sizes=\"(max-width: 534px) 100vw, 534px\" \/><\/figure>\n\n\n\n<p>La sospecha es que Laudelina es la organizadora y el nexo con la ex funcionaria Caillava y su marido, el ex militar P\u00e9rez. Fue la que convoc\u00f3 a todos al recordado almuerzo familiar del jueves 13 de junio en la casa de la abuela Catalina, despu\u00e9s de la reuni\u00f3n previa que se llev\u00f3 a cabo unos d\u00edas antes. Tambi\u00e9n la que coordin\u00f3 la salida al naranjal y la que estuvo en contacto telef\u00f3nico con la pareja cuando desapareci\u00f3 el menor.<\/p>\n\n\n\n<p>\u201cLaudelina vio cuando P\u00e9rez y Caillava se llevaban a Loan. No digo que hubo accidente ni otra cosa, pero ella ve cuando se los llevan y por algo los cubre\u201d, apunta el abogado de la familia del nene de 5 a\u00f1os.<\/p>\n\n\n\n<p>Camila N\u00fa\u00f1ez, la prima de Loan que tambi\u00e9n estuvo en el encuentro familiar, volvi\u00f3 a declarar esta semana. Antes de hacerlo, solicit\u00f3 garant\u00edas debido a su temor, lo que gener\u00f3 gran expectativa. Sin embargo, su testimonio no aport\u00f3 informaci\u00f3n reveladora, como muchos hab\u00edan anticipado. En su anterior paso por tribunales hab\u00eda sugerido que Ram\u00edrez, la pareja de M\u00f3nica Millapi, entreg\u00f3 el nene a P\u00e9rez.<\/p>\n\n\n\n<figure class=\"wp-block-image size-full\"><img decoding=\"async\" width=\"534\" height=\"300\" src=\"http:\/\/diariodigitalnea.com\/wp-content\/uploads\/2025\/01\/loan7.jpg\" alt=\"\" class=\"wp-image-16245\" srcset=\"https:\/\/diariodigitalnea.com\/wp-content\/uploads\/2025\/01\/loan7.jpg 534w, https:\/\/diariodigitalnea.com\/wp-content\/uploads\/2025\/01\/loan7-300x169.jpg 300w\" sizes=\"(max-width: 534px) 100vw, 534px\" \/><\/figure>\n\n\n\n<p>\u00bfQu\u00e9 ocurri\u00f3 despu\u00e9s? Buena pregunta. Los investigadores est\u00e1n convencidos que Loan no sali\u00f3 de Corrientes. Ni siquiera lleg\u00f3 a la provincia de Chaco, como se crey\u00f3 en alg\u00fan momento.&nbsp; Lo que suponen es que lo subieron a la Ford Ranger de Caillava y P\u00e9rez. Eso s\u00ed,&nbsp; no est\u00e1 claro si vivo o muerto.&nbsp;<\/p>\n\n\n\n<p>\u201cLa calificaci\u00f3n penal que propuse, que es la de sustracci\u00f3n y ocultamiento de un menor, el art\u00edculo 146 del C\u00f3digo Penal, est\u00e1 demostrada en los siete imputados. Por supuesto que todos queremos saber d\u00f3nde est\u00e1 Loan, qu\u00e9 hicieron con Loan, pero si me preguntan qui\u00e9n de los siete sabe lo que pas\u00f3, yo respondo tr\u00e1emelo al marino, a P\u00e9rez, porque no tengo dudas que P\u00e9rez se llev\u00f3 a Loan\u201d, remarca Gallego.<\/p>\n\n\n\n<p>El ex marino es un actor clave. Y el m\u00e1s descolgado de todos. No solo por su desarrollo intelectual, social y socioecon\u00f3mico, que est\u00e1 muy por encima del resto, sino porque adem\u00e1s era el \u00fanico de la mesa que pod\u00eda darle un beneficio a la familia de Loan. \u00bfUn beneficio a cambio de qu\u00e9?<\/p>\n\n\n\n<p>La teor\u00eda que siguen los detectives es perversa porque est\u00e1 directamente vinculada a cuestiones con menores. En ese c\u00edrculo aparece tambi\u00e9n el comisario Maciel y Ben\u00edtez. Hay un dato que est\u00e1 en la causa y que muchos pasaron por alto: antes que el caso cobrara inter\u00e9s nacional, el jefe policial apunt\u00f3 contra Ben\u00edtez. Le pidi\u00f3 que se bajara los pantalones para revisarle el pene.&nbsp;&nbsp;<\/p>\n\n\n\n<p>La primera hip\u00f3tesis de Maciel no fue el extrav\u00edo de un ni\u00f1o en un campo abierto sino la de un posible ataque sexual. Por si fuera poco lo subi\u00f3 a su camioneta y estuvo con \u00e9l cerca de cincuenta minutos. \u00bfLo presion\u00f3 para que asumiera el delito? \u00bfPor qu\u00e9 Maciel estar\u00eda preocupado en cubrir a Ben\u00edtez o Ram\u00edrez si hubieran sido ellos los que lo violaron o vendieron? M\u00e1s bien el inter\u00e9s podr\u00eda ser el de despegar del caso a Caillava y P\u00e9rez, dos personas con poder en la zona y con las que curiosamente el comisario s\u00ed manten\u00eda una relaci\u00f3n cercana.<\/p>\n\n\n\n<p>La l\u00ednea de investigaci\u00f3n que plantea un accidente en el camino rural cercano a la zona donde el nene fue visto con vida por \u00faltima vez no est\u00e1 descartada, pero s\u00ed estancada. Laudelina declar\u00f3 que el hecho tuvo lugar en una curva pr\u00f3xima a la casa de la abuela Catalina, aunque esto resulta poco probable, ya que nadie vio ni oy\u00f3 nada. Es m\u00e1s factible que haya ocurrido unos 500 metros m\u00e1s adelante, en un camino alternativo que lleva a una escuela.<\/p>\n\n\n\n<p>En esta hip\u00f3tesis vuelven a aparecer Caillava y P\u00e9rez como motores de la trama. Si lo cargaron en la camioneta por temor a perder su reputaci\u00f3n social les sali\u00f3 mal. Lo que no cierra es que siete meses despu\u00e9s nadie confiese que Loan fue v\u00edctima de un simple accidente.<\/p>\n","protected":false},"excerpt":{"rendered":"<p>Ya pasaron m\u00e1s de 200 d\u00edas desde la desaparici\u00f3n de Loan Danilo Pe\u00f1a, el nene de 5 a\u00f1os que fue visto por \u00faltima vez caminando hacia un naranjal de un paraje rural de la provincia de Corrientes. En todo este tiempo se tejieron miles de teor\u00edas: que fue entregado a una red de trata de [&hellip;]<\/p>\n","protected":false},"author":3,"featured_media":16242,"comment_status":"closed","ping_status":"closed","sticky":false,"template":"","format":"standard","meta":{"om_disable_all_campaigns":false,"_monsterinsights_skip_tracking":false,"_monsterinsights_sitenote_active":false,"_monsterinsights_sitenote_note":"","_monsterinsights_sitenote_category":0,"footnotes":""},"categories":[1],"tags":[],"class_list":["post-16241","post","type-post","status-publish","format-standard","has-post-thumbnail","hentry","category-uncategorized"],"aioseo_notices":[],"amp_enabled":true,"_links":{"self":[{"href":"https:\/\/diariodigitalnea.com\/index.php\/wp-json\/wp\/v2\/posts\/16241","targetHints":{"allow":["GET"]}}],"collection":[{"href":"https:\/\/diariodigitalnea.com\/index.php\/wp-json\/wp\/v2\/posts"}],"about":[{"href":"https:\/\/diariodigitalnea.com\/index.php\/wp-json\/wp\/v2\/types\/post"}],"author":[{"embeddable":true,"href":"https:\/\/diariodigitalnea.com\/index.php\/wp-json\/wp\/v2\/users\/3"}],"replies":[{"embeddable":true,"href":"https:\/\/diariodigitalnea.com\/index.php\/wp-json\/wp\/v2\/comments?post=16241"}],"version-history":[{"count":1,"href":"https:\/\/diariodigitalnea.com\/index.php\/wp-json\/wp\/v2\/posts\/16241\/revisions"}],"predecessor-version":[{"id":16246,"href":"https:\/\/diariodigitalnea.com\/index.php\/wp-json\/wp\/v2\/posts\/16241\/revisions\/16246"}],"wp:featuredmedia":[{"embeddable":true,"href":"https:\/\/diariodigitalnea.com\/index.php\/wp-json\/wp\/v2\/media\/16242"}],"wp:attachment":[{"href":"https:\/\/diariodigitalnea.com\/index.php\/wp-json\/wp\/v2\/media?parent=16241"}],"wp:term":[{"taxonomy":"category","embeddable":true,"href":"https:\/\/diariodigitalnea.com\/index.php\/wp-json\/wp\/v2\/categories?post=16241"},{"taxonomy":"post_tag","embeddable":true,"href":"https:\/\/diariodigitalnea.com\/index.php\/wp-json\/wp\/v2\/tags?post=16241"}],"curies":[{"name":"wp","href":"https:\/\/api.w.org\/{rel}","templated":true}]}}