{"id":16102,"date":"2024-12-18T13:44:54","date_gmt":"2024-12-18T13:44:54","guid":{"rendered":"https:\/\/diariodigitalnea.com\/?p=16102"},"modified":"2024-12-18T13:44:55","modified_gmt":"2024-12-18T13:44:55","slug":"asi-quedo-el-auto-que-fue-aplastado-por-un-camion-en-chaco","status":"publish","type":"post","link":"https:\/\/diariodigitalnea.com\/index.php\/2024\/12\/18\/asi-quedo-el-auto-que-fue-aplastado-por-un-camion-en-chaco\/","title":{"rendered":"As\u00ed qued\u00f3 el auto que fue aplastado por un cami\u00f3n en Chaco"},"content":{"rendered":"\n<p>El pasado viernes un cami\u00f3n cay\u00f3 desde un puente y aplast\u00f3 a un autom\u00f3vil, en el&nbsp; acceso a la Ciudad de Resistencia, por la Ruta Nacional 16.<\/p>\n\n\n\n<p>El pasado viernes ocurri\u00f3 un accidente de tr\u00e1nsito en el kil\u00f3metro 12,2 de la Ruta Nacional N\u00b016, en Resistencia. El incidente involucr\u00f3 un cami\u00f3n Volkswagen, modelo 320, y un autom\u00f3vil Peugeot 408. Las autoridades policiales arribaron al lugar a las 15:30 para iniciar las investigaciones pertinentes.<\/p>\n\n\n\n<figure class=\"wp-block-image size-full\"><img fetchpriority=\"high\" decoding=\"async\" width=\"700\" height=\"332\" src=\"http:\/\/diariodigitalnea.com\/wp-content\/uploads\/2024\/12\/camion1.jpg\" alt=\"\" class=\"wp-image-16103\" srcset=\"https:\/\/diariodigitalnea.com\/wp-content\/uploads\/2024\/12\/camion1.jpg 700w, https:\/\/diariodigitalnea.com\/wp-content\/uploads\/2024\/12\/camion1-300x142.jpg 300w\" sizes=\"(max-width: 700px) 100vw, 700px\" \/><\/figure>\n\n\n\n<p>El cami\u00f3n, conducido por joven de 37 a\u00f1os, present\u00f3 da\u00f1os leves y fue trasladado para recibir atenci\u00f3n m\u00e9dica. Por su parte, el Peugeot, era manejado por un hombre de 54 a\u00f1os que tambi\u00e9n present\u00f3 da\u00f1os y fue derivado al hospital para los controles pertinentes.<\/p>\n\n\n\n<p>En el sitio intervinieron efectivos de la Comisar\u00eda jurisdiccional, la Polic\u00eda Caminera, personal de tr\u00e1nsito municipal y el Departamento de Log\u00edstica. Para liberar el tr\u00e1nsito, el cami\u00f3n fue removido de la calzada, mientras que el autom\u00f3vil fue secuestrado y trasladado en la gr\u00faa hasta la unidad policial correspondiente.<\/p>\n\n\n\n<figure class=\"wp-block-image size-full\"><img decoding=\"async\" width=\"700\" height=\"521\" src=\"http:\/\/diariodigitalnea.com\/wp-content\/uploads\/2024\/12\/camion3.jpg\" alt=\"\" class=\"wp-image-16105\" srcset=\"https:\/\/diariodigitalnea.com\/wp-content\/uploads\/2024\/12\/camion3.jpg 700w, https:\/\/diariodigitalnea.com\/wp-content\/uploads\/2024\/12\/camion3-300x223.jpg 300w\" sizes=\"(max-width: 700px) 100vw, 700px\" \/><\/figure>\n\n\n\n<p>Las diligencias contin\u00faan con el objetivo de determinar las causas del accidente, considerado de car\u00e1cter leve por las autoridades.<\/p>\n","protected":false},"excerpt":{"rendered":"<p>El pasado viernes un cami\u00f3n cay\u00f3 desde un puente y aplast\u00f3 a un autom\u00f3vil, en el&nbsp; acceso a la Ciudad de Resistencia, por la Ruta Nacional 16. El pasado viernes ocurri\u00f3 un accidente de tr\u00e1nsito en el kil\u00f3metro 12,2 de la Ruta Nacional N\u00b016, en Resistencia. El incidente involucr\u00f3 un cami\u00f3n Volkswagen, modelo 320, y [&hellip;]<\/p>\n","protected":false},"author":3,"featured_media":16104,"comment_status":"closed","ping_status":"closed","sticky":false,"template":"","format":"standard","meta":{"om_disable_all_campaigns":false,"_monsterinsights_skip_tracking":false,"_monsterinsights_sitenote_active":false,"_monsterinsights_sitenote_note":"","_monsterinsights_sitenote_category":0,"footnotes":""},"categories":[33,52],"tags":[4576,85,431],"class_list":["post-16102","post","type-post","status-publish","format-standard","has-post-thumbnail","hentry","category-chaco","category-policiales","tag-auto-aplastado","tag-camion","tag-policia-del-chaco"],"aioseo_notices":[],"amp_enabled":true,"_links":{"self":[{"href":"https:\/\/diariodigitalnea.com\/index.php\/wp-json\/wp\/v2\/posts\/16102","targetHints":{"allow":["GET"]}}],"collection":[{"href":"https:\/\/diariodigitalnea.com\/index.php\/wp-json\/wp\/v2\/posts"}],"about":[{"href":"https:\/\/diariodigitalnea.com\/index.php\/wp-json\/wp\/v2\/types\/post"}],"author":[{"embeddable":true,"href":"https:\/\/diariodigitalnea.com\/index.php\/wp-json\/wp\/v2\/users\/3"}],"replies":[{"embeddable":true,"href":"https:\/\/diariodigitalnea.com\/index.php\/wp-json\/wp\/v2\/comments?post=16102"}],"version-history":[{"count":1,"href":"https:\/\/diariodigitalnea.com\/index.php\/wp-json\/wp\/v2\/posts\/16102\/revisions"}],"predecessor-version":[{"id":16106,"href":"https:\/\/diariodigitalnea.com\/index.php\/wp-json\/wp\/v2\/posts\/16102\/revisions\/16106"}],"wp:featuredmedia":[{"embeddable":true,"href":"https:\/\/diariodigitalnea.com\/index.php\/wp-json\/wp\/v2\/media\/16104"}],"wp:attachment":[{"href":"https:\/\/diariodigitalnea.com\/index.php\/wp-json\/wp\/v2\/media?parent=16102"}],"wp:term":[{"taxonomy":"category","embeddable":true,"href":"https:\/\/diariodigitalnea.com\/index.php\/wp-json\/wp\/v2\/categories?post=16102"},{"taxonomy":"post_tag","embeddable":true,"href":"https:\/\/diariodigitalnea.com\/index.php\/wp-json\/wp\/v2\/tags?post=16102"}],"curies":[{"name":"wp","href":"https:\/\/api.w.org\/{rel}","templated":true}]}}