{"id":16088,"date":"2024-12-17T15:25:29","date_gmt":"2024-12-17T15:25:29","guid":{"rendered":"https:\/\/diariodigitalnea.com\/?p=16088"},"modified":"2024-12-17T15:25:30","modified_gmt":"2024-12-17T15:25:30","slug":"la-economia-repunto-en-el-tercer-trimestre-crecio-el-39","status":"publish","type":"post","link":"https:\/\/diariodigitalnea.com\/index.php\/2024\/12\/17\/la-economia-repunto-en-el-tercer-trimestre-crecio-el-39\/","title":{"rendered":"La econom\u00eda repunt\u00f3 en el tercer trimestre: creci\u00f3 el 3,9%"},"content":{"rendered":"\n<p>Sin embargo, cuando la comparaci\u00f3n es con el mismo per\u00edodo del a\u00f1o anterior, se evidencia un descenso del 2,1%.<\/p>\n\n\n\n<p>El Instituto Nacional de Estad\u00edstica y Censos (INDEC) report\u00f3 que el producto interno bruto (PIB) creci\u00f3 3,9% en t\u00e9rminos desestacionalizados durante el tercer trimestre de 2024, respecto al trimestre anterior. Este desempe\u00f1o positivo se observ\u00f3 en todos los componentes de la demanda.<\/p>\n\n\n\n<p>En el an\u00e1lisis desestacionalizado, las exportaciones registraron un incremento de 3,2%, mientras que el consumo privado aument\u00f3 4,6% y el consumo p\u00fablico subi\u00f3 0,7%. La formaci\u00f3n bruta de capital fijo, por su parte, experiment\u00f3 el mayor crecimiento, con un alza del 12,0%.<\/p>\n\n\n\n<figure class=\"wp-block-image size-large\"><img fetchpriority=\"high\" decoding=\"async\" width=\"1024\" height=\"576\" src=\"http:\/\/diariodigitalnea.com\/wp-content\/uploads\/2024\/12\/economia-1024x576.jpg\" alt=\"\" class=\"wp-image-16090\" srcset=\"https:\/\/diariodigitalnea.com\/wp-content\/uploads\/2024\/12\/economia-1024x576.jpg 1024w, https:\/\/diariodigitalnea.com\/wp-content\/uploads\/2024\/12\/economia-300x169.jpg 300w, https:\/\/diariodigitalnea.com\/wp-content\/uploads\/2024\/12\/economia-768x432.jpg 768w, https:\/\/diariodigitalnea.com\/wp-content\/uploads\/2024\/12\/economia.jpg 1200w\" sizes=\"(max-width: 1024px) 100vw, 1024px\" \/><\/figure>\n\n\n\n<p>Sin embargo, al comparar la serie original del PIB con el mismo per\u00edodo del a\u00f1o anterior, se evidenci\u00f3 un descenso del 2,1%. Este retroceso se explic\u00f3 principalmente por la ca\u00edda de 16,8% interanual en la formaci\u00f3n bruta de capital fijo. Seg\u00fan el informe, \u00ablos sectores m\u00e1s afectados fueron la construcci\u00f3n, con una disminuci\u00f3n del 14,9% interanual, y la pesca, que cay\u00f3 6,7% interanual\u00bb.<\/p>\n\n\n\n<p>Desagregado por sectores, la agricultura, ganader\u00eda, caza y silvicultura registr\u00f3 un incremento interanual de 13,2%, mientras que la pesca cay\u00f3 6,7%. La explotaci\u00f3n de minas y canteras subi\u00f3 6,6% y electricidad, gas y agua aument\u00f3 0,4%, y la construcci\u00f3n mostr\u00f3 una marcada ca\u00edda del 14,9%.<\/p>\n\n\n\n<p>&nbsp;Con una baja de 5,9%, la industria registr\u00f3 la mayor incidencia negativa (-1 punto porcentual) en la ca\u00edda interanual del #PIB; y Agricultura, ganader\u00eda, caza y silvicultura aport\u00f3 la mayor tracci\u00f3n positiva (0,58 p.p.) al crecer 13,2%.<\/p>\n\n\n\n<p>Por su parte, el comercio mayorista, minorista y de reparaciones retrocedi\u00f3 6,1%, mientras que hoteles y restaurantes crecieron 9%. El transporte y las comunicaciones se mantuvieron estables, la intermediaci\u00f3n financiera disminuy\u00f3 1,8% y las actividades inmobiliarias, empresariales y de alquiler cayeron 0,7%. Asimismo, la administraci\u00f3n p\u00fablica y defensa, junto con los planes de seguridad social, bajaron 1,6%. La ense\u00f1anza registr\u00f3 un aumento de 0,7%, mientras que los servicios sociales y de salud cayeron 0,6%. Finalmente, las otras actividades de servicios comunitarios, sociales y personales retrocedieron 4,3%, mientras que los hogares privados con servicio dom\u00e9stico subieron 0,2%.<\/p>\n","protected":false},"excerpt":{"rendered":"<p>Sin embargo, cuando la comparaci\u00f3n es con el mismo per\u00edodo del a\u00f1o anterior, se evidencia un descenso del 2,1%. El Instituto Nacional de Estad\u00edstica y Censos (INDEC) report\u00f3 que el producto interno bruto (PIB) creci\u00f3 3,9% en t\u00e9rminos desestacionalizados durante el tercer trimestre de 2024, respecto al trimestre anterior. Este desempe\u00f1o positivo se observ\u00f3 en [&hellip;]<\/p>\n","protected":false},"author":3,"featured_media":16089,"comment_status":"closed","ping_status":"closed","sticky":false,"template":"","format":"standard","meta":{"om_disable_all_campaigns":false,"_monsterinsights_skip_tracking":false,"_monsterinsights_sitenote_active":false,"_monsterinsights_sitenote_note":"","_monsterinsights_sitenote_category":0,"footnotes":""},"categories":[5,90],"tags":[1464,2369,89,517,426],"class_list":["post-16088","post","type-post","status-publish","format-standard","has-post-thumbnail","hentry","category-economia","category-nacionales","tag-crecimiento-economico","tag-demanda","tag-economia","tag-indec","tag-precios"],"aioseo_notices":[],"amp_enabled":true,"_links":{"self":[{"href":"https:\/\/diariodigitalnea.com\/index.php\/wp-json\/wp\/v2\/posts\/16088","targetHints":{"allow":["GET"]}}],"collection":[{"href":"https:\/\/diariodigitalnea.com\/index.php\/wp-json\/wp\/v2\/posts"}],"about":[{"href":"https:\/\/diariodigitalnea.com\/index.php\/wp-json\/wp\/v2\/types\/post"}],"author":[{"embeddable":true,"href":"https:\/\/diariodigitalnea.com\/index.php\/wp-json\/wp\/v2\/users\/3"}],"replies":[{"embeddable":true,"href":"https:\/\/diariodigitalnea.com\/index.php\/wp-json\/wp\/v2\/comments?post=16088"}],"version-history":[{"count":1,"href":"https:\/\/diariodigitalnea.com\/index.php\/wp-json\/wp\/v2\/posts\/16088\/revisions"}],"predecessor-version":[{"id":16091,"href":"https:\/\/diariodigitalnea.com\/index.php\/wp-json\/wp\/v2\/posts\/16088\/revisions\/16091"}],"wp:featuredmedia":[{"embeddable":true,"href":"https:\/\/diariodigitalnea.com\/index.php\/wp-json\/wp\/v2\/media\/16089"}],"wp:attachment":[{"href":"https:\/\/diariodigitalnea.com\/index.php\/wp-json\/wp\/v2\/media?parent=16088"}],"wp:term":[{"taxonomy":"category","embeddable":true,"href":"https:\/\/diariodigitalnea.com\/index.php\/wp-json\/wp\/v2\/categories?post=16088"},{"taxonomy":"post_tag","embeddable":true,"href":"https:\/\/diariodigitalnea.com\/index.php\/wp-json\/wp\/v2\/tags?post=16088"}],"curies":[{"name":"wp","href":"https:\/\/api.w.org\/{rel}","templated":true}]}}