{"id":16063,"date":"2024-12-13T13:41:01","date_gmt":"2024-12-13T13:41:01","guid":{"rendered":"https:\/\/diariodigitalnea.com\/?p=16063"},"modified":"2024-12-13T13:41:01","modified_gmt":"2024-12-13T13:41:01","slug":"siniestro-en-cadena-sobre-ruta-16-tres-camiones-involucrados","status":"publish","type":"post","link":"https:\/\/diariodigitalnea.com\/index.php\/2024\/12\/13\/siniestro-en-cadena-sobre-ruta-16-tres-camiones-involucrados\/","title":{"rendered":"Siniestro en cadena sobre ruta 16: tres camiones involucrados"},"content":{"rendered":"\n<p>El hecho se registr\u00f3 alrededor de las 4.30 de este viernes sobre la ruta nacional 16, km 70, entre las localidades de Lapachito y La Escondida. A pesar del gran impacto que sufrieron los veh\u00edculos de gran porte, los choferes s\u00f3lo tuvieron heridas leves.<\/p>\n\n\n\n<p>Seg\u00fan informaron las autoridades, los veh\u00edculos involucrados fueron un Mercedes Benz, conducido por Hern\u00e1n Orlando Arce, de 26 a\u00f1os; otro Mercedes Benz, conducido por Nelson Arce, de 33 a\u00f1os; y un Iveco Eurotech 370 conducido por Ricardo Emanuel Villega, de 44 a\u00f1os.<\/p>\n\n\n\n<p>Los tres ocupantes de los veh\u00edculos resultaron con lesiones leves, seg\u00fan inform\u00f3 la Dra. Karina Guti\u00e9rrez, quien los examin\u00f3 en el lugar. Los afectados fueron dados de alta en el lugar.<\/p>\n\n\n\n<p>La polic\u00eda de Comisaria de La Verde, a cargo del comisario Juan Jos\u00e9 Jerez, se hizo presente en el lugar y procedi\u00f3 a tomar declaraciones y a realizar los tr\u00e1mites correspondientes. Se aguarda la presencia de la Divisi\u00f3n Criminal\u00edstica y se est\u00e1 procurando comunicaci\u00f3n con la Fiscal\u00eda en turno.<\/p>\n\n\n\n<p>El accidente sigue siendo investigado por las autoridades competentes.<\/p>\n","protected":false},"excerpt":{"rendered":"<p>El hecho se registr\u00f3 alrededor de las 4.30 de este viernes sobre la ruta nacional 16, km 70, entre las localidades de Lapachito y La Escondida. A pesar del gran impacto que sufrieron los veh\u00edculos de gran porte, los choferes s\u00f3lo tuvieron heridas leves. Seg\u00fan informaron las autoridades, los veh\u00edculos involucrados fueron un Mercedes Benz, [&hellip;]<\/p>\n","protected":false},"author":3,"featured_media":16064,"comment_status":"closed","ping_status":"closed","sticky":false,"template":"","format":"standard","meta":{"om_disable_all_campaigns":false,"_monsterinsights_skip_tracking":false,"_monsterinsights_sitenote_active":false,"_monsterinsights_sitenote_note":"","_monsterinsights_sitenote_category":0,"footnotes":""},"categories":[33,52],"tags":[4572,83,4571],"class_list":["post-16063","post","type-post","status-publish","format-standard","has-post-thumbnail","hentry","category-chaco","category-policiales","tag-camiones","tag-ruta-16","tag-siniestro-en-cadena"],"aioseo_notices":[],"amp_enabled":true,"_links":{"self":[{"href":"https:\/\/diariodigitalnea.com\/index.php\/wp-json\/wp\/v2\/posts\/16063","targetHints":{"allow":["GET"]}}],"collection":[{"href":"https:\/\/diariodigitalnea.com\/index.php\/wp-json\/wp\/v2\/posts"}],"about":[{"href":"https:\/\/diariodigitalnea.com\/index.php\/wp-json\/wp\/v2\/types\/post"}],"author":[{"embeddable":true,"href":"https:\/\/diariodigitalnea.com\/index.php\/wp-json\/wp\/v2\/users\/3"}],"replies":[{"embeddable":true,"href":"https:\/\/diariodigitalnea.com\/index.php\/wp-json\/wp\/v2\/comments?post=16063"}],"version-history":[{"count":1,"href":"https:\/\/diariodigitalnea.com\/index.php\/wp-json\/wp\/v2\/posts\/16063\/revisions"}],"predecessor-version":[{"id":16065,"href":"https:\/\/diariodigitalnea.com\/index.php\/wp-json\/wp\/v2\/posts\/16063\/revisions\/16065"}],"wp:featuredmedia":[{"embeddable":true,"href":"https:\/\/diariodigitalnea.com\/index.php\/wp-json\/wp\/v2\/media\/16064"}],"wp:attachment":[{"href":"https:\/\/diariodigitalnea.com\/index.php\/wp-json\/wp\/v2\/media?parent=16063"}],"wp:term":[{"taxonomy":"category","embeddable":true,"href":"https:\/\/diariodigitalnea.com\/index.php\/wp-json\/wp\/v2\/categories?post=16063"},{"taxonomy":"post_tag","embeddable":true,"href":"https:\/\/diariodigitalnea.com\/index.php\/wp-json\/wp\/v2\/tags?post=16063"}],"curies":[{"name":"wp","href":"https:\/\/api.w.org\/{rel}","templated":true}]}}