{"id":16060,"date":"2024-12-13T13:37:03","date_gmt":"2024-12-13T13:37:03","guid":{"rendered":"https:\/\/diariodigitalnea.com\/?p=16060"},"modified":"2024-12-13T13:37:04","modified_gmt":"2024-12-13T13:37:04","slug":"los-papas-de-loan-revelaron-que-habria-pasado-con-el-nene-y-apuntaron-otra-vez-contra-laudelina-tiene-que-decir","status":"publish","type":"post","link":"https:\/\/diariodigitalnea.com\/index.php\/2024\/12\/13\/los-papas-de-loan-revelaron-que-habria-pasado-con-el-nene-y-apuntaron-otra-vez-contra-laudelina-tiene-que-decir\/","title":{"rendered":"Los pap\u00e1s de Loan revelaron qu\u00e9 habr\u00eda pasado con el nene, y apuntaron otra vez contra Laudelina: \u201cTiene que decir\u201d"},"content":{"rendered":"\n<p>A seis meses de la desaparici\u00f3n de Loan, Mar\u00eda Noguera y Jos\u00e9 Pe\u00f1a salieron a hablar y apuntaron contra Laudelina, la t\u00eda del nene de 5 a\u00f1os.<\/p>\n\n\n\n<p>Se cumplieron seis meses de la desaparici\u00f3n de Loan Danilo Pe\u00f1a y todav\u00eda no se sabe ni que pas\u00f3 ni d\u00f3nde est\u00e1 el nene de 5 a\u00f1os. Tras esto, sus pap\u00e1s Mar\u00eda Noguera y Jos\u00e9 salieron a hablar y apuntaron contra Laudelina.<\/p>\n\n\n\n<p>Ante la pregunta de si sienten que tendr\u00eda que haber m\u00e1s gente detenida, aseguraron que s\u00ed y pidieron que \u201cdigan la verdad sobre qu\u00e9 pas\u00f3 con Loan ese d\u00eda o d\u00f3nde est\u00e1\u201d. Fue as\u00ed que lanzaron una dura acusaci\u00f3n contra la t\u00eda del nene: \u201cLaudelina, como ya est\u00e1 detenida, tiene que decirlo. Ella sabe la verdad de qu\u00e9 pas\u00f3 ese d\u00eda con Loan, y Macarena (tambi\u00e9n)\u201d.<\/p>\n\n\n\n<h2 class=\"wp-block-heading\">La teor\u00eda de Mar\u00eda y Jos\u00e9 sobre la desaparici\u00f3n de Loan Danilo Pe\u00f1a<\/h2>\n\n\n\n<p>Por su parte, los pap\u00e1s del nene desaparecido en Corrientes contaron cu\u00e1l creen que es su hip\u00f3tesis sobre lo que ocurri\u00f3 con su hijo, y mencionaron: \u201cA \u00e9l lo llevaron, otra cosa no pas\u00f3 con Loan\u201d. De hecho, Jos\u00e9 Pe\u00f1a indic\u00f3: \u201cNo hubo llamado, nada, ni nadie. No hab\u00eda nada, estaba todo tranquilo, como si nada, un silencio\u201d.<\/p>\n\n\n\n<p>Sin embargo, ambos manifestaron su esperanza de que aparezca el peque\u00f1o: \u201cVamos a seguir, no vamos a aflojar y vamos a pedir justicia por Loan, que se sepa qu\u00e9 pas\u00f3 con Loan ese d\u00eda, el 13 de junio\u201d.<\/p>\n\n\n\n<p>\u201cSeguimos como d\u00eda en el d\u00eda cero, como siempre digo, no sabemos nada de \u00e9l y bueno, seguimos aguantando como podemos y hay que seguir aguantando y seguir teniendo fe y esperanza y hay que seguir luchando\u201d, agreg\u00f3 el pap\u00e1 del nene y record\u00f3 que todos los d\u00edas recorre la casa de la abuela Catalina donde fue visto por \u00faltima vez.<\/p>\n","protected":false},"excerpt":{"rendered":"<p>A seis meses de la desaparici\u00f3n de Loan, Mar\u00eda Noguera y Jos\u00e9 Pe\u00f1a salieron a hablar y apuntaron contra Laudelina, la t\u00eda del nene de 5 a\u00f1os. Se cumplieron seis meses de la desaparici\u00f3n de Loan Danilo Pe\u00f1a y todav\u00eda no se sabe ni que pas\u00f3 ni d\u00f3nde est\u00e1 el nene de 5 a\u00f1os. Tras [&hellip;]<\/p>\n","protected":false},"author":3,"featured_media":16061,"comment_status":"closed","ping_status":"closed","sticky":false,"template":"","format":"standard","meta":{"om_disable_all_campaigns":false,"_monsterinsights_skip_tracking":false,"_monsterinsights_sitenote_active":false,"_monsterinsights_sitenote_note":"","_monsterinsights_sitenote_category":0,"footnotes":""},"categories":[34,52],"tags":[4570,4310,4569,4557],"class_list":["post-16060","post","type-post","status-publish","format-standard","has-post-thumbnail","hentry","category-corrientes","category-policiales","tag-busqueda-del-menor","tag-caso-loan","tag-papas-de-loan","tag-secuestro-de-menor"],"aioseo_notices":[],"amp_enabled":true,"_links":{"self":[{"href":"https:\/\/diariodigitalnea.com\/index.php\/wp-json\/wp\/v2\/posts\/16060","targetHints":{"allow":["GET"]}}],"collection":[{"href":"https:\/\/diariodigitalnea.com\/index.php\/wp-json\/wp\/v2\/posts"}],"about":[{"href":"https:\/\/diariodigitalnea.com\/index.php\/wp-json\/wp\/v2\/types\/post"}],"author":[{"embeddable":true,"href":"https:\/\/diariodigitalnea.com\/index.php\/wp-json\/wp\/v2\/users\/3"}],"replies":[{"embeddable":true,"href":"https:\/\/diariodigitalnea.com\/index.php\/wp-json\/wp\/v2\/comments?post=16060"}],"version-history":[{"count":1,"href":"https:\/\/diariodigitalnea.com\/index.php\/wp-json\/wp\/v2\/posts\/16060\/revisions"}],"predecessor-version":[{"id":16062,"href":"https:\/\/diariodigitalnea.com\/index.php\/wp-json\/wp\/v2\/posts\/16060\/revisions\/16062"}],"wp:featuredmedia":[{"embeddable":true,"href":"https:\/\/diariodigitalnea.com\/index.php\/wp-json\/wp\/v2\/media\/16061"}],"wp:attachment":[{"href":"https:\/\/diariodigitalnea.com\/index.php\/wp-json\/wp\/v2\/media?parent=16060"}],"wp:term":[{"taxonomy":"category","embeddable":true,"href":"https:\/\/diariodigitalnea.com\/index.php\/wp-json\/wp\/v2\/categories?post=16060"},{"taxonomy":"post_tag","embeddable":true,"href":"https:\/\/diariodigitalnea.com\/index.php\/wp-json\/wp\/v2\/tags?post=16060"}],"curies":[{"name":"wp","href":"https:\/\/api.w.org\/{rel}","templated":true}]}}