{"id":16031,"date":"2024-12-11T13:33:53","date_gmt":"2024-12-11T13:33:53","guid":{"rendered":"https:\/\/diariodigitalnea.com\/?p=16031"},"modified":"2024-12-11T13:33:53","modified_gmt":"2024-12-11T13:33:53","slug":"habra-asueto-administrativo-para-los-dias-23-24-30-y-31-de-diciembre","status":"publish","type":"post","link":"https:\/\/diariodigitalnea.com\/index.php\/2024\/12\/11\/habra-asueto-administrativo-para-los-dias-23-24-30-y-31-de-diciembre\/","title":{"rendered":"Habr\u00e1 asueto administrativo para los d\u00edas 23, 24, 30 y 31 de diciembre"},"content":{"rendered":"\n<p>En virtud de las fiestas de fin de a\u00f1o, el Gobierno provincial declara asueto administrativo los d\u00edas lunes 23 y martes 24, y lunes 30 y martes 31 de diciembre de 2024.<\/p>\n\n\n\n<p>As\u00ed lo establece el decreto N\u00ba 2454, rubricado por el gobernador del Chaco Leandro Zdero y la secretaria general de la Gobernaci\u00f3n Carolina Meiri\u00f1o, que tiene como prop\u00f3sito celebrar las festividades de Nochebuena, Navidad y Fin de A\u00f1o.<\/p>\n\n\n\n<p>Teniendo en cuenta que, \u201clas fiestas representan valores morales y religiosos para la comunidad entera, se reconoce la necesidad de compartir en familia tales acontecimientos, posibilitando el acercamiento de quienes por diversas causas, se domicilian lejos de sus seres queridos\u201d, cita el documento.<\/p>\n\n\n\n<p>Asimismo invita a el decreto del Poder Ejecutivo Provincial&nbsp; en su art\u00edculo 2\u00b0 invita a los poderes, organismos constitucionales, entidades bancarias y municipalidades a adherirse a dicha medida.<\/p>\n\n\n\n<p><\/p>\n","protected":false},"excerpt":{"rendered":"<p>En virtud de las fiestas de fin de a\u00f1o, el Gobierno provincial declara asueto administrativo los d\u00edas lunes 23 y martes 24, y lunes 30 y martes 31 de diciembre de 2024. As\u00ed lo establece el decreto N\u00ba 2454, rubricado por el gobernador del Chaco Leandro Zdero y la secretaria general de la Gobernaci\u00f3n Carolina [&hellip;]<\/p>\n","protected":false},"author":3,"featured_media":16032,"comment_status":"closed","ping_status":"closed","sticky":false,"template":"","format":"standard","meta":{"om_disable_all_campaigns":false,"_monsterinsights_skip_tracking":false,"_monsterinsights_sitenote_active":false,"_monsterinsights_sitenote_note":"","_monsterinsights_sitenote_category":0,"footnotes":""},"categories":[33],"tags":[1514,4565,2774,1470],"class_list":["post-16031","post","type-post","status-publish","format-standard","has-post-thumbnail","hentry","category-chaco","tag-ano-nuevo","tag-asueto-administrativo","tag-casa-de-gobierno","tag-navidad"],"aioseo_notices":[],"amp_enabled":true,"_links":{"self":[{"href":"https:\/\/diariodigitalnea.com\/index.php\/wp-json\/wp\/v2\/posts\/16031","targetHints":{"allow":["GET"]}}],"collection":[{"href":"https:\/\/diariodigitalnea.com\/index.php\/wp-json\/wp\/v2\/posts"}],"about":[{"href":"https:\/\/diariodigitalnea.com\/index.php\/wp-json\/wp\/v2\/types\/post"}],"author":[{"embeddable":true,"href":"https:\/\/diariodigitalnea.com\/index.php\/wp-json\/wp\/v2\/users\/3"}],"replies":[{"embeddable":true,"href":"https:\/\/diariodigitalnea.com\/index.php\/wp-json\/wp\/v2\/comments?post=16031"}],"version-history":[{"count":1,"href":"https:\/\/diariodigitalnea.com\/index.php\/wp-json\/wp\/v2\/posts\/16031\/revisions"}],"predecessor-version":[{"id":16033,"href":"https:\/\/diariodigitalnea.com\/index.php\/wp-json\/wp\/v2\/posts\/16031\/revisions\/16033"}],"wp:featuredmedia":[{"embeddable":true,"href":"https:\/\/diariodigitalnea.com\/index.php\/wp-json\/wp\/v2\/media\/16032"}],"wp:attachment":[{"href":"https:\/\/diariodigitalnea.com\/index.php\/wp-json\/wp\/v2\/media?parent=16031"}],"wp:term":[{"taxonomy":"category","embeddable":true,"href":"https:\/\/diariodigitalnea.com\/index.php\/wp-json\/wp\/v2\/categories?post=16031"},{"taxonomy":"post_tag","embeddable":true,"href":"https:\/\/diariodigitalnea.com\/index.php\/wp-json\/wp\/v2\/tags?post=16031"}],"curies":[{"name":"wp","href":"https:\/\/api.w.org\/{rel}","templated":true}]}}