{"id":16027,"date":"2024-12-11T13:16:05","date_gmt":"2024-12-11T13:16:05","guid":{"rendered":"https:\/\/diariodigitalnea.com\/?p=16027"},"modified":"2024-12-12T11:24:43","modified_gmt":"2024-12-12T11:24:43","slug":"un-policia-termino-en-terapia-intensiva-tras-detener-a-un-profugo-de-la-justicia","status":"publish","type":"post","link":"https:\/\/diariodigitalnea.com\/index.php\/2024\/12\/11\/un-policia-termino-en-terapia-intensiva-tras-detener-a-un-profugo-de-la-justicia\/","title":{"rendered":"Un pr\u00f3fugo de la justicia hiri\u00f3 gravemente a un polic\u00eda"},"content":{"rendered":"\n<p>El incidente ocurri\u00f3 durante el inicio del operativo \u00abFelices Fiestas\u00bb.<\/p>\n\n\n\n<p><\/p>\n\n\n\n<p>Un polic\u00eda se encuentra internado en terapia intensiva luego de sufrir graves lesiones durante un enfrentamiento con un hombre buscado por cinco causas judiciales. El hecho ocurri\u00f3 en el barrio Norte de Charata, poco despu\u00e9s del inicio del operativo \u00abFelices Fiestas\u00bb desplegado por las Comisar\u00edas Primera, Segunda y el 911.<\/p>\n\n\n\n<figure class=\"wp-block-image size-large\"><img fetchpriority=\"high\" decoding=\"async\" width=\"1024\" height=\"513\" src=\"http:\/\/diariodigitalnea.com\/wp-content\/uploads\/2023\/05\/ENCUENTRO-IG-Verde-copy-1024x513.jpg\" alt=\"PUBLICIDAD\" class=\"wp-image-8132\" srcset=\"https:\/\/diariodigitalnea.com\/wp-content\/uploads\/2023\/05\/ENCUENTRO-IG-Verde-copy-1024x513.jpg 1024w, https:\/\/diariodigitalnea.com\/wp-content\/uploads\/2023\/05\/ENCUENTRO-IG-Verde-copy-300x150.jpg 300w, https:\/\/diariodigitalnea.com\/wp-content\/uploads\/2023\/05\/ENCUENTRO-IG-Verde-copy-768x385.jpg 768w, https:\/\/diariodigitalnea.com\/wp-content\/uploads\/2023\/05\/ENCUENTRO-IG-Verde-copy-1536x769.jpg 1536w, https:\/\/diariodigitalnea.com\/wp-content\/uploads\/2023\/05\/ENCUENTRO-IG-Verde-copy-2048x1026.jpg 2048w\" sizes=\"(max-width: 1024px) 100vw, 1024px\" \/><figcaption class=\"wp-element-caption\">Publicidad: Encuentro Tienda de Bebidas, Chile 190 Local 4 \u2013 Tel: 3624386655 &#8211; Gral San Mart\u00edn<\/figcaption><\/figure>\n\n\n\n<p>Seg\u00fan informaron desde la Polic\u00eda del Chaco, el violento episodio tuvo lugar cerca de las 19, en la intersecci\u00f3n de Almirante Brown y Rodr\u00edguez Pe\u00f1a. Al intentar identificar al sospechoso, el individuo atac\u00f3 con un cuchillo a uno de los agentes, provoc\u00e1ndole un corte en el brazo. Luego, lanz\u00f3 puntazos hacia otros efectivos antes de huir y trepar a los techos de las viviendas cercanas, desde donde continu\u00f3 atacando con diversos objetos.<\/p>\n\n\n\n<p><\/p>\n\n\n\n<p>En medio de su escape, el hombre arroj\u00f3 un trozo de ladrillo que impact\u00f3 en la cabeza del mismo agente que hab\u00eda herido previamente. Pese a las agresiones, los efectivos lograron reducirlo tras un disparo disuasivo que le caus\u00f3 lesiones en el rostro y el costado derecho del cuerpo. A\u00fan as\u00ed, el sospechoso opuso una fuerte resistencia hasta ser trasladado al hospital local bajo custodia policial.<\/p>\n\n\n\n<figure class=\"wp-block-image size-large\"><img decoding=\"async\" width=\"1024\" height=\"739\" src=\"http:\/\/diariodigitalnea.com\/wp-content\/uploads\/2024\/12\/machete3-1024x739.jpg\" alt=\"\" class=\"wp-image-16028\" srcset=\"https:\/\/diariodigitalnea.com\/wp-content\/uploads\/2024\/12\/machete3-1024x739.jpg 1024w, https:\/\/diariodigitalnea.com\/wp-content\/uploads\/2024\/12\/machete3-300x217.jpg 300w, https:\/\/diariodigitalnea.com\/wp-content\/uploads\/2024\/12\/machete3-768x554.jpg 768w, https:\/\/diariodigitalnea.com\/wp-content\/uploads\/2024\/12\/machete3.jpg 1168w\" sizes=\"(max-width: 1024px) 100vw, 1024px\" \/><\/figure>\n\n\n\n<p>El detenido, de 34 a\u00f1os, presentaba signos de \u00abexcitado psicomotriz\u00bb debido al consumo de sustancias. Posteriormente, fue derivado al Hospital 4 de Junio de S\u00e1enz Pe\u00f1a, donde contin\u00faa bajo atenci\u00f3n m\u00e9dica. Su prontuario incluye causas por \u00abSupuesto Hurto Calificado\u00bb, \u00abSupuesta Tentativa de Robo\u00bb y otros delitos.<\/p>\n\n\n\n<p><\/p>\n\n\n\n<p>Por su parte, el agente policial fue ingresado a la cl\u00ednica Giulani con lesiones graves en el rostro, t\u00f3rax y brazo izquierdo, adem\u00e1s de un golpe en el cr\u00e1neo que lo dej\u00f3 desorientado. Los m\u00e9dicos indicaron que permanece en la Unidad de Terapia Intensiva y su evoluci\u00f3n ser\u00e1 clave en las pr\u00f3ximas horas.<\/p>\n\n\n\n<p><\/p>\n\n\n\n<p>En el lugar de los hechos, los efectivos secuestraron un cuchillo tipo carnicero, una botella de vidrio y varios trozos de ladrillo, elementos utilizados por el agresor durante el ataque. El operativo gener\u00f3 alarma en la comunidad, que reclama mayor seguridad en la zona.<\/p>\n\n\n\n<figure class=\"wp-block-image size-large\"><img decoding=\"async\" width=\"1024\" height=\"607\" src=\"http:\/\/diariodigitalnea.com\/wp-content\/uploads\/2023\/11\/DDN-FOTO-PC-Y-CEL-1024x607.jpg\" alt=\"publicidad\" class=\"wp-image-11794\" srcset=\"https:\/\/diariodigitalnea.com\/wp-content\/uploads\/2023\/11\/DDN-FOTO-PC-Y-CEL-1024x607.jpg 1024w, https:\/\/diariodigitalnea.com\/wp-content\/uploads\/2023\/11\/DDN-FOTO-PC-Y-CEL-300x178.jpg 300w, https:\/\/diariodigitalnea.com\/wp-content\/uploads\/2023\/11\/DDN-FOTO-PC-Y-CEL-768x455.jpg 768w, https:\/\/diariodigitalnea.com\/wp-content\/uploads\/2023\/11\/DDN-FOTO-PC-Y-CEL-1536x910.jpg 1536w, https:\/\/diariodigitalnea.com\/wp-content\/uploads\/2023\/11\/DDN-FOTO-PC-Y-CEL.jpg 2000w\" sizes=\"(max-width: 1024px) 100vw, 1024px\" \/><figcaption class=\"wp-element-caption\">Diario Digital Nea. Noticias de la regi\u00f3n y el mundo. <\/figcaption><\/figure>\n","protected":false},"excerpt":{"rendered":"<p>El incidente ocurri\u00f3 durante el inicio del operativo \u00abFelices Fiestas\u00bb. Un polic\u00eda se encuentra internado en terapia intensiva luego de sufrir graves lesiones durante un enfrentamiento con un hombre buscado por cinco causas judiciales. El hecho ocurri\u00f3 en el barrio Norte de Charata, poco despu\u00e9s del inicio del operativo \u00abFelices Fiestas\u00bb desplegado por las Comisar\u00edas [&hellip;]<\/p>\n","protected":false},"author":4,"featured_media":16029,"comment_status":"closed","ping_status":"closed","sticky":false,"template":"","format":"standard","meta":{"om_disable_all_campaigns":false,"_monsterinsights_skip_tracking":false,"_monsterinsights_sitenote_active":false,"_monsterinsights_sitenote_note":"","_monsterinsights_sitenote_category":0,"footnotes":""},"categories":[95,52],"tags":[],"class_list":["post-16027","post","type-post","status-publish","format-standard","has-post-thumbnail","hentry","category-informacion-general","category-policiales"],"aioseo_notices":[],"amp_enabled":true,"_links":{"self":[{"href":"https:\/\/diariodigitalnea.com\/index.php\/wp-json\/wp\/v2\/posts\/16027","targetHints":{"allow":["GET"]}}],"collection":[{"href":"https:\/\/diariodigitalnea.com\/index.php\/wp-json\/wp\/v2\/posts"}],"about":[{"href":"https:\/\/diariodigitalnea.com\/index.php\/wp-json\/wp\/v2\/types\/post"}],"author":[{"embeddable":true,"href":"https:\/\/diariodigitalnea.com\/index.php\/wp-json\/wp\/v2\/users\/4"}],"replies":[{"embeddable":true,"href":"https:\/\/diariodigitalnea.com\/index.php\/wp-json\/wp\/v2\/comments?post=16027"}],"version-history":[{"count":2,"href":"https:\/\/diariodigitalnea.com\/index.php\/wp-json\/wp\/v2\/posts\/16027\/revisions"}],"predecessor-version":[{"id":16035,"href":"https:\/\/diariodigitalnea.com\/index.php\/wp-json\/wp\/v2\/posts\/16027\/revisions\/16035"}],"wp:featuredmedia":[{"embeddable":true,"href":"https:\/\/diariodigitalnea.com\/index.php\/wp-json\/wp\/v2\/media\/16029"}],"wp:attachment":[{"href":"https:\/\/diariodigitalnea.com\/index.php\/wp-json\/wp\/v2\/media?parent=16027"}],"wp:term":[{"taxonomy":"category","embeddable":true,"href":"https:\/\/diariodigitalnea.com\/index.php\/wp-json\/wp\/v2\/categories?post=16027"},{"taxonomy":"post_tag","embeddable":true,"href":"https:\/\/diariodigitalnea.com\/index.php\/wp-json\/wp\/v2\/tags?post=16027"}],"curies":[{"name":"wp","href":"https:\/\/api.w.org\/{rel}","templated":true}]}}