{"id":16014,"date":"2024-12-11T01:57:15","date_gmt":"2024-12-11T01:57:15","guid":{"rendered":"https:\/\/diariodigitalnea.com\/?p=16014"},"modified":"2024-12-11T01:57:16","modified_gmt":"2024-12-11T01:57:16","slug":"operativo-felices-fiestas-numeras-detenciones-en-la-via-publica-de-personas-con-pedido-de-captura","status":"publish","type":"post","link":"https:\/\/diariodigitalnea.com\/index.php\/2024\/12\/11\/operativo-felices-fiestas-numeras-detenciones-en-la-via-publica-de-personas-con-pedido-de-captura\/","title":{"rendered":"Operativo Felices Fiestas: numeras detenciones en la v\u00eda p\u00fablica de personas con pedido de captura"},"content":{"rendered":"\n<p>Son los datos otorgados desde la Divisi\u00f3n Antecedentes Personales. Varios de los aprehendidos son del interior provincial.<\/p>\n\n\n\n<p>Las tareas preventivas de las unidades policiales de la capital provincial tanto como del interior no cesan en las v\u00edsperas navide\u00f1as.<\/p>\n\n\n\n<p>En la jornada de hoy, las acciones de los uniformados y motoristas, se acrecentaron y centraron en las personas popularmente conocidas como \u201ccuida coches o trapitos\u201d, debido a los \u00faltimos reclamos de la ciudadan\u00eda.<\/p>\n\n\n\n<p>Ante ello, desde el Gobierno Provincial a trav\u00e9s del Ministerio de Justicia a cargo de Ministro Dr. Hugo Matkovich se especific\u00f3 el trabajo a realizar por las fuerzas del orden.<\/p>\n\n\n\n<p>Es as\u00ed, que m\u00e1s de 100 ciudadanos fueron identificados y varios de ellos contaban con pedidos de captura, por lo que fueron apresados y alojados en las comisar\u00edas jurisdiccionales.<\/p>\n\n\n\n<h2 class=\"wp-block-heading\">Tambi\u00e9n en el interior<\/h2>\n\n\n\n<p>Tres detenidos con pedidos de captura fueron atrapados por los agentes de la Polic\u00eda Caminera, uno en Tres Isletas, uno en S\u00e1enz Pe\u00f1a y otro en General San Mart\u00edn.<\/p>\n\n\n\n<p>El primero de ellos, sucedi\u00f3 a eso de las 15:15, en Ruta Nacional N\u00b0 95 al kil\u00f3metro 1175. El hombre de 32 a\u00f1os, con domicilio en San Bernardo contaba con dos pedidos de captura, uno por \u201cSupuestas Amenazas con Armas\u201d y otra por \u201cSupuesto Hurto\u201d, siendo alojado en la Comisar\u00eda Tres Isletas.<\/p>\n\n\n\n<p>El segundo sujeto de 43 a\u00f1os, fue detenido por el personal de la Divisi\u00f3n Patrulla Vial de General San Mart\u00edn a las 18:45 aproximadamente en Ruta Provincial N\u00b0 90 Acceso Sur. Era buscado por \u201cSupuesto Incumplimiento de los Deberes de Asistencia Familiar\u201d.<\/p>\n\n\n\n<figure class=\"wp-block-image size-full\"><img fetchpriority=\"high\" decoding=\"async\" width=\"720\" height=\"544\" src=\"http:\/\/diariodigitalnea.com\/wp-content\/uploads\/2024\/12\/captura2.jpg\" alt=\"\" class=\"wp-image-16016\" srcset=\"https:\/\/diariodigitalnea.com\/wp-content\/uploads\/2024\/12\/captura2.jpg 720w, https:\/\/diariodigitalnea.com\/wp-content\/uploads\/2024\/12\/captura2-300x227.jpg 300w\" sizes=\"(max-width: 720px) 100vw, 720px\" \/><\/figure>\n\n\n\n<p>El \u00faltimo de 25 a\u00f1os, lo detuvieron en la ciudad termal a las 20:50, en calle 14 y 3 centro, este no solo figuraba en el Si.Ge.Bi, sino tambi\u00e9n en el SICOF. Lo requer\u00edan por una causa de \u201cSupuesta Rebeld\u00eda\u201d y otra por \u201cSupuesto Robo\u201d, ambas a pedido de la C\u00e1mara Primera en lo Criminal de Roque S\u00e1enz Pe\u00f1a.<\/p>\n","protected":false},"excerpt":{"rendered":"<p>Son los datos otorgados desde la Divisi\u00f3n Antecedentes Personales. Varios de los aprehendidos son del interior provincial. Las tareas preventivas de las unidades policiales de la capital provincial tanto como del interior no cesan en las v\u00edsperas navide\u00f1as. En la jornada de hoy, las acciones de los uniformados y motoristas, se acrecentaron y centraron en [&hellip;]<\/p>\n","protected":false},"author":3,"featured_media":16015,"comment_status":"closed","ping_status":"closed","sticky":false,"template":"","format":"standard","meta":{"om_disable_all_campaigns":false,"_monsterinsights_skip_tracking":false,"_monsterinsights_sitenote_active":false,"_monsterinsights_sitenote_note":"","_monsterinsights_sitenote_category":0,"footnotes":""},"categories":[33,52],"tags":[4561,3757,4559,4560,431],"class_list":["post-16014","post","type-post","status-publish","format-standard","has-post-thumbnail","hentry","category-chaco","category-policiales","tag-detenciones","tag-hugo-matkovich","tag-operativo-felices-fiestas","tag-pedido-de-captura","tag-policia-del-chaco"],"aioseo_notices":[],"amp_enabled":true,"_links":{"self":[{"href":"https:\/\/diariodigitalnea.com\/index.php\/wp-json\/wp\/v2\/posts\/16014","targetHints":{"allow":["GET"]}}],"collection":[{"href":"https:\/\/diariodigitalnea.com\/index.php\/wp-json\/wp\/v2\/posts"}],"about":[{"href":"https:\/\/diariodigitalnea.com\/index.php\/wp-json\/wp\/v2\/types\/post"}],"author":[{"embeddable":true,"href":"https:\/\/diariodigitalnea.com\/index.php\/wp-json\/wp\/v2\/users\/3"}],"replies":[{"embeddable":true,"href":"https:\/\/diariodigitalnea.com\/index.php\/wp-json\/wp\/v2\/comments?post=16014"}],"version-history":[{"count":1,"href":"https:\/\/diariodigitalnea.com\/index.php\/wp-json\/wp\/v2\/posts\/16014\/revisions"}],"predecessor-version":[{"id":16017,"href":"https:\/\/diariodigitalnea.com\/index.php\/wp-json\/wp\/v2\/posts\/16014\/revisions\/16017"}],"wp:featuredmedia":[{"embeddable":true,"href":"https:\/\/diariodigitalnea.com\/index.php\/wp-json\/wp\/v2\/media\/16015"}],"wp:attachment":[{"href":"https:\/\/diariodigitalnea.com\/index.php\/wp-json\/wp\/v2\/media?parent=16014"}],"wp:term":[{"taxonomy":"category","embeddable":true,"href":"https:\/\/diariodigitalnea.com\/index.php\/wp-json\/wp\/v2\/categories?post=16014"},{"taxonomy":"post_tag","embeddable":true,"href":"https:\/\/diariodigitalnea.com\/index.php\/wp-json\/wp\/v2\/tags?post=16014"}],"curies":[{"name":"wp","href":"https:\/\/api.w.org\/{rel}","templated":true}]}}