{"id":16007,"date":"2024-12-11T01:35:35","date_gmt":"2024-12-11T01:35:35","guid":{"rendered":"https:\/\/diariodigitalnea.com\/?p=16007"},"modified":"2024-12-11T01:35:36","modified_gmt":"2024-12-11T01:35:36","slug":"caso-loan-la-ultima-decision-de-uno-de-los-principales-sospechosos","status":"publish","type":"post","link":"https:\/\/diariodigitalnea.com\/index.php\/2024\/12\/11\/caso-loan-la-ultima-decision-de-uno-de-los-principales-sospechosos\/","title":{"rendered":"Caso Loan: la \u00faltima decisi\u00f3n de uno de los principales sospechosos"},"content":{"rendered":"\n<p>Antonio Ben\u00edtez, t\u00edo pol\u00edtico de Loan Pe\u00f1a y uno de los principales acusados por la desaparici\u00f3n del ni\u00f1o correntino, apel\u00f3 su procesamiento por presunta sustracci\u00f3n y ocultamiento del menor. La presentaci\u00f3n fue realizada por su abogado defensor, Ricardo Osuna, ante la jueza federal Cristina Pozzer Penzo, quien lleva adelante la causa.<\/p>\n\n\n\n<p>Osuna confirm\u00f3 que otros defensores de los imputados tambi\u00e9n solicitaron la revisi\u00f3n del fallo. El pasado 4 de diciembre, la Justicia de Goya hab\u00eda procesado a los siete detenidos en el caso a pedido de los fiscales y dispuso que contin\u00faen en prisi\u00f3n preventiva.<\/p>\n\n\n\n<p>Seg\u00fan la Resoluci\u00f3n N\u00b0 661\/2024, los acusados son Antonio Ben\u00edtez, Daniel \u00abFierrito\u00bb Ram\u00edrez, M\u00f3nica Millapi, Laudelina Pe\u00f1a, Mar\u00eda Victoria Caillava, Carlos P\u00e9rez y Walter Maciel.<\/p>\n\n\n\n<h2 class=\"wp-block-heading\">Caso Loan: procesaron a los siete detenidos<\/h2>\n\n\n\n<p>La jueza Cristina Elizabeth Pozzer Penzo proces\u00f3 d\u00edas atr\u00e1s a los siete detenidos vinculados al caso Loan, un hecho que sigue generando repercusiones en el \u00e1mbito judicial.<\/p>\n\n\n\n<figure class=\"wp-block-image size-full\"><img fetchpriority=\"high\" decoding=\"async\" width=\"534\" height=\"300\" src=\"http:\/\/diariodigitalnea.com\/wp-content\/uploads\/2024\/12\/loan.jpg\" alt=\"\" class=\"wp-image-16008\" srcset=\"https:\/\/diariodigitalnea.com\/wp-content\/uploads\/2024\/12\/loan.jpg 534w, https:\/\/diariodigitalnea.com\/wp-content\/uploads\/2024\/12\/loan-300x169.jpg 300w\" sizes=\"(max-width: 534px) 100vw, 534px\" \/><\/figure>\n\n\n\n<p>Seg\u00fan inform\u00f3 el periodista de A24 Bobby Menna, adem\u00e1s de la prisi\u00f3n preventiva para los implicados, la magistrada orden\u00f3 embargos econ\u00f3micos cuyos montos var\u00edan en funci\u00f3n de las capacidades econ\u00f3micas de cada uno.<\/p>\n\n\n\n<p>La \u00fanica excepci\u00f3n en la modalidad de detenci\u00f3n es M\u00f3nica Millapi, quien cumplir\u00e1 prisi\u00f3n domiciliaria debido a circunstancias familiares que la jueza consider\u00f3 atenuantes en su situaci\u00f3n.<\/p>\n\n\n\n<p>Por su parte, la fiscal\u00eda mantiene activa la investigaci\u00f3n y buscar\u00e1 avanzar en la indagatoria de nuevas personas que podr\u00edan estar relacionadas con el caso. Seg\u00fan fuentes cercanas al proceso, no se descartan nuevas imputaciones en los pr\u00f3ximos d\u00edas.<\/p>\n","protected":false},"excerpt":{"rendered":"<p>Antonio Ben\u00edtez, t\u00edo pol\u00edtico de Loan Pe\u00f1a y uno de los principales acusados por la desaparici\u00f3n del ni\u00f1o correntino, apel\u00f3 su procesamiento por presunta sustracci\u00f3n y ocultamiento del menor. La presentaci\u00f3n fue realizada por su abogado defensor, Ricardo Osuna, ante la jueza federal Cristina Pozzer Penzo, quien lleva adelante la causa. Osuna confirm\u00f3 que otros [&hellip;]<\/p>\n","protected":false},"author":3,"featured_media":16009,"comment_status":"closed","ping_status":"closed","sticky":false,"template":"","format":"standard","meta":{"om_disable_all_campaigns":false,"_monsterinsights_skip_tracking":false,"_monsterinsights_sitenote_active":false,"_monsterinsights_sitenote_note":"","_monsterinsights_sitenote_category":0,"footnotes":""},"categories":[34,52],"tags":[4310,393,4556,741,4557,4555],"class_list":["post-16007","post","type-post","status-publish","format-standard","has-post-thumbnail","hentry","category-corrientes","category-policiales","tag-caso-loan","tag-detenidos","tag-jueza-federal-cristina-pozzer-penzo","tag-justicia-federal","tag-secuestro-de-menor","tag-sospechosos"],"aioseo_notices":[],"amp_enabled":true,"_links":{"self":[{"href":"https:\/\/diariodigitalnea.com\/index.php\/wp-json\/wp\/v2\/posts\/16007","targetHints":{"allow":["GET"]}}],"collection":[{"href":"https:\/\/diariodigitalnea.com\/index.php\/wp-json\/wp\/v2\/posts"}],"about":[{"href":"https:\/\/diariodigitalnea.com\/index.php\/wp-json\/wp\/v2\/types\/post"}],"author":[{"embeddable":true,"href":"https:\/\/diariodigitalnea.com\/index.php\/wp-json\/wp\/v2\/users\/3"}],"replies":[{"embeddable":true,"href":"https:\/\/diariodigitalnea.com\/index.php\/wp-json\/wp\/v2\/comments?post=16007"}],"version-history":[{"count":1,"href":"https:\/\/diariodigitalnea.com\/index.php\/wp-json\/wp\/v2\/posts\/16007\/revisions"}],"predecessor-version":[{"id":16010,"href":"https:\/\/diariodigitalnea.com\/index.php\/wp-json\/wp\/v2\/posts\/16007\/revisions\/16010"}],"wp:featuredmedia":[{"embeddable":true,"href":"https:\/\/diariodigitalnea.com\/index.php\/wp-json\/wp\/v2\/media\/16009"}],"wp:attachment":[{"href":"https:\/\/diariodigitalnea.com\/index.php\/wp-json\/wp\/v2\/media?parent=16007"}],"wp:term":[{"taxonomy":"category","embeddable":true,"href":"https:\/\/diariodigitalnea.com\/index.php\/wp-json\/wp\/v2\/categories?post=16007"},{"taxonomy":"post_tag","embeddable":true,"href":"https:\/\/diariodigitalnea.com\/index.php\/wp-json\/wp\/v2\/tags?post=16007"}],"curies":[{"name":"wp","href":"https:\/\/api.w.org\/{rel}","templated":true}]}}