{"id":15884,"date":"2024-11-28T16:03:41","date_gmt":"2024-11-28T16:03:41","guid":{"rendered":"https:\/\/diariodigitalnea.com\/?p=15884"},"modified":"2024-11-28T16:03:42","modified_gmt":"2024-11-28T16:03:42","slug":"que-creen-los-fiscales-que-paso-con-loan-danilo-pena","status":"publish","type":"post","link":"https:\/\/diariodigitalnea.com\/index.php\/2024\/11\/28\/que-creen-los-fiscales-que-paso-con-loan-danilo-pena\/","title":{"rendered":"Qu\u00e9 creen los fiscales que pas\u00f3 con Loan Danilo Pe\u00f1a"},"content":{"rendered":"\n<p>Los investigadores pidieron a la jueza Cristina Pozzer Penzo que se procese a los detenidos luego de meses sin resolver sus situaciones en la causa.<\/p>\n\n\n\n<p>Ayer por la tarde, los fiscales Mariano Enrique de Guzm\u00e1n, Alejandra Mangano y Marcelo Colombo -estos dos \u00faltimos cabezas de la PROTEX- pidieron a la jueza federal Cristina Pozzer Penzo que procese de una vez por todas a los acusados de la sustracci\u00f3n y ocultamiento de Loan Danilo Pe\u00f1a.<\/p>\n\n\n\n<p>El pedido fue realizado para que, finalmente, Pozzer Penzo resuelva las situaciones procesales de los acusados, que contin\u00faan detenidos en diversas c\u00e1rceles federales meses despu\u00e9s de sus indagatorias, para que la causa vuelva a tomar impulso y los ocho detenidos, tal vez, rompan cinco meses m\u00e1s tarde el c\u00edrculo de silencio y digan qu\u00e9 pas\u00f3 y por qu\u00e9.<\/p>\n\n\n\n<p>La magistrada podr\u00e1 tomarse su tiempo para decidir. B\u00e1sicamente, no hay plazo para ello, con Loan desaparecido desde el 13 de junio de este a\u00f1o, en un expediente donde se aplicaron todos los recursos periciales y policiales del Estado, donde detectives de elite de la PFA rompieron hasta las piedras del cementerio de la localidad correntina de 9 de Julio. A Loan lo buscaron hasta en las tumbas. Hubo drones, buzos, baqueanos a caballo, abogados querellantes, pol\u00edticos, recompensas millonarias ofrecidas por el Gobierno o por particulares, horas y horas de conversaciones analizadas, triangulaciones de llamadas, una de las mayores tareas investigativas de la historia reciente.<\/p>\n\n\n\n<p>Loan Danilo Pe\u00f1a, el chico que un mediod\u00eda almorzaba con su abuela, su familia y sus amigos y de repente ya no estuvo es un misterio argentino en stand by.<\/p>\n\n\n\n<p>Antonio Ben\u00edtez, Laudelina Pe\u00f1a, Daniel \u201cFierrito\u201d Ram\u00edrez, M\u00f3nica Millapi, Mar\u00eda Victoria Caillava y Carlos Guido P\u00e9rez, acusados del delito de sustracci\u00f3n y ocultamiento, junto al comisario Walter Maciel, acusado de encubrimiento, siguen sin decir nada que lleve al chico o a su cad\u00e1ver. Con el an\u00e1lisis de los horarios, la geolocalizaci\u00f3n de los tel\u00e9fonos, los fiscales consideran que la l\u00ednea general de sus versiones -la ya cl\u00e1sica \u201cme di vuelta y ya no estaba\u201d- no son cre\u00edbles.<\/p>\n\n\n\n<figure class=\"wp-block-image size-full\"><img fetchpriority=\"high\" decoding=\"async\" width=\"767\" height=\"429\" src=\"http:\/\/diariodigitalnea.com\/wp-content\/uploads\/2024\/11\/loan888.jpg\" alt=\"\" class=\"wp-image-15886\" srcset=\"https:\/\/diariodigitalnea.com\/wp-content\/uploads\/2024\/11\/loan888.jpg 767w, https:\/\/diariodigitalnea.com\/wp-content\/uploads\/2024\/11\/loan888-300x168.jpg 300w\" sizes=\"(max-width: 767px) 100vw, 767px\" \/><\/figure>\n\n\n\n<p>\u00bfQu\u00e9 pas\u00f3, entonces? \u00bfLo mataron a prop\u00f3sito? \u00bfO fue un accidente? Para los fiscales, seg\u00fan confirman altas fuentes del expediente a Infobae, dado el elaborad\u00edsimo nivel de encubrimiento con el que se encontraron, es mucho m\u00e1s probable lo primero que lo segundo, mucho m\u00e1s probable un asesinato. Entonces, en el grado de encubrimiento hay una posible respuesta. Guzm\u00e1n. Mangano y Colombo creen que si hubiese sido algo totalmente accidental, los acusados no habr\u00edan adoptado una postura tan activa para tapar lo que pas\u00f3, como si se callaran deliberadamente aprovechando la falta de informaci\u00f3n de la Justicia.<\/p>\n\n\n\n<h2 class=\"wp-block-heading\">El pedido de procesamiento de los fiscales dice:<\/h2>\n\n\n\n<p>\u201cLoan es v\u00edctima de un suceso entre las 13:52 y las 14:25. En este escenario, se registraron dos llamadas sumamente sospechosas:<\/p>\n\n\n\n<p>\u201c- A las 14:09 horas. Daniel Ram\u00edrez, encontr\u00e1ndose en el naranjal, llama a su hermana Mabel Ram\u00edrez, y conversan durante m\u00e1s de ocho minutos\u201d<\/p>\n\n\n\n<p>\u201c- Inmediatamente despu\u00e9s de las 14:24 horas. Antonio Ben\u00edtez llama a Laudelina Pe\u00f1a y hablan por m\u00e1s de nueve minutos. Es importante destacar aqu\u00ed que al momento de recibir esa comunicaci\u00f3n, y a partir de la reconstrucci\u00f3n de los testimonios, Laudelina estaba con Caillava, aislada del resto de los comensales que quedaron en la casa de Catalina.\u201d<\/p>\n\n\n\n<h2 class=\"wp-block-heading\">El calor de los llamados subi\u00f3 de inmediato:<\/h2>\n\n\n\n<p>Un gr\u00e1fico obtenido del an\u00e1lisis de sectorizaci\u00f3n elaborado por la DAJUDECO, que ilustra esta nota y es parte de la causa, demuestra la actividad de los celulares del marino P\u00e9rez y Victoria Caillava en el rango horario abarcado entre las 14:50 y las 15:35 horas, con once llamadas distintas.<\/p>\n\n\n\n<p>Caillava, precisamente, llama a la Polic\u00eda de Corrientes a las 15:37, tras la \u00faltima charla con su marido. Las pericias de la Polic\u00eda Federal a las manchas rojizas en la Ford Ranger de P\u00e9rez fueron inconclusivas: no pudieron confirmar que fuesen de la sangre de Loan, tampoco lo descartaron.<\/p>\n\n\n\n<p>La Polic\u00eda de Corrientes, ins\u00f3litamente, lleg\u00f3 cerca de las 18 de aquel 13 de junio. Y as\u00ed comenz\u00f3 todo. De cien testigos que declararon, ninguno habl\u00f3 de un rastro de Loan: solo Laudelina, acusada de plantar el bot\u00edn de Loan en el barro, mientras le dejaban agua en el campo al chico supuestamente perdido.<\/p>\n\n\n\n<h2 class=\"wp-block-heading\">Antonio Ben\u00edtez, marido de Laudelina, es otro fuertemente complicado:<\/h2>\n\n\n\n<p>\u201cBen\u00edtez fue la \u00faltima persona adulta que estuvo con el ni\u00f1o, que exhibi\u00f3 contradicciones cuando se refiri\u00f3 a los momentos en que habr\u00eda dejado de verlo, en un caso cuando le pas\u00f3 una naranja pelada y en otro mientras estaba con los sobrinos de Ram\u00edrez y Millapi, como as\u00ed tambi\u00e9n inconsistencias respecto al motivo de la duraci\u00f3n de la primera llamada que mantuvo con Laudelina, con posterioridad a la desaparici\u00f3n del menor de edad\u201d, razonaron los fiscales<\/p>\n\n\n\n<p>\u201cFue tambi\u00e9n Ben\u00edtez quien, al poco tiempo del suceso, se retir\u00f3 de las inmediaciones del naranjal y regres\u00f3 a la casa de Catalina alrededor de las 18.00 horas, sin remera puesta y visiblemente agitado o acalorado\u201d, siguieron. La remera que vest\u00eda en el almuerzo de la abuela Catalina nunca se encontr\u00f3, tampoco el cuchillo para pelar naranjas.<\/p>\n","protected":false},"excerpt":{"rendered":"<p>Los investigadores pidieron a la jueza Cristina Pozzer Penzo que se procese a los detenidos luego de meses sin resolver sus situaciones en la causa. Ayer por la tarde, los fiscales Mariano Enrique de Guzm\u00e1n, Alejandra Mangano y Marcelo Colombo -estos dos \u00faltimos cabezas de la PROTEX- pidieron a la jueza federal Cristina Pozzer Penzo [&hellip;]<\/p>\n","protected":false},"author":3,"featured_media":15885,"comment_status":"closed","ping_status":"closed","sticky":false,"template":"","format":"standard","meta":{"om_disable_all_campaigns":false,"_monsterinsights_skip_tracking":false,"_monsterinsights_sitenote_active":false,"_monsterinsights_sitenote_note":"","_monsterinsights_sitenote_category":0,"footnotes":""},"categories":[34,52],"tags":[3408,4310,1076,741],"class_list":["post-15884","post","type-post","status-publish","format-standard","has-post-thumbnail","hentry","category-corrientes","category-policiales","tag-busqueda-de-persona","tag-caso-loan","tag-goya","tag-justicia-federal"],"aioseo_notices":[],"amp_enabled":true,"_links":{"self":[{"href":"https:\/\/diariodigitalnea.com\/index.php\/wp-json\/wp\/v2\/posts\/15884","targetHints":{"allow":["GET"]}}],"collection":[{"href":"https:\/\/diariodigitalnea.com\/index.php\/wp-json\/wp\/v2\/posts"}],"about":[{"href":"https:\/\/diariodigitalnea.com\/index.php\/wp-json\/wp\/v2\/types\/post"}],"author":[{"embeddable":true,"href":"https:\/\/diariodigitalnea.com\/index.php\/wp-json\/wp\/v2\/users\/3"}],"replies":[{"embeddable":true,"href":"https:\/\/diariodigitalnea.com\/index.php\/wp-json\/wp\/v2\/comments?post=15884"}],"version-history":[{"count":1,"href":"https:\/\/diariodigitalnea.com\/index.php\/wp-json\/wp\/v2\/posts\/15884\/revisions"}],"predecessor-version":[{"id":15887,"href":"https:\/\/diariodigitalnea.com\/index.php\/wp-json\/wp\/v2\/posts\/15884\/revisions\/15887"}],"wp:featuredmedia":[{"embeddable":true,"href":"https:\/\/diariodigitalnea.com\/index.php\/wp-json\/wp\/v2\/media\/15885"}],"wp:attachment":[{"href":"https:\/\/diariodigitalnea.com\/index.php\/wp-json\/wp\/v2\/media?parent=15884"}],"wp:term":[{"taxonomy":"category","embeddable":true,"href":"https:\/\/diariodigitalnea.com\/index.php\/wp-json\/wp\/v2\/categories?post=15884"},{"taxonomy":"post_tag","embeddable":true,"href":"https:\/\/diariodigitalnea.com\/index.php\/wp-json\/wp\/v2\/tags?post=15884"}],"curies":[{"name":"wp","href":"https:\/\/api.w.org\/{rel}","templated":true}]}}