{"id":15875,"date":"2024-11-27T16:26:19","date_gmt":"2024-11-27T16:26:19","guid":{"rendered":"https:\/\/diariodigitalnea.com\/?p=15875"},"modified":"2024-11-27T16:26:20","modified_gmt":"2024-11-27T16:26:20","slug":"los-presos-no-podran-mudarse-de-carcel-por-un-cambio-de-identidad-de-genero","status":"publish","type":"post","link":"https:\/\/diariodigitalnea.com\/index.php\/2024\/11\/27\/los-presos-no-podran-mudarse-de-carcel-por-un-cambio-de-identidad-de-genero\/","title":{"rendered":"Los presos no podr\u00e1n mudarse de c\u00e1rcel por un cambio de identidad de g\u00e9nero"},"content":{"rendered":"\n<p>El presidente Javier Milei anunci\u00f3 que prohibir\u00e1 el traslado de presos por cuestiones de g\u00e9nero, luego de que se diera a conocer que el l\u00edder de la banda Los Monos, Guillermo Cantero, hab\u00eda presentado 10 h\u00e1beas corpus en los que dec\u00eda autopercibirse mujer.<\/p>\n\n\n\n<p>\u00abS\u00f3lo en un pa\u00eds cuyos valores han sido trastocados puede darse semejante barbaridad. Vamos a prohibirlo, los delincuentes no van a poder solicitar un cambio de penal bajo el paraguas de la ley de igualdad de g\u00e9nero\u00bb, asever\u00f3 Milei al encabezar la ceremonia de Entrega de Sables por la tarde en la Casa Rosada.<\/p>\n\n\n\n<p>El mandatario se\u00f1al\u00f3 que los establecimientos penitenciarios que no adhieran a la medida, \u00ablo \u00fanico que estar\u00e1n haciendo es premiar la creatividad de los criminales y faltarle el respeto a las v\u00edctimas del delito\u00bb.<\/p>\n\n\n\n<p>Tambi\u00e9n manifest\u00f3 que hay casos donde los convictos argumentan autopercibirse del g\u00e9nero femenino para \u00abaprovecharse de las reclusas o para continuar con sus negociados desde condiciones m\u00e1s laxas\u00bb.<\/p>\n\n\n\n<p>El jefe de Estado sostuvo tambi\u00e9n que uno de los pilares de su administraci\u00f3n en materia de seguridad es que \u00ablos buenos son los de azul\u00bb, en referencia a los polic\u00edas, y \u00ablos malos son los delincuentes\u00bb.<\/p>\n\n\n\n<p>\u00abEl Estado tiene que proteger a las v\u00edctimas y castigar a los victimarios, no proteger a los victimarios y castigar a las v\u00edctimas\u00bb, sostuvo. Y agreg\u00f3 que \u00abdurante muchos a\u00f1os se intent\u00f3 dar vuelta a la lente con la que observamos la realidad. En medio de esta puja argumentativa rid\u00edcula, nuestras Fuerzas de Seguridad quedaron desamparadas por un Estado que se cans\u00f3 de ningunearlas\u00bb, remarc\u00f3 el Presiente.<\/p>\n\n\n\n<figure class=\"wp-block-image size-large\"><img fetchpriority=\"high\" decoding=\"async\" width=\"1024\" height=\"576\" src=\"http:\/\/diariodigitalnea.com\/wp-content\/uploads\/2024\/11\/milei-1024x576.jpg\" alt=\"\" class=\"wp-image-15877\" srcset=\"https:\/\/diariodigitalnea.com\/wp-content\/uploads\/2024\/11\/milei-1024x576.jpg 1024w, https:\/\/diariodigitalnea.com\/wp-content\/uploads\/2024\/11\/milei-300x169.jpg 300w, https:\/\/diariodigitalnea.com\/wp-content\/uploads\/2024\/11\/milei-768x432.jpg 768w, https:\/\/diariodigitalnea.com\/wp-content\/uploads\/2024\/11\/milei.jpg 1280w\" sizes=\"(max-width: 1024px) 100vw, 1024px\" \/><\/figure>\n\n\n\n<p>Seg\u00fan Milei, \u00abera tal el ninguneo que hasta se lleg\u00f3 al absurdo de liberar presos o castigar a polic\u00edas honorables por el imperdonable delito de hacer bien su trabajo. Maquillaron un abolicionismo sin escr\u00fapulos bajo el nombre de garantismo, pero lo \u00fanico que garantizaban era la perpetuidad del crimen y el vale todo\u00bb. Tambi\u00e9n dijo que se logr\u00f3 erradicar \u00abcompletamente los piquetes de nuestra sociedad, cosa que hace un a\u00f1o parec\u00eda imposible, y lo logramos, al primer mes de haber asumido\u00bb. Y sostuvo que el Gobierno est\u00e1 \u00abponiendo a trabajar a presos de todo el pa\u00eds con el objetivo de que devuelvan el da\u00f1o que le causaron a la sociedad\u00bb y para que \u00abcomprendan realmente el esfuerzo que arrebatan en cada delito que cometen&#8230; les sacamos los celulares, en todas las c\u00e1rceles nacionales: se acab\u00f3 el \u00b4Viva la Pepa\u00b4 de que sigan haciendo sus negocios desde las c\u00e1rceles federales\u00bb.<\/p>\n\n\n\n<p>Milei se refiri\u00f3 a Guillermo Cantero, condenado a 113 a\u00f1os de prisi\u00f3n. Seg\u00fan el presidente la estrategia del jefe narco rosarino busca que se le permita \u201crecibir visitas de hombres\u201d. Dijo que su gobierno viene a \u201ca girar el tim\u00f3n 180 grados, el monopolio de la fuerza y la represi\u00f3n del delito es una responsabilidad p\u00fablica e indelegable\u201d. Se\u00f1al\u00f3 que los \u201ctres pilares fundamentales\u201d en su gesti\u00f3n ser\u00e1n: \u201cEl que las hace las paga, el delito hay que castigarlo en todo momento y lugar. Dentro de la ley todo, fuera de la ley nada\u201d.<\/p>\n\n\n\n<p>Entre sus alusiones grandilocuentes, frente a los uniformados se dijo convencido de que \u201cla misi\u00f3n de este Gobierno es establecer bases que sean duraderas para restablecer la grandeza de nuestra Naci\u00f3n, en seguridad y en los dem\u00e1s \u00f3rdenes de la vida tambi\u00e9n. Porque entendemos que llegar\u00e1 el d\u00eda en el que nosotros no seamos gobierno y le tocar\u00e1 a otros continuar con nuestro legado. Las Fuerzas de Seguridad tendr\u00e1n que sostener los pilares que reivindican el rol social de las fuerzas del orden. Ustedes ser\u00e1n los verdaderos protagonistas de este cambio de paradigma\u201d. Para cerrar su demagogia de mano dura dijo que hay dos \u201cverdades inmutables\u201d: \u201cLa seguridad p\u00fablica es indispensable para el crecimiento de nuestro pa\u00eds, y son las leyes las que separan a los hombres de las bestias, y est\u00e1n para ser cumplidas\u201d.<\/p>\n\n\n\n<p>El acto de entrega de sables y despachos a las Fuerzas Armadas se realiz\u00f3 en el Sal\u00f3n Blanco de la Casa Rosada y participaron la ministra de Seguridad, Patricia Bullrich, para quien el mandatario pidi\u00f3 un aplauso; la secretaria general de la Presidencia, Karina Milei, y el vocero Manuel Adorni.<\/p>\n\n\n\n<p><\/p>\n","protected":false},"excerpt":{"rendered":"<p>El presidente Javier Milei anunci\u00f3 que prohibir\u00e1 el traslado de presos por cuestiones de g\u00e9nero, luego de que se diera a conocer que el l\u00edder de la banda Los Monos, Guillermo Cantero, hab\u00eda presentado 10 h\u00e1beas corpus en los que dec\u00eda autopercibirse mujer. \u00abS\u00f3lo en un pa\u00eds cuyos valores han sido trastocados puede darse semejante [&hellip;]<\/p>\n","protected":false},"author":3,"featured_media":15876,"comment_status":"closed","ping_status":"closed","sticky":false,"template":"","format":"standard","meta":{"om_disable_all_campaigns":false,"_monsterinsights_skip_tracking":false,"_monsterinsights_sitenote_active":false,"_monsterinsights_sitenote_note":"","_monsterinsights_sitenote_category":0,"footnotes":""},"categories":[90,52],"tags":[4550,2784,1697],"class_list":["post-15875","post","type-post","status-publish","format-standard","has-post-thumbnail","hentry","category-nacionales","category-policiales","tag-identidad-de-genero","tag-javier-milei","tag-presos"],"aioseo_notices":[],"amp_enabled":true,"_links":{"self":[{"href":"https:\/\/diariodigitalnea.com\/index.php\/wp-json\/wp\/v2\/posts\/15875","targetHints":{"allow":["GET"]}}],"collection":[{"href":"https:\/\/diariodigitalnea.com\/index.php\/wp-json\/wp\/v2\/posts"}],"about":[{"href":"https:\/\/diariodigitalnea.com\/index.php\/wp-json\/wp\/v2\/types\/post"}],"author":[{"embeddable":true,"href":"https:\/\/diariodigitalnea.com\/index.php\/wp-json\/wp\/v2\/users\/3"}],"replies":[{"embeddable":true,"href":"https:\/\/diariodigitalnea.com\/index.php\/wp-json\/wp\/v2\/comments?post=15875"}],"version-history":[{"count":1,"href":"https:\/\/diariodigitalnea.com\/index.php\/wp-json\/wp\/v2\/posts\/15875\/revisions"}],"predecessor-version":[{"id":15878,"href":"https:\/\/diariodigitalnea.com\/index.php\/wp-json\/wp\/v2\/posts\/15875\/revisions\/15878"}],"wp:featuredmedia":[{"embeddable":true,"href":"https:\/\/diariodigitalnea.com\/index.php\/wp-json\/wp\/v2\/media\/15876"}],"wp:attachment":[{"href":"https:\/\/diariodigitalnea.com\/index.php\/wp-json\/wp\/v2\/media?parent=15875"}],"wp:term":[{"taxonomy":"category","embeddable":true,"href":"https:\/\/diariodigitalnea.com\/index.php\/wp-json\/wp\/v2\/categories?post=15875"},{"taxonomy":"post_tag","embeddable":true,"href":"https:\/\/diariodigitalnea.com\/index.php\/wp-json\/wp\/v2\/tags?post=15875"}],"curies":[{"name":"wp","href":"https:\/\/api.w.org\/{rel}","templated":true}]}}