{"id":15857,"date":"2024-11-26T15:11:47","date_gmt":"2024-11-26T15:11:47","guid":{"rendered":"https:\/\/diariodigitalnea.com\/?p=15857"},"modified":"2024-11-26T15:11:48","modified_gmt":"2024-11-26T15:11:48","slug":"anses-confirmo-el-bono-de-124-000-para-auh-y-suaf","status":"publish","type":"post","link":"https:\/\/diariodigitalnea.com\/index.php\/2024\/11\/26\/anses-confirmo-el-bono-de-124-000-para-auh-y-suaf\/","title":{"rendered":"ANSES confirm\u00f3 el bono de $124.000 para AUH y SUAF"},"content":{"rendered":"\n<p><strong>La Administraci\u00f3n Nacional de Seguridad Social (ANSES)<\/strong>&nbsp;entrega un bono extraordinario destinado exclusivamente a los titulares de las Asignaciones Universales por Hijo (AUH) y el Sistema \u00danico de Asignaciones Familiares (SUAF).<\/p>\n\n\n\n<p>La Administraci\u00f3n Nacional de Seguridad Social (ANSES) entrega un bono extraordinario destinado exclusivamente a los titulares de las Asignaciones Universales por Hijo (AUH) y el Sistema \u00danico de Asignaciones Familiares (SUAF).<\/p>\n\n\n\n<p>Este beneficio, conocido como la Ayuda Escolar Anual, representa un refuerzo econ\u00f3mico clave para las familias argentinas y, debido a los ajustes inflacionarios, su monto en diciembre alcanzar\u00e1 los $127.000.<\/p>\n\n\n\n<p>Este art\u00edculo detalla c\u00f3mo acceder a este beneficio, los pasos necesarios para realizar la inscripci\u00f3n y los requisitos espec\u00edficos que deben cumplir los interesados.<\/p>\n\n\n\n<h2 class=\"wp-block-heading\">Qu\u00e9 es el bono de la ayuda escolar anual y qui\u00e9nes pueden cobrarlo<\/h2>\n\n\n\n<p>El bono extra de ANSES es un pago complementario que se otorga una vez al a\u00f1o. Est\u00e1 dirigido a los titulares de AUH y SUAF con hijos en edad escolar. El monto del beneficio var\u00eda mensualmente debido a los ajustes basados en el \u00cdndice de Precios al Consumidor (IPC), que refleja la inflaci\u00f3n de dos meses atr\u00e1s.<\/p>\n\n\n\n<p>En noviembre, el bono se estableci\u00f3 en $124.000, y se proyecta que para diciembre ascienda a $127.000, debido a un incremento del 2,7% estipulado por la nueva f\u00f3rmula de movilidad (Decreto 274\/24).<\/p>\n\n\n\n<p>El objetivo principal de esta ayuda es aliviar los gastos asociados al inicio del ciclo escolar, como la compra de \u00fatiles y materiales. ANSES especific\u00f3 que este beneficio est\u00e1 destinado a familias con menores desde los 45 d\u00edas hasta los 17 a\u00f1os, quienes deben demostrar la regularidad escolar.<\/p>\n\n\n\n<p><strong>Pasos para inscribirse y cobrar el bono extra<\/strong><\/p>\n\n\n\n<p>A continuaci\u00f3n, se detalla el proceso de inscripci\u00f3n para acceder al beneficio:<\/p>\n\n\n\n<p><strong>Ingresar a mi ANSES:<\/strong><\/p>\n\n\n\n<p>Acced\u00e9 a la plataforma desde la app Mi ANSES o a trav\u00e9s de su p\u00e1gina oficial.<br>Seleccion\u00e1 la opci\u00f3n \u00abHijos\u00bb y, dentro de esta secci\u00f3n, dirigite a \u00abPresentar un Certificado Escolar\u00bb.<\/p>\n\n\n\n<p><strong>Generar el certificado:<\/strong><\/p>\n\n\n\n<p>Eleg\u00ed la opci\u00f3n \u00abGenerar Certificado\u00bb<\/p>\n\n\n\n<p>Complet\u00e1 todos los datos requeridos en el formulario.<br>Una vez completados, hac\u00e9 clic en el bot\u00f3n para generar el certificado.<\/p>\n\n\n\n<p><strong>Imprimir el certificado:<\/strong><\/p>\n\n\n\n<p>Descarg\u00e1 e imprim\u00ed el certificado generado.<br>Llevalo al establecimiento escolar correspondiente para que un responsable lo complete y lo firme.<br>Tomale una foto al certificado completo.<\/p>\n\n\n\n<p><strong>Subirlo a Mi ANSES:<\/strong><\/p>\n\n\n\n<p>Volv\u00e9 a ingresar a la plataforma Mi ANSES.<br>En la secci\u00f3n \u00abCertificado Escolar\u00bb, seleccion\u00e1 \u00abSubir Certificado\u00bb.<br>Carg\u00e1 la foto del formulario completo y firmado desde tu dispositivo.<br>Una vez realizados estos pasos, el beneficio ser\u00e1 acreditado en un plazo de 60 d\u00edas.<\/p>\n\n\n\n<p><strong>Qu\u00e9 requisitos deben cumplir los beneficiarios<\/strong><\/p>\n\n\n\n<p>ANSES establece que los destinatarios del bono deben cumplir con los siguientes criterios:<\/p>\n\n\n\n<ul class=\"wp-block-list\">\n<li>Ser titular de AUH o SUAF.<\/li>\n\n\n\n<li>Tener hijos menores de entre 45 d\u00edas y 17 a\u00f1os.<\/li>\n\n\n\n<li>Acreditar la regularidad escolar de los menores en un establecimiento reconocido.<\/li>\n<\/ul>\n\n\n\n<p>Es importante destacar que los beneficiarios tienen tiempo hasta el 31 de diciembre de 2024 para completar la inscripci\u00f3n y recibir este refuerzo econ\u00f3mico.<\/p>\n\n\n\n<p><strong>Impacto del aumento en diciembre<\/strong><\/p>\n\n\n\n<p>El ajuste mensual del bono est\u00e1 vinculado al IPC, que mide la inflaci\u00f3n de dos meses atr\u00e1s. Para diciembre, el monto del bono llegar\u00e1 a $127.000, consolid\u00e1ndose como una ayuda significativa para las familias que m\u00e1s lo necesitan. Este incremento, aunque reflejo de la inflaci\u00f3n, garantiza que el beneficio mantenga su poder adquisitivo.<\/p>\n\n\n\n<p>Adem\u00e1s, la llegada de Javier Milei a la presidencia trajo modificaciones en las pol\u00edticas econ\u00f3micas que podr\u00edan influir en futuros ajustes y beneficios relacionados con la Ayuda Escolar Anual. Este bono se enmarca en el esfuerzo gubernamental por reducir el impacto de los costos educativos en las familias argentinas.<\/p>\n\n\n\n<p><strong>Qu\u00e9 hacer si no se realiza el tr\u00e1mite a tiempo<\/strong><\/p>\n\n\n\n<p>Para quienes no completen el tr\u00e1mite antes del plazo l\u00edmite, ANSES recuerda que el cobro del beneficio depende exclusivamente de la presentaci\u00f3n del Certificado Escolar. Sin este documento, no ser\u00e1 posible acceder al bono de la Ayuda Escolar Anual.<\/p>\n","protected":false},"excerpt":{"rendered":"<p>La Administraci\u00f3n Nacional de Seguridad Social (ANSES)&nbsp;entrega un bono extraordinario destinado exclusivamente a los titulares de las Asignaciones Universales por Hijo (AUH) y el Sistema \u00danico de Asignaciones Familiares (SUAF). La Administraci\u00f3n Nacional de Seguridad Social (ANSES) entrega un bono extraordinario destinado exclusivamente a los titulares de las Asignaciones Universales por Hijo (AUH) y el [&hellip;]<\/p>\n","protected":false},"author":3,"featured_media":15858,"comment_status":"closed","ping_status":"closed","sticky":false,"template":"","format":"standard","meta":{"om_disable_all_campaigns":false,"_monsterinsights_skip_tracking":false,"_monsterinsights_sitenote_active":false,"_monsterinsights_sitenote_note":"","_monsterinsights_sitenote_category":0,"footnotes":""},"categories":[5,90],"tags":[711,2520,3904,2312],"class_list":["post-15857","post","type-post","status-publish","format-standard","has-post-thumbnail","hentry","category-economia","category-nacionales","tag-anses","tag-asignacion-universal-por-hijo","tag-asignaciones-familiares","tag-ayuda-escolar"],"aioseo_notices":[],"amp_enabled":true,"_links":{"self":[{"href":"https:\/\/diariodigitalnea.com\/index.php\/wp-json\/wp\/v2\/posts\/15857","targetHints":{"allow":["GET"]}}],"collection":[{"href":"https:\/\/diariodigitalnea.com\/index.php\/wp-json\/wp\/v2\/posts"}],"about":[{"href":"https:\/\/diariodigitalnea.com\/index.php\/wp-json\/wp\/v2\/types\/post"}],"author":[{"embeddable":true,"href":"https:\/\/diariodigitalnea.com\/index.php\/wp-json\/wp\/v2\/users\/3"}],"replies":[{"embeddable":true,"href":"https:\/\/diariodigitalnea.com\/index.php\/wp-json\/wp\/v2\/comments?post=15857"}],"version-history":[{"count":1,"href":"https:\/\/diariodigitalnea.com\/index.php\/wp-json\/wp\/v2\/posts\/15857\/revisions"}],"predecessor-version":[{"id":15859,"href":"https:\/\/diariodigitalnea.com\/index.php\/wp-json\/wp\/v2\/posts\/15857\/revisions\/15859"}],"wp:featuredmedia":[{"embeddable":true,"href":"https:\/\/diariodigitalnea.com\/index.php\/wp-json\/wp\/v2\/media\/15858"}],"wp:attachment":[{"href":"https:\/\/diariodigitalnea.com\/index.php\/wp-json\/wp\/v2\/media?parent=15857"}],"wp:term":[{"taxonomy":"category","embeddable":true,"href":"https:\/\/diariodigitalnea.com\/index.php\/wp-json\/wp\/v2\/categories?post=15857"},{"taxonomy":"post_tag","embeddable":true,"href":"https:\/\/diariodigitalnea.com\/index.php\/wp-json\/wp\/v2\/tags?post=15857"}],"curies":[{"name":"wp","href":"https:\/\/api.w.org\/{rel}","templated":true}]}}