{"id":15651,"date":"2024-10-24T13:05:15","date_gmt":"2024-10-24T13:05:15","guid":{"rendered":"https:\/\/diariodigitalnea.com\/?p=15651"},"modified":"2024-10-24T13:05:15","modified_gmt":"2024-10-24T13:05:15","slug":"denuncian-a-norman-briski-por-apologia-del-terrorismo-tras-polemico-discurso-en-los-martin-fierro","status":"publish","type":"post","link":"https:\/\/diariodigitalnea.com\/index.php\/2024\/10\/24\/denuncian-a-norman-briski-por-apologia-del-terrorismo-tras-polemico-discurso-en-los-martin-fierro\/","title":{"rendered":"Denuncian a Norman Briski por apolog\u00eda del terrorismo tras pol\u00e9mico discurso en los Mart\u00edn Fierro"},"content":{"rendered":"\n<p>El actor enfrenta una denuncia penal por sus declaraciones sobre Gaza durante la ceremonia de premiaci\u00f3n, generando repudios y un debate nacional<\/p>\n\n\n\n<p><\/p>\n\n\n\n<p>El actor Norman Briski fue denunciado penalmente hoy en los tribunales de Comodoro Py, acusado de apolog\u00eda del terrorismo tras sus declaraciones en la entrega de los premios Mart\u00edn Fierro de Cine. Durante su discurso, Briski expres\u00f3: \u00abGaza jam\u00e1s ser\u00e1 vencido\u00bb, lo que provoc\u00f3 una fuerte reacci\u00f3n en diversos sectores.<\/p>\n\n\n\n<figure class=\"wp-block-image size-large\"><img fetchpriority=\"high\" decoding=\"async\" width=\"1024\" height=\"513\" src=\"http:\/\/diariodigitalnea.com\/wp-content\/uploads\/2023\/05\/ENCUENTRO-IG-Verde-copy-1024x513.jpg\" alt=\"PUBLICIDAD\" class=\"wp-image-8132\" srcset=\"https:\/\/diariodigitalnea.com\/wp-content\/uploads\/2023\/05\/ENCUENTRO-IG-Verde-copy-1024x513.jpg 1024w, https:\/\/diariodigitalnea.com\/wp-content\/uploads\/2023\/05\/ENCUENTRO-IG-Verde-copy-300x150.jpg 300w, https:\/\/diariodigitalnea.com\/wp-content\/uploads\/2023\/05\/ENCUENTRO-IG-Verde-copy-768x385.jpg 768w, https:\/\/diariodigitalnea.com\/wp-content\/uploads\/2023\/05\/ENCUENTRO-IG-Verde-copy-1536x769.jpg 1536w, https:\/\/diariodigitalnea.com\/wp-content\/uploads\/2023\/05\/ENCUENTRO-IG-Verde-copy-2048x1026.jpg 2048w\" sizes=\"(max-width: 1024px) 100vw, 1024px\" \/><figcaption class=\"wp-element-caption\">Publicidad: Encuentro Tienda de Bebidas, Chile 190 Local 4 \u2013 Tel: 3624386655 &#8211; Gral San Mart\u00edn<\/figcaption><\/figure>\n\n\n\n<p>La denuncia, presentada por el abogado Alejandro S\u00e1nchez Kalbermatten, recay\u00f3 en el juzgado federal a cargo del juez Sebasti\u00e1n Ramos y la fiscal\u00eda de Eduardo Taiano. Briski es acusado de instigaci\u00f3n al terrorismo, un delito penado con hasta seis a\u00f1os de prisi\u00f3n.<\/p>\n\n\n\n<p><\/p>\n\n\n\n<p>El comentario de Briski, en referencia a la situaci\u00f3n en Gaza y el conflicto con Israel, fue interpretado por el abogado como una exaltaci\u00f3n de grupos extremistas. \u00abEn su discurso, el denunciado habr\u00eda vanagloriado a extremistas que han cometido numerosos atentados, lo que constituye un acto criminal\u00bb, se\u00f1al\u00f3 S\u00e1nchez Kalbermatten en su presentaci\u00f3n judicial.<\/p>\n\n\n\n<figure class=\"wp-block-embed is-type-video is-provider-youtube wp-block-embed-youtube wp-embed-aspect-16-9 wp-has-aspect-ratio\"><div class=\"wp-block-embed__wrapper\">\n<iframe title=\"&quot;Gaza jam\u00e1s ser\u00e1 vencido&quot;: Norman Briski apoy\u00f3 a Palestina en los Martin Fierro de Cine\" width=\"1200\" height=\"675\" src=\"https:\/\/www.youtube.com\/embed\/xJmQ1I7JrdE?feature=oembed\" frameborder=\"0\" allow=\"accelerometer; autoplay; clipboard-write; encrypted-media; gyroscope; picture-in-picture; web-share\" referrerpolicy=\"strict-origin-when-cross-origin\" allowfullscreen><\/iframe>\n<\/div><\/figure>\n\n\n\n<p><strong>Reacciones y pol\u00e9mica p\u00fablica<\/strong><\/p>\n\n\n\n<p>Las palabras de Briski tambi\u00e9n generaron el repudio de organizaciones como la Delegaci\u00f3n de Asociaciones Israelitas Argentinas (DAIA), que expres\u00f3 en un comunicado: \u00abBriski pasa por alto las m\u00e1s de 1200 personas masacradas y 250 secuestradas en Israel el pasado 7 de octubre\u00bb. Figuras p\u00fablicas como Miguel Wi\u00f1azki y Jonathan Viale tambi\u00e9n criticaron las declaraciones del actor.<\/p>\n\n\n\n<p><\/p>\n\n\n\n<p>La denuncia plantea un debate sobre los l\u00edmites de la libertad de expresi\u00f3n y la apolog\u00eda de actos considerados terroristas en el contexto internacional.<\/p>\n\n\n\n<figure class=\"wp-block-image size-large\"><img decoding=\"async\" width=\"1024\" height=\"607\" src=\"http:\/\/diariodigitalnea.com\/wp-content\/uploads\/2023\/11\/DDN-FOTO-PC-Y-CEL-1024x607.jpg\" alt=\"publicidad\" class=\"wp-image-11794\" srcset=\"https:\/\/diariodigitalnea.com\/wp-content\/uploads\/2023\/11\/DDN-FOTO-PC-Y-CEL-1024x607.jpg 1024w, https:\/\/diariodigitalnea.com\/wp-content\/uploads\/2023\/11\/DDN-FOTO-PC-Y-CEL-300x178.jpg 300w, https:\/\/diariodigitalnea.com\/wp-content\/uploads\/2023\/11\/DDN-FOTO-PC-Y-CEL-768x455.jpg 768w, https:\/\/diariodigitalnea.com\/wp-content\/uploads\/2023\/11\/DDN-FOTO-PC-Y-CEL-1536x910.jpg 1536w, https:\/\/diariodigitalnea.com\/wp-content\/uploads\/2023\/11\/DDN-FOTO-PC-Y-CEL.jpg 2000w\" sizes=\"(max-width: 1024px) 100vw, 1024px\" \/><figcaption class=\"wp-element-caption\">Diario Digital Nea. Noticias de la regi\u00f3n y el mundo. <\/figcaption><\/figure>\n\n\n\n<p><\/p>\n","protected":false},"excerpt":{"rendered":"<p>El actor enfrenta una denuncia penal por sus declaraciones sobre Gaza durante la ceremonia de premiaci\u00f3n, generando repudios y un debate nacional El actor Norman Briski fue denunciado penalmente hoy en los tribunales de Comodoro Py, acusado de apolog\u00eda del terrorismo tras sus declaraciones en la entrega de los premios Mart\u00edn Fierro de Cine. Durante [&hellip;]<\/p>\n","protected":false},"author":4,"featured_media":15652,"comment_status":"closed","ping_status":"closed","sticky":false,"template":"","format":"standard","meta":{"om_disable_all_campaigns":false,"_monsterinsights_skip_tracking":false,"_monsterinsights_sitenote_active":false,"_monsterinsights_sitenote_note":"","_monsterinsights_sitenote_category":0,"footnotes":""},"categories":[7,90],"tags":[],"class_list":["post-15651","post","type-post","status-publish","format-standard","has-post-thumbnail","hentry","category-espectaculos","category-nacionales"],"aioseo_notices":[],"amp_enabled":true,"_links":{"self":[{"href":"https:\/\/diariodigitalnea.com\/index.php\/wp-json\/wp\/v2\/posts\/15651","targetHints":{"allow":["GET"]}}],"collection":[{"href":"https:\/\/diariodigitalnea.com\/index.php\/wp-json\/wp\/v2\/posts"}],"about":[{"href":"https:\/\/diariodigitalnea.com\/index.php\/wp-json\/wp\/v2\/types\/post"}],"author":[{"embeddable":true,"href":"https:\/\/diariodigitalnea.com\/index.php\/wp-json\/wp\/v2\/users\/4"}],"replies":[{"embeddable":true,"href":"https:\/\/diariodigitalnea.com\/index.php\/wp-json\/wp\/v2\/comments?post=15651"}],"version-history":[{"count":1,"href":"https:\/\/diariodigitalnea.com\/index.php\/wp-json\/wp\/v2\/posts\/15651\/revisions"}],"predecessor-version":[{"id":15653,"href":"https:\/\/diariodigitalnea.com\/index.php\/wp-json\/wp\/v2\/posts\/15651\/revisions\/15653"}],"wp:featuredmedia":[{"embeddable":true,"href":"https:\/\/diariodigitalnea.com\/index.php\/wp-json\/wp\/v2\/media\/15652"}],"wp:attachment":[{"href":"https:\/\/diariodigitalnea.com\/index.php\/wp-json\/wp\/v2\/media?parent=15651"}],"wp:term":[{"taxonomy":"category","embeddable":true,"href":"https:\/\/diariodigitalnea.com\/index.php\/wp-json\/wp\/v2\/categories?post=15651"},{"taxonomy":"post_tag","embeddable":true,"href":"https:\/\/diariodigitalnea.com\/index.php\/wp-json\/wp\/v2\/tags?post=15651"}],"curies":[{"name":"wp","href":"https:\/\/api.w.org\/{rel}","templated":true}]}}