{"id":15577,"date":"2024-10-18T12:22:36","date_gmt":"2024-10-18T12:22:36","guid":{"rendered":"https:\/\/diariodigitalnea.com\/?p=15577"},"modified":"2024-10-18T12:22:36","modified_gmt":"2024-10-18T12:22:36","slug":"tomaron-de-forma-simbolica-un-campus-de-la-unne-sin-cese-de-actividades","status":"publish","type":"post","link":"https:\/\/diariodigitalnea.com\/index.php\/2024\/10\/18\/tomaron-de-forma-simbolica-un-campus-de-la-unne-sin-cese-de-actividades\/","title":{"rendered":"Tomaron de forma \u00absimb\u00f3lica\u00bb un campus de la Unne sin cese de actividades"},"content":{"rendered":"\n<p>La media fue tomada por estudiantes autoconvocados, agrupados, docentes y no docentes.<\/p>\n\n\n\n<p><\/p>\n\n\n\n<p>La Asamblea de la Universidad Nacional del Nordeste (Unne) informaron este viernes que estudiantes auto convocados, agrupados, docentes y no docentes realizan una toma simb\u00f3lica sin cese de actividades por 24 en el Campus de Resistencia.<\/p>\n\n\n\n<figure class=\"wp-block-image size-large\"><img fetchpriority=\"high\" decoding=\"async\" width=\"1024\" height=\"513\" src=\"http:\/\/diariodigitalnea.com\/wp-content\/uploads\/2023\/05\/ENCUENTRO-IG-Verde-copy-1024x513.jpg\" alt=\"PUBLICIDAD\" class=\"wp-image-8132\" srcset=\"https:\/\/diariodigitalnea.com\/wp-content\/uploads\/2023\/05\/ENCUENTRO-IG-Verde-copy-1024x513.jpg 1024w, https:\/\/diariodigitalnea.com\/wp-content\/uploads\/2023\/05\/ENCUENTRO-IG-Verde-copy-300x150.jpg 300w, https:\/\/diariodigitalnea.com\/wp-content\/uploads\/2023\/05\/ENCUENTRO-IG-Verde-copy-768x385.jpg 768w, https:\/\/diariodigitalnea.com\/wp-content\/uploads\/2023\/05\/ENCUENTRO-IG-Verde-copy-1536x769.jpg 1536w, https:\/\/diariodigitalnea.com\/wp-content\/uploads\/2023\/05\/ENCUENTRO-IG-Verde-copy-2048x1026.jpg 2048w\" sizes=\"(max-width: 1024px) 100vw, 1024px\" \/><figcaption class=\"wp-element-caption\">Publicidad: Encuentro Tienda de Bebidas, Chile 190 Local 4 \u2013 Tel: 3624386655 &#8211; Gral San Mart\u00edn<\/figcaption><\/figure>\n\n\n\n<p>La misma cuenta con un cronograma de clases p\u00fablicas, las cuales est\u00e1n en la grilla ya publicadas, conversatorios, intervenciones con carteles, detallaron.<\/p>\n\n\n\n<p><\/p>\n\n\n\n<p>Adem\u00e1s expresaron que esta toma simb\u00f3lica se da en el marco de la defensa de la educaci\u00f3n p\u00fablica y en contra del desfinanciamiento planteado por el Gobierno nacional.<\/p>\n\n\n\n<figure class=\"wp-block-image size-large\"><img decoding=\"async\" width=\"1024\" height=\"618\" src=\"https:\/\/diariodigitalnea.com\/wp-content\/uploads\/2024\/10\/unne2-1024x618.jpg\" alt=\"\" class=\"wp-image-15579\" srcset=\"https:\/\/diariodigitalnea.com\/wp-content\/uploads\/2024\/10\/unne2-1024x618.jpg 1024w, https:\/\/diariodigitalnea.com\/wp-content\/uploads\/2024\/10\/unne2-300x181.jpg 300w, https:\/\/diariodigitalnea.com\/wp-content\/uploads\/2024\/10\/unne2-768x463.jpg 768w, https:\/\/diariodigitalnea.com\/wp-content\/uploads\/2024\/10\/unne2.jpg 1386w\" sizes=\"(max-width: 1024px) 100vw, 1024px\" \/><\/figure>\n\n\n\n<p>Por \u00faltimo, el campus de Resistencia tendr\u00e1 los accesos veh\u00edculares de avenida Las Heras cerrados, no as\u00ed los peatonales.<\/p>\n\n\n\n<figure class=\"wp-block-image size-large\"><img decoding=\"async\" width=\"1024\" height=\"513\" src=\"http:\/\/diariodigitalnea.com\/wp-content\/uploads\/2024\/04\/publi-GEMA-1024x513.jpg\" alt=\"publicidad\" class=\"wp-image-13586\" srcset=\"https:\/\/diariodigitalnea.com\/wp-content\/uploads\/2024\/04\/publi-GEMA-1024x513.jpg 1024w, https:\/\/diariodigitalnea.com\/wp-content\/uploads\/2024\/04\/publi-GEMA-300x150.jpg 300w, https:\/\/diariodigitalnea.com\/wp-content\/uploads\/2024\/04\/publi-GEMA-768x385.jpg 768w, https:\/\/diariodigitalnea.com\/wp-content\/uploads\/2024\/04\/publi-GEMA-1536x769.jpg 1536w, https:\/\/diariodigitalnea.com\/wp-content\/uploads\/2024\/04\/publi-GEMA.jpg 1977w\" sizes=\"(max-width: 1024px) 100vw, 1024px\" \/><figcaption class=\"wp-element-caption\">Publicidad: Gema Oufit @gemahoufit Rcia \u2013 Contacto: 3624391672<\/figcaption><\/figure>\n\n\n\n<p><strong>SE AGUDIZA EL CONFLICTO<\/strong><\/p>\n\n\n\n<p>El conflicto estudiantil se recrudece ante el sostenimiento del veto presidencial a la ley de financiamiento universitario. En la Universidad de Buenos Aires, ya son ocho las facultades que tomaron medidas de fuerza.<\/p>\n\n\n\n<figure class=\"wp-block-image size-large\"><img loading=\"lazy\" decoding=\"async\" width=\"1024\" height=\"652\" src=\"https:\/\/diariodigitalnea.com\/wp-content\/uploads\/2024\/10\/unne4-1024x652.jpg\" alt=\"\" class=\"wp-image-15580\" srcset=\"https:\/\/diariodigitalnea.com\/wp-content\/uploads\/2024\/10\/unne4-1024x652.jpg 1024w, https:\/\/diariodigitalnea.com\/wp-content\/uploads\/2024\/10\/unne4-300x191.jpg 300w, https:\/\/diariodigitalnea.com\/wp-content\/uploads\/2024\/10\/unne4-768x489.jpg 768w, https:\/\/diariodigitalnea.com\/wp-content\/uploads\/2024\/10\/unne4.jpg 1178w\" sizes=\"(max-width: 1024px) 100vw, 1024px\" \/><\/figure>\n\n\n\n<p>Las medidas abarcan a la Universidad Nacional de Buenos Aires (UBA); de La Plata (UNLP); de C\u00f3rdoba (UNC), San Luis (UNSL), de Tucum\u00e1n (UNT), de Mar del Plata (UNMdP), del Comahue (UNComa), Salta (UNS), San Juan (UNSJ), y a las del conurbano bonaerense como Luj\u00e1n (UNLu), General Sarmiento (UNGS), Avellaneda (Undav), Jos\u00e9 C. Paz (Unpaz) y amenazan con seguir extendi\u00e9ndose.<\/p>\n\n\n\n<p><\/p>\n\n\n\n<p>En la UBA el reclamo alcanz\u00f3, incluso, a aquellas facultades que hist\u00f3ricamente ten\u00edan un posicionamiento menos conflictivo. En las \u00faltimas horas, los estudiantes tomaron la sede de Derecho, una medida hist\u00f3rica para la instituci\u00f3n.<\/p>\n\n\n\n<figure class=\"wp-block-image size-large\"><img loading=\"lazy\" decoding=\"async\" width=\"1024\" height=\"446\" src=\"http:\/\/diariodigitalnea.com\/wp-content\/uploads\/2023\/05\/CONSTRUCAL-CON-FABRICA-2-1024x446.jpg\" alt=\"publicidad Construcal 2\" class=\"wp-image-8211\" srcset=\"https:\/\/diariodigitalnea.com\/wp-content\/uploads\/2023\/05\/CONSTRUCAL-CON-FABRICA-2-1024x446.jpg 1024w, https:\/\/diariodigitalnea.com\/wp-content\/uploads\/2023\/05\/CONSTRUCAL-CON-FABRICA-2-300x131.jpg 300w, https:\/\/diariodigitalnea.com\/wp-content\/uploads\/2023\/05\/CONSTRUCAL-CON-FABRICA-2-768x334.jpg 768w, https:\/\/diariodigitalnea.com\/wp-content\/uploads\/2023\/05\/CONSTRUCAL-CON-FABRICA-2-1536x669.jpg 1536w, https:\/\/diariodigitalnea.com\/wp-content\/uploads\/2023\/05\/CONSTRUCAL-CON-FABRICA-2-2048x892.jpg 2048w\" sizes=\"(max-width: 1024px) 100vw, 1024px\" \/><figcaption class=\"wp-element-caption\">Publicidad: ConstruCal Cales hidratas y vivas para uso vial y construcci\u00f3n TEL: 3624602737\n<\/figcaption><\/figure>\n\n\n\n<p>Estudiantes y docentes reclaman contra la decisi\u00f3n de Milei de vetar la ley de financiamiento universitario y exigen que se ampl\u00eden las partidas previstas para las universidades. En esta l\u00ednea, los docentes universitarios convocaron a un nuevo paro para este jueves 17 de octubre para enfatizar su reclamo salarial.<\/p>\n\n\n\n<p><\/p>\n\n\n\n<p>\u00abEl Frente Sindical ha resuelto la profundizaci\u00f3n del plan de lucha con un horizonte de disputa con el gobierno nacional que nos ha privado de la herramienta de la Ley de Financiamiento Universitario\u00bb, afirmaron en un comunicado desde el Frente Sindical de Universidades Nacionales.<\/p>\n\n\n\n<figure class=\"wp-block-image size-large\"><img loading=\"lazy\" decoding=\"async\" width=\"1024\" height=\"607\" src=\"http:\/\/diariodigitalnea.com\/wp-content\/uploads\/2023\/11\/DDN-FOTO-PC-Y-CEL-1024x607.jpg\" alt=\"publicidad\" class=\"wp-image-11794\" srcset=\"https:\/\/diariodigitalnea.com\/wp-content\/uploads\/2023\/11\/DDN-FOTO-PC-Y-CEL-1024x607.jpg 1024w, https:\/\/diariodigitalnea.com\/wp-content\/uploads\/2023\/11\/DDN-FOTO-PC-Y-CEL-300x178.jpg 300w, https:\/\/diariodigitalnea.com\/wp-content\/uploads\/2023\/11\/DDN-FOTO-PC-Y-CEL-768x455.jpg 768w, https:\/\/diariodigitalnea.com\/wp-content\/uploads\/2023\/11\/DDN-FOTO-PC-Y-CEL-1536x910.jpg 1536w, https:\/\/diariodigitalnea.com\/wp-content\/uploads\/2023\/11\/DDN-FOTO-PC-Y-CEL.jpg 2000w\" sizes=\"(max-width: 1024px) 100vw, 1024px\" \/><figcaption class=\"wp-element-caption\">Diario Digital Nea. Noticias de la regi\u00f3n y el mundo. <\/figcaption><\/figure>\n","protected":false},"excerpt":{"rendered":"<p>La media fue tomada por estudiantes autoconvocados, agrupados, docentes y no docentes. La Asamblea de la Universidad Nacional del Nordeste (Unne) informaron este viernes que estudiantes auto convocados, agrupados, docentes y no docentes realizan una toma simb\u00f3lica sin cese de actividades por 24 en el Campus de Resistencia. La misma cuenta con un cronograma de [&hellip;]<\/p>\n","protected":false},"author":4,"featured_media":15578,"comment_status":"closed","ping_status":"closed","sticky":false,"template":"","format":"standard","meta":{"om_disable_all_campaigns":false,"_monsterinsights_skip_tracking":false,"_monsterinsights_sitenote_active":false,"_monsterinsights_sitenote_note":"","_monsterinsights_sitenote_category":0,"footnotes":""},"categories":[95,4],"tags":[4520,328],"class_list":["post-15577","post","type-post","status-publish","format-standard","has-post-thumbnail","hentry","category-informacion-general","category-politica","tag-toma-universidades","tag-unne"],"aioseo_notices":[],"amp_enabled":true,"_links":{"self":[{"href":"https:\/\/diariodigitalnea.com\/index.php\/wp-json\/wp\/v2\/posts\/15577","targetHints":{"allow":["GET"]}}],"collection":[{"href":"https:\/\/diariodigitalnea.com\/index.php\/wp-json\/wp\/v2\/posts"}],"about":[{"href":"https:\/\/diariodigitalnea.com\/index.php\/wp-json\/wp\/v2\/types\/post"}],"author":[{"embeddable":true,"href":"https:\/\/diariodigitalnea.com\/index.php\/wp-json\/wp\/v2\/users\/4"}],"replies":[{"embeddable":true,"href":"https:\/\/diariodigitalnea.com\/index.php\/wp-json\/wp\/v2\/comments?post=15577"}],"version-history":[{"count":1,"href":"https:\/\/diariodigitalnea.com\/index.php\/wp-json\/wp\/v2\/posts\/15577\/revisions"}],"predecessor-version":[{"id":15581,"href":"https:\/\/diariodigitalnea.com\/index.php\/wp-json\/wp\/v2\/posts\/15577\/revisions\/15581"}],"wp:featuredmedia":[{"embeddable":true,"href":"https:\/\/diariodigitalnea.com\/index.php\/wp-json\/wp\/v2\/media\/15578"}],"wp:attachment":[{"href":"https:\/\/diariodigitalnea.com\/index.php\/wp-json\/wp\/v2\/media?parent=15577"}],"wp:term":[{"taxonomy":"category","embeddable":true,"href":"https:\/\/diariodigitalnea.com\/index.php\/wp-json\/wp\/v2\/categories?post=15577"},{"taxonomy":"post_tag","embeddable":true,"href":"https:\/\/diariodigitalnea.com\/index.php\/wp-json\/wp\/v2\/tags?post=15577"}],"curies":[{"name":"wp","href":"https:\/\/api.w.org\/{rel}","templated":true}]}}