{"id":15550,"date":"2024-10-15T16:52:54","date_gmt":"2024-10-15T16:52:54","guid":{"rendered":"https:\/\/diariodigitalnea.com\/?p=15550"},"modified":"2024-10-15T16:52:55","modified_gmt":"2024-10-15T16:52:55","slug":"un-conocido-de-la-familia-la-declaracion-de-laudelina-que-complicaria-a-la-mama-de-loan","status":"publish","type":"post","link":"https:\/\/diariodigitalnea.com\/index.php\/2024\/10\/15\/un-conocido-de-la-familia-la-declaracion-de-laudelina-que-complicaria-a-la-mama-de-loan\/","title":{"rendered":"\u00abUn conocido de la familia\u00bb: la declaraci\u00f3n de Laudelina que complicar\u00eda a la mam\u00e1 de Loan"},"content":{"rendered":"\n<p>La t\u00eda del ni\u00f1o volver\u00e1 a declarar y se espera que sus palabras cambien el curso de la investigaci\u00f3n.<\/p>\n\n\n\n<p>A casi 4 meses de la desaparici\u00f3n de y a pocos d\u00edas de la declaraci\u00f3n de, comenz\u00f3 a filtrarse una nueva versi\u00f3n que podr\u00eda dejar muy mal parada a, madre del ni\u00f1o en cuesti\u00f3n.<\/p>\n\n\n\n<p>Desde Cr\u00f3nica TV expresaron: \u201cHoy se vivi\u00f3 un momento muy tenso, porque el abogado de la familia pidi\u00f3 la detenci\u00f3n de M\u00f3nica Chirivin, letrada de Laudelina. Es raro porque esto sucede justo cuando se anticip\u00f3 que Laudelina mencionar\u00e1 nombres\u201d.<\/p>\n\n\n\n<p>Adem\u00e1s, desde dicha se\u00f1al televisiva agregaron: \u201cLaudelina asegura que tiene datos para acusar a la madre de Loan. Ni m\u00e1s ni menos que a Mar\u00eda Noguera. Y que tiene un dato contundente: que a Loan se llev\u00f3 alguien conocido del menor\u201d.<\/p>\n\n\n\n<p>Vale destacar que el pr\u00f3ximo 17 de octubre Laudelina Pe\u00f1a volver\u00e1 a declarar ante la Justicia. Fue M\u00f3nica Chirivin, su abogada, quien adelant\u00f3: \u00abVa a hacer hincapi\u00e9 en el d\u00eda del hecho, en algunas cosas que ella (la madre de Loan) observ\u00f3 y escuch\u00f3 y vio. Tal vez no le dio importancia porque no pens\u00f3 jam\u00e1s que eso pod\u00eda ser\u00bb.<\/p>\n\n\n\n<p>\u201cAhora, en el transcurso de estos meses, las conductas de distintos actores evidencian que lo que ella escuch\u00f3, vio y percibi\u00f3 no estaba tan equivocada. Y no estoy hablando de El Naranjal, precisamente. Despu\u00e9s de que desaparece el chico\u201d, agreg\u00f3 la abogada de Laudelina.<\/p>\n\n\n\n<p>&nbsp;En esta l\u00ednea, Chirivin agreg\u00f3: \u201c\u00bfPor qu\u00e9 no lo dijo antes? Porque para decir algo, tiene que tener las pruebas. Es decir, como defensa, yo me ocupo de que lo que ella diga, se pueda corroborar\u201d.<\/p>\n\n\n\n<p>Adem\u00e1s, la abogada se refiri\u00f3 a la inesperada visita de Mar\u00eda Noguera a la casa de Macarena, hija de Laudelina, en la cual la madre del ni\u00f1o le rog\u00f3 que le diga a su mam\u00e1 que dijera la verdad.&nbsp; \u201cFue una situaci\u00f3n muy molesta y sobre todo irregular que no se debe pasar por alto\u00bb, dijo Chirivin.<\/p>\n\n\n\n<p>&nbsp;\u00abLa se\u00f1ora Mar\u00eda tiene sus abogados para transmitir sus inquietudes y para preguntar lo que ella quiera. Lo pueden hacer a trav\u00e9s de un escrito\u201d, dijo con seriedad tras este exabrupto.<\/p>\n\n\n\n<p>\u201cExisten menores en esa casa y no deben tener ese tipo de contacto. Cualquier duda de la se\u00f1ora Mar\u00eda podr\u00eda haberla canalizado a trav\u00e9s de la misma Laudelina, que ella dej\u00f3 autorizado para que los parientes pudieran ir a verla y a preguntarle lo que quisieran\u201d, sum\u00f3.<\/p>\n\n\n\n<p>Para finalizar se refiri\u00f3 a la mam\u00e1 del ni\u00f1o desaparecido: \u00abSe contradice, porque ellos mismos son los que est\u00e1n diciendo que estos \u00faltimos 10 detenidos habr\u00edan estado manipulando a los menores. \u00bfY qu\u00e9 es esto de ir a increpar donde hay menores?\u201d.<\/p>\n","protected":false},"excerpt":{"rendered":"<p>La t\u00eda del ni\u00f1o volver\u00e1 a declarar y se espera que sus palabras cambien el curso de la investigaci\u00f3n. A casi 4 meses de la desaparici\u00f3n de y a pocos d\u00edas de la declaraci\u00f3n de, comenz\u00f3 a filtrarse una nueva versi\u00f3n que podr\u00eda dejar muy mal parada a, madre del ni\u00f1o en cuesti\u00f3n. Desde Cr\u00f3nica [&hellip;]<\/p>\n","protected":false},"author":3,"featured_media":15551,"comment_status":"closed","ping_status":"closed","sticky":false,"template":"","format":"standard","meta":{"om_disable_all_campaigns":false,"_monsterinsights_skip_tracking":false,"_monsterinsights_sitenote_active":false,"_monsterinsights_sitenote_note":"","_monsterinsights_sitenote_category":0,"footnotes":""},"categories":[34,52],"tags":[3408,4310,520,4519],"class_list":["post-15550","post","type-post","status-publish","format-standard","has-post-thumbnail","hentry","category-corrientes","category-policiales","tag-busqueda-de-persona","tag-caso-loan","tag-declaraciones","tag-laudelina-pena"],"aioseo_notices":[],"amp_enabled":true,"_links":{"self":[{"href":"https:\/\/diariodigitalnea.com\/index.php\/wp-json\/wp\/v2\/posts\/15550","targetHints":{"allow":["GET"]}}],"collection":[{"href":"https:\/\/diariodigitalnea.com\/index.php\/wp-json\/wp\/v2\/posts"}],"about":[{"href":"https:\/\/diariodigitalnea.com\/index.php\/wp-json\/wp\/v2\/types\/post"}],"author":[{"embeddable":true,"href":"https:\/\/diariodigitalnea.com\/index.php\/wp-json\/wp\/v2\/users\/3"}],"replies":[{"embeddable":true,"href":"https:\/\/diariodigitalnea.com\/index.php\/wp-json\/wp\/v2\/comments?post=15550"}],"version-history":[{"count":1,"href":"https:\/\/diariodigitalnea.com\/index.php\/wp-json\/wp\/v2\/posts\/15550\/revisions"}],"predecessor-version":[{"id":15552,"href":"https:\/\/diariodigitalnea.com\/index.php\/wp-json\/wp\/v2\/posts\/15550\/revisions\/15552"}],"wp:featuredmedia":[{"embeddable":true,"href":"https:\/\/diariodigitalnea.com\/index.php\/wp-json\/wp\/v2\/media\/15551"}],"wp:attachment":[{"href":"https:\/\/diariodigitalnea.com\/index.php\/wp-json\/wp\/v2\/media?parent=15550"}],"wp:term":[{"taxonomy":"category","embeddable":true,"href":"https:\/\/diariodigitalnea.com\/index.php\/wp-json\/wp\/v2\/categories?post=15550"},{"taxonomy":"post_tag","embeddable":true,"href":"https:\/\/diariodigitalnea.com\/index.php\/wp-json\/wp\/v2\/tags?post=15550"}],"curies":[{"name":"wp","href":"https:\/\/api.w.org\/{rel}","templated":true}]}}